{"id":44006,"date":"2011-12-12T11:35:42","date_gmt":"2011-12-12T09:35:42","guid":{"rendered":"http:\/\/www.korhanyilmaz.com\/?p=44006"},"modified":"2011-12-13T04:43:01","modified_gmt":"2011-12-13T02:43:01","slug":"yokte-devir-teslim","status":"publish","type":"post","link":"http:\/\/www.korhanyilmaz.com\/?p=44006","title":{"rendered":"Y\u00d6K&#8217;te devir teslim"},"content":{"rendered":"<p style=\"text-align: center;\"><a href=\"http:\/\/www.korhanyilmaz.com\/wp-content\/uploads\/2011\/12\/8030.jpg\"  class=\"lightview\"><img loading=\"lazy\" decoding=\"async\" class=\"aligncenter  wp-image-44007\" src=\"http:\/\/www.korhanyilmaz.com\/wp-content\/uploads\/2011\/12\/8030.jpg\" alt=\"\" width=\"321\" height=\"208\" \/><\/a><\/p>\n<p style=\"text-align: justify;\">Y\u00fcksek\u00f6\u011fretim Kurulu (Y\u00d6K) Ba\u015fkanl\u0131\u011f\u0131na atanan Prof. Dr. G\u00f6khan \u00c7etinsaya\u2019y\u0131 g\u00f6revi Yusuf Ziya \u00d6zcan\u2019dan teslim ald\u0131.<\/p>\n<p style=\"text-align: justify;\">ANKARA &#8211; Y\u00fcksek\u00f6\u011fretim Kurulu (Y\u00d6K) Ba\u015fkanl\u0131\u011f\u0131na atanan Prof. Dr. G\u00f6khan \u00c7etinsaya\u2019y\u0131 g\u00f6revi Yusuf Ziya \u00d6zcan\u2019dan teslim ald\u0131.<\/p>\n<p style=\"text-align: justify;\">Y\u00d6K Ba\u015fkanl\u0131\u011f\u0131\u2019nda yap\u0131lan devir teslim t\u00f6reninde, Y\u00d6K Ba\u015fkanl\u0131\u011f\u0131ndaki g\u00f6rev s\u00fcresi bug\u00fcn sona eren \u00d6zcan, g\u00f6revi \u00c7etinsaya\u2019ya teslim etti.\u00a0<!--more--><\/p>\n<p style=\"text-align: justify;\">Ankara \u00dcniversitesi Siyasal Bilgiler Fak\u00fcltesi\u2019nden 1985\u2019te mezun olan \u00c7etinsaya, ayn\u0131 fak\u00fcltede y\u00fcksek lisans\u0131n\u0131 tamamlad\u0131. 1994\u2019te University of Manchester Ortado\u011fu Ara\u015ft\u0131rmalar\u0131 B\u00f6l\u00fcm\u00fc\u2019nden doktora unvan\u0131n\u0131 ald\u0131. Hacettepe \u00dcniversitesi \u0130ktisadi \u0130dari Bilimler Fak\u00fcltesi Kamu Y\u00f6netimi B\u00f6l\u00fcm\u00fc\u2019nde ara\u015ft\u0131rma g\u00f6revlisi olarak \u00e7al\u0131\u015ft\u0131. \u00c7etinsaya, 2001 y\u0131l\u0131nda University of London, School of Oriental and African Studies, 2004\u2019te Free University of Berlin, Institute for Turcology ve 2007-2008\u2019te Woodrow Wilson International Center for Scholarsta misafir ara\u015ft\u0131rmac\u0131 olarak \u00e7al\u0131\u015ft\u0131.<\/p>\n<p style=\"text-align: justify;\">Amerika Ortado\u011fu \u00c7al\u0131\u015fmalar\u0131 Cemiyeti (Middle East Studies Association of North America, MESA) 1994 Malcom H. Kerr Sosyal Bilimler Doktora Tez \u00d6d\u00fcl\u00fc Birincili\u011fini kazanan \u00c7etinsaya, \u0130ngiltere Ortado\u011fu \u00c7al\u0131\u015fmalar\u0131 Cemiyeti (British Society for Middle Eastern Studies, BRISMES) 1995 Leigh Douglas En \u0130yi Doktora Tezi \u00d6d\u00fcl\u00fc\u2019n\u00fc de kazand\u0131. \u00c7al\u0131\u015fma alanlar\u0131 aras\u0131nda, Osmanl\u0131 ve Modern T\u00fcrkiye Tarihi (19. ve 20. Y\u00fczy\u0131l), Ortado\u011fu Tarihi ve Siyaseti (19. ve 20. Y\u00fczy\u0131l) ve T\u00fcrk D\u0131\u015f Politikas\u0131 olan \u00c7etinsayan\u0131n ulusal ve uluslararas\u0131 bir\u00e7ok makale ve tebli\u011finin yan\u0131 s\u0131ra Ottoman Administration of Iraq, 1890-1908 adl\u0131 bir kitab\u0131 yay\u0131mland\u0131. \u00c7etinsaya, 2008 y\u0131l\u0131ndan itibaren \u0130stanbul \u015eehir \u00dcniversitesi Rekt\u00f6rl\u00fc\u011f\u00fc g\u00f6revini y\u00fcr\u00fct\u00fcyor.<\/p>\n<p style=\"text-align: justify;\"><a href=\"http:\/\/www.gazeteport.com.tr\/haber\/67814\/yokte_devir_teslim\" target=\"_blank\">Kaynak : GAZETEPORT<\/a><\/p>\n","protected":false},"excerpt":{"rendered":"<p style=\"text-align: center;\">\n<p style=\"text-align: justify;\">Y\u00fcksek\u00f6\u011fretim Kurulu (Y\u00d6K) Ba\u015fkanl\u0131\u011f\u0131na atanan Prof. Dr. G\u00f6khan \u00c7etinsaya\u2019y\u0131 g\u00f6revi Yusuf Ziya \u00d6zcan\u2019dan teslim ald\u0131.<\/p>\n<p style=\"text-align: justify;\">ANKARA &#8211; Y\u00fcksek\u00f6\u011fretim Kurulu (Y\u00d6K) Ba\u015fkanl\u0131\u011f\u0131na atanan Prof. Dr. G\u00f6khan \u00c7etinsaya\u2019y\u0131 g\u00f6revi Yusuf Ziya \u00d6zcan\u2019dan teslim ald\u0131.<\/p>\n<p style=\"text-align: justify;\">Y\u00d6K Ba\u015fkanl\u0131\u011f\u0131\u2019nda yap\u0131lan devir teslim t\u00f6reninde, Y\u00d6K Ba\u015fkanl\u0131\u011f\u0131ndaki g\u00f6rev s\u00fcresi bug\u00fcn sona eren \u00d6zcan, <\/p>\n","protected":false},"author":1,"featured_media":0,"comment_status":"open","ping_status":"open","sticky":false,"template":"","format":"standard","meta":{"footnotes":""},"categories":[105],"tags":[],"class_list":["post-44006","post","type-post","status-publish","format-standard","hentry","category-gundem","odd"],"_links":{"self":[{"href":"http:\/\/www.korhanyilmaz.com\/index.php?rest_route=\/wp\/v2\/posts\/44006","targetHints":{"allow":["GET"]}}],"collection":[{"href":"http:\/\/www.korhanyilmaz.com\/index.php?rest_route=\/wp\/v2\/posts"}],"about":[{"href":"http:\/\/www.korhanyilmaz.com\/index.php?rest_route=\/wp\/v2\/types\/post"}],"author":[{"embeddable":true,"href":"http:\/\/www.korhanyilmaz.com\/index.php?rest_route=\/wp\/v2\/users\/1"}],"replies":[{"embeddable":true,"href":"http:\/\/www.korhanyilmaz.com\/index.php?rest_route=%2Fwp%2Fv2%2Fcomments&post=44006"}],"version-history":[{"count":0,"href":"http:\/\/www.korhanyilmaz.com\/index.php?rest_route=\/wp\/v2\/posts\/44006\/revisions"}],"wp:attachment":[{"href":"http:\/\/www.korhanyilmaz.com\/index.php?rest_route=%2Fwp%2Fv2%2Fmedia&parent=44006"}],"wp:term":[{"taxonomy":"category","embeddable":true,"href":"http:\/\/www.korhanyilmaz.com\/index.php?rest_route=%2Fwp%2Fv2%2Fcategories&post=44006"},{"taxonomy":"post_tag","embeddable":true,"href":"http:\/\/www.korhanyilmaz.com\/index.php?rest_route=%2Fwp%2Fv2%2Ftags&post=44006"}],"curies":[{"name":"wp","href":"https:\/\/api.w.org\/{rel}","templated":true}]}}