{"id":44003,"date":"2011-12-12T11:41:29","date_gmt":"2011-12-12T09:41:29","guid":{"rendered":"http:\/\/www.korhanyilmaz.com\/?p=44003"},"modified":"2011-12-13T04:41:38","modified_gmt":"2011-12-13T02:41:38","slug":"koske-basdanisman-oldu","status":"publish","type":"post","link":"http:\/\/www.korhanyilmaz.com\/?p=44003","title":{"rendered":"K\u00f6\u015fk&#8217;e ba\u015fdan\u0131\u015fman oldu"},"content":{"rendered":"<p style=\"text-align: center;\"><a href=\"http:\/\/www.korhanyilmaz.com\/wp-content\/uploads\/2011\/12\/8029.jpg\"  class=\"lightview\"><img loading=\"lazy\" decoding=\"async\" class=\"aligncenter  wp-image-44004\" src=\"http:\/\/www.korhanyilmaz.com\/wp-content\/uploads\/2011\/12\/8029.jpg\" alt=\"\" width=\"396\" height=\"180\" \/><\/a><\/p>\n<p style=\"text-align: justify;\">Eski Y\u00d6K Ba\u015fkan\u0131 Yusuf Ziya \u00d6zcan, \u00c7ankaya K\u00f6\u015fk\u00fc&#8217;ne ba\u015fdan\u0131\u015fman oldu.<\/p>\n<p style=\"text-align: justify;\">ANKARA- Y\u00d6K Ba\u015fkanl\u0131\u011f\u0131ndaki g\u00f6rev s\u00fcresini tamamlayan Prof. Yusuf Ziya \u00d6zcan, K\u00f6\u015fk\u2019\u00fcn kadrosuna kat\u0131l\u0131yor. Yapaca\u011f\u0131 uygulamalar merakla beklenen yeni ba\u015fkan Prof. G\u00f6khan \u00c7etinsaya\u2019n\u0131n\u2008eski konu\u015fmalar\u0131 baz\u0131 ipu\u00e7lar\u0131n\u0131 veriyor.\u00a0<!--more--><\/p>\n<p style=\"text-align: justify;\">Y\u00d6K Ba\u015fkanl\u0131\u011f\u0131\u2019na 10 Aral\u0131k 2007 tarihinde atanan ve kurumun be\u015finci ba\u015fkan\u0131 olan Prof. Yusuf Ziya \u00d6zcan, 4 y\u0131ll\u0131k g\u00f6rev s\u00fcresini \u00f6nceki g\u00fcn tamamlad\u0131. Cumhurba\u015fkan\u0131 Abdullah G\u00fcl, \u00d6zcan\u2019\u0131n g\u00f6rev s\u00fcresini uzatmad\u0131 ve bu g\u00f6reve \u0130stanbul \u015eehir \u00dcniversitesi Rekt\u00f6r\u00fc Prof. G\u00f6khan \u00c7etinsaya\u2019y\u0131 atad\u0131. \u00d6zcan da g\u00f6reve atand\u0131\u011f\u0131nda \u0130stanbul \u015eehir \u00dcniversitesi\u2019nin m\u00fctevelli heyetindeydi. ODT\u00dc Sosyoloji b\u00f6l\u00fcm\u00fcndeki eski g\u00f6revine d\u00f6nmeyi d\u00fc\u015f\u00fcnen \u00d6zcan\u2019a s\u00fcrpriz bir teklif geldi\u011fi \u00f6\u011frenildi.<\/p>\n<p style=\"text-align: justify;\">Vatan gazetezine bilgi veren kaynaklar, \u00d6zcan\u2019\u0131n yeni g\u00f6revinin \u00f6n\u00fcm\u00fczdeki g\u00fcnlerde a\u00e7\u0131klanaca\u011f\u0131n\u0131 s\u00f6yledi. Y\u00d6K\u2019te bir\u00e7ok yenili\u011fe imza atan ve atanmamas\u0131 \u201cs\u00fcrpriz\u201d olarak yorumlanan \u00d6zcan\u2019\u0131n, Cumhurba\u015fkan\u0131 Abdullah G\u00fcl\u2019\u00fcn Ba\u015fdan\u0131\u015fman\u0131 olaca\u011f\u0131 \u00f6\u011frenildi. Son olarak MB eski Ba\u015fkan\u0131 Durmu\u015f Y\u0131lmaz\u2019\u0131 K\u00f6\u015fk\u2019e alan G\u00fcl\u2019\u00fcn 5 ba\u015fdan\u0131\u015fman\u0131 bulunuyor. \u00d6zcan, Abdullah G\u00fcl\u2019\u00fcn e\u011fitim ve y\u00fcksek\u00f6\u011fretim alanlar\u0131ndaki ba\u015fdan\u0131\u015fman\u0131 olacak.<\/p>\n<p style=\"text-align: justify;\"><strong>DAVUTO\u011eLU S\u00d6YLED\u0130<\/strong><\/p>\n<p style=\"text-align: justify;\">\u00d6zcan\u2019\u0131n ge\u00e7ti\u011fimiz hafta D\u0131\u015fi\u015fleri Bakan\u0131 Ahmet Davuto\u011flu ile kahvalt\u0131da bir araya geldi\u011fi ve Y\u00d6K Ba\u015fkanl\u0131\u011f\u0131\u2019na \u00c7etinsaya\u2019n\u0131n atanaca\u011f\u0131n\u0131 burada \u00f6\u011frendi\u011fi ifade edildi. \u00d6zcan\u2019\u0131n yak\u0131n \u00e7evresine, \u201cCumhurba\u015fkan\u0131m\u0131z\u0131n takdiri. 4 y\u0131l olduk\u00e7a uyumlu \u00e7al\u0131\u015ft\u0131k. Tek \u00fcz\u00fcnt\u00fcm, daha yapmay\u0131 planlad\u0131\u011f\u0131m, bitmemi\u015f projelerim vard\u0131. Art\u0131k bunlar\u0131 yeni ba\u015fkan\u0131m\u0131z tamamlayacak\u201d dedi\u011fi \u00f6\u011frenildi. Y\u00d6K\u2019\u00fcn Yeni Ba\u015fkan\u0131 \u00c7etinsaya: \u00dcniversitelerde tablo i\u00e7 a\u00e7\u0131c\u0131 de\u011fil ama umudumuz var.<\/p>\n<p style=\"text-align: justify;\">Bu hafta Y\u00d6K\u2019teki ba\u015fkanl\u0131k koltu\u011funa oturmas\u0131 beklenen Prof. \u00c7etinsaya, ge\u00e7ti\u011fimiz y\u0131l TRT\u2019de kat\u0131ld\u0131\u011f\u0131 bir programda \u00fcniversitelere ili\u015fkin de\u011ferlendirmeler de yapm\u0131\u015ft\u0131. \u00c7etinsaya\u2019n\u0131n bu programdaki de\u011ferlendirmesi \u015f\u00f6yle:<\/p>\n<p style=\"text-align: justify;\">YEN\u0130 MODEL: \u00dcniversitelerin iki temel i\u015flevi var; e\u011fitim ve ara\u015ft\u0131rma. \u00dclkemizde devlet \u00fcniversitelerinin ve vak\u0131f \u00fcniversitelerinin farkl\u0131 durumu var. Bir elin parmaklar\u0131n\u0131 a\u015fmayacak kadar \u00fcniversitede bu basetti\u011fim aray\u0131\u015flar var. Tablo i\u00e7 ac\u0131c\u0131 de\u011fil ama umutluyuz. Bir sosyolo\u011fu ele al\u0131n. Alan ara\u015ft\u0131rmas\u0131 yapacak durum yok. 50\u2019ler, 80\u2019ler, G\u00fcneydo\u011fu, PKK derken sosyolo\u011fun ara\u015ft\u0131rma yapacak ortam\u0131 T\u00fcrkiye\u2019nin mevcut meselelerini analiz edecek bir ortam\u0131 dahi bile yoktu. Ankara SBF\u2019yi bitirdim. Kaymakam ve vali olmak i\u00e7in yeti\u015ftirildik, ama itiraf etmeliyim ki 80\u2019lerde Ermeni meselesi \u00f6\u011fretilmedi.<\/p>\n<p style=\"text-align: justify;\">G\u00fcneydo\u011fu meselesi, T\u00fcrkiye\u2019nin mezhepsel yap\u0131lar\u0131 \u00f6\u011fretilmedi. Bizden gizlendi bunlar. Bilin\u00e7li de\u011fil ama \u00f6yle bir k\u00fclt\u00fcr var. Yeni sosyal bilim ara\u015ft\u0131rmalar\u0131 ile ufuklar a\u00e7\u0131lmal\u0131. \u0130ngiltere\u2019de doktora yapt\u0131m, ABD\u2019de \u00e7al\u0131\u015ft\u0131m&#8230; Belli standartlara g\u00f6re \u00fcniversiteleri s\u0131n\u0131fland\u0131r\u0131lm\u0131\u015flar. Belli standart olmal\u0131. A standart\u0131, B standart\u0131, C standart\u0131 olmal\u0131. Bu rencide edici de\u011fil. Herkes \u2018A \u00fcniversitesi olacaks\u0131n\u2019 dersen, sorun \u00e7\u0131k\u0131yor, yaz\u0131k oluyor. C \u00fcniversitesi hedefi koyar, oraya ula\u015f\u0131nca B olmaya \u00e7al\u0131\u015f\u0131r. \u0130ngiltere ve ABD\u2019de bunu ba\u015farm\u0131\u015flar.<\/p>\n<p style=\"text-align: justify;\"><a href=\"http:\/\/www.gazeteport.com.tr\/haber\/67760\/koske_basdanisman_oldu\" target=\"_blank\">Kaynak : GAZETEPORT<\/a><\/p>\n","protected":false},"excerpt":{"rendered":"<p style=\"text-align: center;\">\n<p style=\"text-align: justify;\">Eski Y\u00d6K Ba\u015fkan\u0131 Yusuf Ziya \u00d6zcan, \u00c7ankaya K\u00f6\u015fk\u00fc&#8217;ne ba\u015fdan\u0131\u015fman oldu.<\/p>\n<p style=\"text-align: justify;\">ANKARA- Y\u00d6K Ba\u015fkanl\u0131\u011f\u0131ndaki g\u00f6rev s\u00fcresini tamamlayan Prof. Yusuf Ziya \u00d6zcan, K\u00f6\u015fk\u2019\u00fcn kadrosuna kat\u0131l\u0131yor. Yapaca\u011f\u0131 uygulamalar merakla beklenen yeni ba\u015fkan Prof. G\u00f6khan \u00c7etinsaya\u2019n\u0131n eski konu\u015fmalar\u0131 baz\u0131 ipu\u00e7lar\u0131n\u0131 veriyor. <\/p>\n","protected":false},"author":1,"featured_media":0,"comment_status":"open","ping_status":"open","sticky":false,"template":"","format":"standard","meta":{"footnotes":""},"categories":[105],"tags":[],"class_list":["post-44003","post","type-post","status-publish","format-standard","hentry","category-gundem","odd"],"_links":{"self":[{"href":"http:\/\/www.korhanyilmaz.com\/index.php?rest_route=\/wp\/v2\/posts\/44003","targetHints":{"allow":["GET"]}}],"collection":[{"href":"http:\/\/www.korhanyilmaz.com\/index.php?rest_route=\/wp\/v2\/posts"}],"about":[{"href":"http:\/\/www.korhanyilmaz.com\/index.php?rest_route=\/wp\/v2\/types\/post"}],"author":[{"embeddable":true,"href":"http:\/\/www.korhanyilmaz.com\/index.php?rest_route=\/wp\/v2\/users\/1"}],"replies":[{"embeddable":true,"href":"http:\/\/www.korhanyilmaz.com\/index.php?rest_route=%2Fwp%2Fv2%2Fcomments&post=44003"}],"version-history":[{"count":0,"href":"http:\/\/www.korhanyilmaz.com\/index.php?rest_route=\/wp\/v2\/posts\/44003\/revisions"}],"wp:attachment":[{"href":"http:\/\/www.korhanyilmaz.com\/index.php?rest_route=%2Fwp%2Fv2%2Fmedia&parent=44003"}],"wp:term":[{"taxonomy":"category","embeddable":true,"href":"http:\/\/www.korhanyilmaz.com\/index.php?rest_route=%2Fwp%2Fv2%2Fcategories&post=44003"},{"taxonomy":"post_tag","embeddable":true,"href":"http:\/\/www.korhanyilmaz.com\/index.php?rest_route=%2Fwp%2Fv2%2Ftags&post=44003"}],"curies":[{"name":"wp","href":"https:\/\/api.w.org\/{rel}","templated":true}]}}