{"id":43999,"date":"2011-12-11T17:28:00","date_gmt":"2011-12-11T15:28:00","guid":{"rendered":"http:\/\/www.korhanyilmaz.com\/?p=43999"},"modified":"2011-12-13T04:31:57","modified_gmt":"2011-12-13T02:31:57","slug":"yardimlari-neden-imamlar-dagitiyor","status":"publish","type":"post","link":"http:\/\/www.korhanyilmaz.com\/?p=43999","title":{"rendered":"Yard\u0131mlar\u0131 neden imamlar da\u011f\u0131t\u0131yor?"},"content":{"rendered":"<p style=\"text-align: center;\"><a href=\"http:\/\/www.korhanyilmaz.com\/wp-content\/uploads\/2011\/12\/8028.jpg\"  class=\"lightview\"><img loading=\"lazy\" decoding=\"async\" class=\"aligncenter  wp-image-44000\" src=\"http:\/\/www.korhanyilmaz.com\/wp-content\/uploads\/2011\/12\/8028.jpg\" alt=\"\" width=\"300\" height=\"225\" \/><\/a><\/p>\n<p style=\"text-align: justify;\">Van merkezde depremin ilk haftas\u0131ndan itibaren yard\u0131mlar\u0131 da\u011f\u0131tma g\u00f6revi muhtarl\u0131klardan al\u0131n\u0131p m\u00fcft\u00fcl\u00fcklere verilmi\u015f durumda. Yani, k\u00f6ylere ve mahallelere gelen yard\u0131mlar\u0131, \u00f6zellikle de g\u0131da yard\u0131mlar\u0131n\u0131 halk\u0131n se\u00e7ti\u011fi muhtarlar de\u011fil, m\u00fcft\u00fcl\u00fcklerin g\u00f6revlendirdi\u011fi imamlar da\u011f\u0131t\u0131yor. Yard\u0131mlar\u0131n adaletsiz da\u011f\u0131t\u0131ld\u0131\u011f\u0131, AKP yanl\u0131lar\u0131na daha fazla yard\u0131m verildi\u011fi iddialar\u0131 s\u0131k s\u0131k g\u00fcndeme gelirken, bu durum ak\u0131llara \u015fu sorular\u0131 getiriyor: Neden yard\u0131mlar\u0131 da\u011f\u0131tma g\u00f6revi muhtarlardan al\u0131narak imamlara verildi? \u0130mamlar bu g\u00f6revi ne kadar yerine getirebiliyor? Yard\u0131mlar\u0131n adaletsiz da\u011f\u0131t\u0131m\u0131nda bu uygulaman\u0131n da etkisi olabilir mi?\u00a0<!--more--><\/p>\n<p style=\"text-align: justify;\"><strong>CEMAAT \u0130L\u0130\u015eK\u0130LER\u0130N\u0130 G\u00d6ZET\u0130YORLAR<\/strong><\/p>\n<p style=\"text-align: justify;\">BDP Van Milletvekili \u00d6zdal \u00dc\u00e7er, yard\u0131mlar\u0131 da\u011f\u0131tma g\u00f6revinin imamlara verilmesinin nedenini \u201cS\u00f6z\u00fcm ona imamlar\u0131n daha adil olaca\u011f\u0131n\u0131 d\u00fc\u015f\u00fcn\u00fcyorlar\u201d s\u00f6zleriyle a\u00e7\u0131klad\u0131. Muhtarlar\u0131n toplum taraf\u0131ndan se\u00e7ildi\u011fine, imamlar\u0131nsa atand\u0131\u011f\u0131na dikkat \u00e7eken \u00dc\u00e7er, uygulaman\u0131n depremin ilk haftas\u0131nda Valilik eliyle ba\u015flat\u0131ld\u0131\u011f\u0131n\u0131 belirtti. \u00dc\u00e7er, \u015f\u00f6yle dedi: \u201cValilik, yard\u0131mlar\u0131n da\u011f\u0131t\u0131lmaya ba\u015fland\u0131\u011f\u0131 ilk g\u00fcnden beri AKP \u0130l Ba\u015fkan\u0131 gibi \u00e7al\u0131\u015f\u0131yor, AKP politikalar\u0131n\u0131 uygulamak gibi bir sorumluluk \u00fcstlenerek yard\u0131mlar\u0131 da\u011f\u0131t\u0131yor. M\u00fcft\u00fcl\u00fck eliyle y\u00fcr\u00fct\u00fclen yard\u0131m \u00e7al\u0131\u015fmalar\u0131 da, onlar\u0131n cemaat ili\u015fkileri, cemaat faaliyetleri i\u00e7erisinde yard\u0131m yapmay\u0131 hedefleyen bir \u00e7al\u0131\u015fma.\u201d<\/p>\n<p style=\"text-align: justify;\"><strong>\u00c7OK B\u00dcY\u00dcK \u015eA\u0130BELER VAR<\/strong><\/p>\n<p style=\"text-align: justify;\">Yard\u0131mlar\u0131n imamlar eliyle da\u011f\u0131t\u0131lmas\u0131 uygulamas\u0131n\u0131n \u00e7o\u011funlukla merkezde ve merkeze ba\u011fl\u0131 k\u00f6ylerde uyguland\u0131\u011f\u0131n\u0131 s\u00f6yleyen \u00dc\u00e7er, di\u011fer k\u00f6ylerde muhtarlar\u0131n daha aktif oldu\u011funu ifade etti. \u201cBu uygulama, adaletsizli\u011fin sadece bir boyutu\u201d diyen \u00dc\u00e7er, \u015f\u00f6yle devam etti: \u201cNe yard\u0131m gelmi\u015f, kime da\u011f\u0131t\u0131lm\u0131\u015f, ihtiya\u00e7 belirleme neye g\u00f6re yap\u0131l\u0131yor, yard\u0131mlar ne kadar teslim ediliyor, kayd\u0131 tutuluyor mu? T\u00fcm bunlarla ilgili \u00e7ok b\u00fcy\u00fck \u015faibeler var.\u201d<\/p>\n<p style=\"text-align: justify;\">Muhtarlar\u0131n depremden bir s\u00fcre sonra valiye tepki g\u00f6sterdi\u011fini, hatta toplu \u015fekilde istifa etme noktas\u0131na geldi\u011fini de an\u0131msatan \u00dc\u00e7er, \u201cValilik buna ra\u011fmen bildi\u011fini okumay\u0131 s\u00fcrd\u00fcrd\u00fc\u201d dedi.<\/p>\n<p style=\"text-align: justify;\"><strong>MAHALLEM\u0130 BENDEN \u0130Y\u0130 K\u0130MSE B\u0130LEMEZ<\/strong><\/p>\n<p style=\"text-align: justify;\">Van Muhtarlar Derne\u011fi Ba\u015fkan\u0131 Temez Demez, uygulaman\u0131n gerek\u00e7esini \u015f\u00f6yle a\u00e7\u0131klad\u0131: \u201cDediler ki, imam daha \u015feffaft\u0131r. Her mahallede 4-5 cami var, ama yaln\u0131z bir muhtarl\u0131k var. O y\u00fczden bu g\u00f6rev imamlara verildi.\u201d<\/p>\n<p style=\"text-align: justify;\">30 y\u0131ld\u0131r ayn\u0131 mahallede oturdu\u011funu, 15 y\u0131ld\u0131r da muhtarl\u0131k yapt\u0131\u011f\u0131n\u0131 dile getiren Demez, \u201c\u015eu anda T\u00fcrkiye\u2019de hi\u00e7 kimse benim mahallemi benim kadar iyi tan\u0131yamaz. Kimin neyi var, neyi yok, \u00e7ok iyi biliyorum. Birebir g\u00f6r\u00fc\u015f\u00fcyorum insanlarla, evlerine gidiyorum, durumlar\u0131n\u0131 inceliyorum. \u0130mam\u0131n \u00f6yle de\u011fil, onun belli bir cemaati var. Onlar etraflar\u0131n\u0131 bilirler sadece. Ama muhtarlar tamam\u0131n\u0131 bilir\u201d diye konu\u015ftu.<\/p>\n<p style=\"text-align: justify;\"><strong>HER MAHALLEDE KR\u0130Z MASASI BULUNMALIYDI<\/strong><\/p>\n<p style=\"text-align: justify;\">Deprem sonras\u0131 \u00e7al\u0131\u015fmalarda sivil toplum kurulu\u015flar\u0131n\u0131n devre d\u0131\u015f\u0131 b\u0131rak\u0131ld\u0131\u011f\u0131n\u0131 s\u00f6yleyen Demez, bu durumun \u00e7ok ciddi s\u0131k\u0131nt\u0131lara neden oldu\u011funu da anlatt\u0131: \u201cSivil toplum kurulu\u015flar\u0131 halk\u0131n nabz\u0131n\u0131 iyi tutan kurulu\u015flard\u0131r. Onlar devre d\u0131\u015f\u0131 kal\u0131nca haramiler ortaya \u00e7\u0131kt\u0131. Ya\u011fmalar vs. ho\u015f olmayan manzaralar oldu. Polis barikat\u0131n\u0131 a\u015famayan binlerce insan yard\u0131mlara ula\u015famad\u0131. Biz defalarca ifade ettik ama dikkate al\u0131nmad\u0131k. Bir tane beyaz masa kuruldu. Oysa her mahallede bir kriz masas\u0131 kurulmal\u0131yd\u0131. Bu yap\u0131lsayd\u0131, muhtarlarla birlikte, yard\u0131mlar \u00e7ok daha adil ve \u015feffaf bi\u00e7imde da\u011f\u0131t\u0131l\u0131rd\u0131. Siyasi partilerin de yard\u0131mlar\u0131n da\u011f\u0131t\u0131m\u0131nda bu kadar \u00f6n planda olmamas\u0131 gerekirdi.\u201d<\/p>\n<p style=\"text-align: justify;\"><span style=\"color: #993300;\"><strong>K\u0130M NE DED\u0130?\u00a0<\/strong><\/span><\/p>\n<p style=\"text-align: justify;\"><strong>\u0130mam ne yapaca\u011f\u0131n\u0131 bana soruyor\u00a0<\/strong><\/p>\n<p style=\"text-align: justify;\"><span style=\"text-decoration: underline;\">Bardak\u00e7\u0131 K\u00f6y\u00fc Muhtar\u0131 Tevfik U\u00e7ar:<\/span> G\u0131day\u0131 imamlar da\u011f\u0131t\u0131yorlar. Ama muhtar\u0131 halk se\u00e7mi\u015f, imam\u0131 se\u00e7memi\u015f ki. Benim k\u00f6y\u00fcm 200 hanedir, imam kimi bilir? Kim zengin, kim fakir, herkesi muhtar biliyor. Ama g\u00f6revi imama vermi\u015fler. \u0130mam geliyor, bana soruyor, ne yapaca\u011f\u0131z diye.<\/p>\n<p style=\"text-align: justify;\"><span style=\"text-decoration: underline;\">Ar\u0131su K\u00f6y\u00fc Muhtar\u0131 Sabri Yi\u011fit:<\/span> B\u00f6yle bir karar verilmi\u015fti, ama bizim imam bir ay izin alm\u0131\u015f, memleketine gitmi\u015f. Yard\u0131mlar\u0131 biz da\u011f\u0131t\u0131yoruz. \u0130mam da\u011f\u0131t\u0131rsa huzursuzluk olur, muhtar bilir herkesi. Uygulamay\u0131 yanl\u0131\u015f buluyorum.<\/p>\n<p style=\"text-align: justify;\"><span style=\"text-decoration: underline;\">Alak\u00f6y K\u00f6y\u00fc Muhtar\u0131 Ra\u011f\u0131p \u00c7i\u00e7ekel:<\/span> Bizim k\u00f6y i\u00e7in imam g\u00f6revlendirilmedi. Yard\u0131mlar\u0131 biz da\u011f\u0131t\u0131yoruz. M\u00fcft\u00fcl\u00fck \u015fehir merkezine g\u00f6revlendirmi\u015f imam\u0131, ama sorun ya\u015fad\u0131\u011f\u0131 i\u00e7in gitmemi\u015f imam.<\/p>\n<p style=\"text-align: justify;\"><a href=\"Van merkezde depremin ilk haftas\u0131ndan itibaren yard\u0131mlar\u0131 da\u011f\u0131tma g\u00f6revi muhtarl\u0131klardan al\u0131n\u0131p m\u00fcft\u00fcl\u00fcklere verilmi\u015f durumda. Yani, k\u00f6ylere ve mahallelere gelen yard\u0131mlar\u0131, \u00f6zellikle de g\u0131da yard\u0131mlar\u0131n\u0131 halk\u0131n se\u00e7ti\u011fi muhtarlar de\u011fil, m\u00fcft\u00fcl\u00fcklerin g\u00f6revlendirdi\u011fi imamlar da\u011f\u0131t\u0131yor. Yard\u0131mlar\u0131n adaletsiz da\u011f\u0131t\u0131ld\u0131\u011f\u0131, AKP yanl\u0131lar\u0131na daha fazla yard\u0131m verildi\u011fi iddialar\u0131 s\u0131k s\u0131k g\u00fcndeme gelirken, bu durum ak\u0131llara \u015fu sorular\u0131 getiriyor: Neden yard\u0131mlar\u0131 da\u011f\u0131tma g\u00f6revi muhtarlardan al\u0131narak imamlara verildi? \u0130mamlar bu g\u00f6revi ne kadar yerine getirebiliyor? Yard\u0131mlar\u0131n adaletsiz da\u011f\u0131t\u0131m\u0131nda bu uygulaman\u0131n da etkisi olabilir mi?  CEMAAT \u0130L\u0130\u015eK\u0130LER\u0130N\u0130 G\u00d6ZET\u0130YORLAR BDP Van Milletvekili \u00d6zdal \u00dc\u00e7er, yard\u0131mlar\u0131 da\u011f\u0131tma g\u00f6revinin imamlara verilmesinin nedenini \u201cS\u00f6z\u00fcm ona imamlar\u0131n daha adil olaca\u011f\u0131n\u0131 d\u00fc\u015f\u00fcn\u00fcyorlar\u201d s\u00f6zleriyle a\u00e7\u0131klad\u0131. Muhtarlar\u0131n toplum taraf\u0131ndan se\u00e7ildi\u011fine, imamlar\u0131nsa atand\u0131\u011f\u0131na dikkat \u00e7eken \u00dc\u00e7er, uygulaman\u0131n depremin ilk haftas\u0131nda Valilik eliyle ba\u015flat\u0131ld\u0131\u011f\u0131n\u0131 belirtti. \u00dc\u00e7er, \u015f\u00f6yle dedi: \u201cValilik, yard\u0131mlar\u0131n da\u011f\u0131t\u0131lmaya ba\u015fland\u0131\u011f\u0131 ilk g\u00fcnden beri AKP \u0130l Ba\u015fkan\u0131 gibi \u00e7al\u0131\u015f\u0131yor, AKP politikalar\u0131n\u0131 uygulamak gibi bir sorumluluk \u00fcstlenerek yard\u0131mlar\u0131 da\u011f\u0131t\u0131yor. M\u00fcft\u00fcl\u00fck eliyle y\u00fcr\u00fct\u00fclen yard\u0131m \u00e7al\u0131\u015fmalar\u0131 da, onlar\u0131n cemaat ili\u015fkileri, cemaat faaliyetleri i\u00e7erisinde yard\u0131m yapmay\u0131 hedefleyen bir \u00e7al\u0131\u015fma.\u201d  \u00c7OK B\u00dcY\u00dcK \u015eA\u0130BELER VAR Yard\u0131mlar\u0131n imamlar eliyle da\u011f\u0131t\u0131lmas\u0131 uygulamas\u0131n\u0131n \u00e7o\u011funlukla merkezde ve merkeze ba\u011fl\u0131 k\u00f6ylerde uyguland\u0131\u011f\u0131n\u0131 s\u00f6yleyen \u00dc\u00e7er, di\u011fer k\u00f6ylerde muhtarlar\u0131n daha aktif oldu\u011funu ifade etti. \u201cBu uygulama, adaletsizli\u011fin sadece bir boyutu\u201d diyen \u00dc\u00e7er, \u015f\u00f6yle devam etti: \u201cNe yard\u0131m gelmi\u015f, kime da\u011f\u0131t\u0131lm\u0131\u015f, ihtiya\u00e7 belirleme neye g\u00f6re yap\u0131l\u0131yor, yard\u0131mlar ne kadar teslim ediliyor, kayd\u0131 tutuluyor mu? T\u00fcm bunlarla ilgili \u00e7ok b\u00fcy\u00fck \u015faibeler var.\u201d Muhtarlar\u0131n depremden bir s\u00fcre sonra valiye tepki g\u00f6sterdi\u011fini, hatta toplu \u015fekilde istifa etme noktas\u0131na geldi\u011fini de an\u0131msatan \u00dc\u00e7er, \u201cValilik buna ra\u011fmen bildi\u011fini okumay\u0131 s\u00fcrd\u00fcrd\u00fc\u201d dedi.  MAHALLEM\u0130 BENDEN \u0130Y\u0130 K\u0130MSE B\u0130LEMEZ Van Muhtarlar Derne\u011fi Ba\u015fkan\u0131 Temez Demez, uygulaman\u0131n gerek\u00e7esini \u015f\u00f6yle a\u00e7\u0131klad\u0131: \u201cDediler ki, imam daha \u015feffaft\u0131r. Her mahallede 4-5 cami var, ama yaln\u0131z bir muhtarl\u0131k var. O y\u00fczden bu g\u00f6rev imamlara verildi.\u201d  30 y\u0131ld\u0131r ayn\u0131 mahallede oturdu\u011funu, 15 y\u0131ld\u0131r da muhtarl\u0131k yapt\u0131\u011f\u0131n\u0131 dile getiren Demez, \u201c\u015eu anda T\u00fcrkiye\u2019de hi\u00e7 kimse benim mahallemi benim kadar iyi tan\u0131yamaz. Kimin neyi var, neyi yok, \u00e7ok iyi biliyorum. Birebir g\u00f6r\u00fc\u015f\u00fcyorum insanlarla, evlerine gidiyorum, durumlar\u0131n\u0131 inceliyorum. \u0130mam\u0131n \u00f6yle de\u011fil, onun belli bir cemaati var. Onlar etraflar\u0131n\u0131 bilirler sadece. Ama muhtarlar tamam\u0131n\u0131 bilir\u201d diye konu\u015ftu.  HER MAHALLEDE KR\u0130Z MASASI BULUNMALIYDI Deprem sonras\u0131 \u00e7al\u0131\u015fmalarda sivil toplum kurulu\u015flar\u0131n\u0131n devre d\u0131\u015f\u0131 b\u0131rak\u0131ld\u0131\u011f\u0131n\u0131 s\u00f6yleyen Demez, bu durumun \u00e7ok ciddi s\u0131k\u0131nt\u0131lara neden oldu\u011funu da anlatt\u0131: \u201cSivil toplum kurulu\u015flar\u0131 halk\u0131n nabz\u0131n\u0131 iyi tutan kurulu\u015flard\u0131r. Onlar devre d\u0131\u015f\u0131 kal\u0131nca haramiler ortaya \u00e7\u0131kt\u0131. Ya\u011fmalar vs. ho\u015f olmayan manzaralar oldu. Polis barikat\u0131n\u0131 a\u015famayan binlerce insan yard\u0131mlara ula\u015famad\u0131. Biz defalarca ifade ettik ama dikkate al\u0131nmad\u0131k. Bir tane beyaz masa kuruldu. Oysa her mahallede bir kriz masas\u0131 kurulmal\u0131yd\u0131. Bu yap\u0131lsayd\u0131, muhtarlarla birlikte, yard\u0131mlar \u00e7ok daha adil ve \u015feffaf bi\u00e7imde da\u011f\u0131t\u0131l\u0131rd\u0131. Siyasi partilerin de yard\u0131mlar\u0131n da\u011f\u0131t\u0131m\u0131nda bu kadar \u00f6n planda olmamas\u0131 gerekirdi.\u201d    K\u0130M NE DED\u0130?  \u0130mam ne yapaca\u011f\u0131n\u0131 bana soruyor   Bardak\u00e7\u0131 K\u00f6y\u00fc Muhtar\u0131 Tevfik U\u00e7ar: G\u0131day\u0131 imamlar da\u011f\u0131t\u0131yorlar. Ama muhtar\u0131 halk se\u00e7mi\u015f, imam\u0131 se\u00e7memi\u015f ki. Benim k\u00f6y\u00fcm 200 hanedir, imam kimi bilir? Kim zengin, kim fakir, herkesi muhtar biliyor. Ama g\u00f6revi imama vermi\u015fler. \u0130mam geliyor, bana soruyor, ne yapaca\u011f\u0131z diye.  Ar\u0131su K\u00f6y\u00fc Muhtar\u0131 Sabri Yi\u011fit: B\u00f6yle bir karar verilmi\u015fti, ama bizim imam bir ay izin alm\u0131\u015f, memleketine gitmi\u015f. Yard\u0131mlar\u0131 biz da\u011f\u0131t\u0131yoruz. \u0130mam da\u011f\u0131t\u0131rsa huzursuzluk olur, muhtar bilir herkesi. Uygulamay\u0131 yanl\u0131\u015f buluyorum.  Alak\u00f6y K\u00f6y\u00fc Muhtar\u0131 Ra\u011f\u0131p \u00c7i\u00e7ekel: Bizim k\u00f6y i\u00e7in imam g\u00f6revlendirilmedi. Yard\u0131mlar\u0131 biz da\u011f\u0131t\u0131yoruz. M\u00fcft\u00fcl\u00fck \u015fehir merkezine g\u00f6revlendirmi\u015f imam\u0131, ama sorun ya\u015fad\u0131\u011f\u0131 i\u00e7in gitmemi\u015f imam.\" target=\"_blank\">Kaynak : Sevgim Denizalt\u0131 &#8211; B\u0130RG\u00dcN<\/a><\/p>\n","protected":false},"excerpt":{"rendered":"<p style=\"text-align: center;\">\n<p style=\"text-align: justify;\">Van merkezde depremin ilk haftas\u0131ndan itibaren yard\u0131mlar\u0131 da\u011f\u0131tma g\u00f6revi muhtarl\u0131klardan al\u0131n\u0131p m\u00fcft\u00fcl\u00fcklere verilmi\u015f durumda. Yani, k\u00f6ylere ve mahallelere gelen yard\u0131mlar\u0131, \u00f6zellikle de g\u0131da yard\u0131mlar\u0131n\u0131 halk\u0131n se\u00e7ti\u011fi muhtarlar de\u011fil, m\u00fcft\u00fcl\u00fcklerin g\u00f6revlendirdi\u011fi imamlar da\u011f\u0131t\u0131yor. Yard\u0131mlar\u0131n adaletsiz da\u011f\u0131t\u0131ld\u0131\u011f\u0131, AKP yanl\u0131lar\u0131na daha fazla yard\u0131m verildi\u011fi iddialar\u0131 s\u0131k s\u0131k g\u00fcndeme gelirken, bu durum ak\u0131llara \u015fu <\/p>\n","protected":false},"author":1,"featured_media":0,"comment_status":"open","ping_status":"open","sticky":false,"template":"","format":"standard","meta":{"footnotes":""},"categories":[105],"tags":[],"class_list":["post-43999","post","type-post","status-publish","format-standard","hentry","category-gundem","odd"],"_links":{"self":[{"href":"http:\/\/www.korhanyilmaz.com\/index.php?rest_route=\/wp\/v2\/posts\/43999","targetHints":{"allow":["GET"]}}],"collection":[{"href":"http:\/\/www.korhanyilmaz.com\/index.php?rest_route=\/wp\/v2\/posts"}],"about":[{"href":"http:\/\/www.korhanyilmaz.com\/index.php?rest_route=\/wp\/v2\/types\/post"}],"author":[{"embeddable":true,"href":"http:\/\/www.korhanyilmaz.com\/index.php?rest_route=\/wp\/v2\/users\/1"}],"replies":[{"embeddable":true,"href":"http:\/\/www.korhanyilmaz.com\/index.php?rest_route=%2Fwp%2Fv2%2Fcomments&post=43999"}],"version-history":[{"count":0,"href":"http:\/\/www.korhanyilmaz.com\/index.php?rest_route=\/wp\/v2\/posts\/43999\/revisions"}],"wp:attachment":[{"href":"http:\/\/www.korhanyilmaz.com\/index.php?rest_route=%2Fwp%2Fv2%2Fmedia&parent=43999"}],"wp:term":[{"taxonomy":"category","embeddable":true,"href":"http:\/\/www.korhanyilmaz.com\/index.php?rest_route=%2Fwp%2Fv2%2Fcategories&post=43999"},{"taxonomy":"post_tag","embeddable":true,"href":"http:\/\/www.korhanyilmaz.com\/index.php?rest_route=%2Fwp%2Fv2%2Ftags&post=43999"}],"curies":[{"name":"wp","href":"https:\/\/api.w.org\/{rel}","templated":true}]}}