{"id":43995,"date":"2011-12-11T13:22:36","date_gmt":"2011-12-11T11:22:36","guid":{"rendered":"http:\/\/www.korhanyilmaz.com\/?p=43995"},"modified":"2011-12-13T04:25:06","modified_gmt":"2011-12-13T02:25:06","slug":"28-subatta-liderini-satan-bir-partiden-baska-turlusu-beklenemezdi","status":"publish","type":"post","link":"http:\/\/www.korhanyilmaz.com\/?p=43995","title":{"rendered":"&#8217;28 \u015eubat&#8217;ta liderini satan bir partiden ba\u015fka t\u00fcrl\u00fcs\u00fc beklenemezdi&#8217;"},"content":{"rendered":"<p style=\"text-align: center;\"><a href=\"http:\/\/www.korhanyilmaz.com\/wp-content\/uploads\/2011\/12\/1323601137.jpg\"  class=\"lightview\"><img loading=\"lazy\" decoding=\"async\" class=\"aligncenter  wp-image-43996\" src=\"http:\/\/www.korhanyilmaz.com\/wp-content\/uploads\/2011\/12\/1323601137.jpg\" alt=\"\" width=\"336\" height=\"230\" \/><\/a><\/p>\n<p style=\"text-align: justify;\">BDP E\u015f Genel Ba\u015fkan\u0131 Selahattin Demirta\u015f, &#8220;AKP&#8217;nin kullanacak kredisi kalmam\u0131\u015ft\u0131r. AKP b\u00fcy\u00fck oynam\u0131\u015ft\u0131r, bu saatten sonra kaybeden de b\u00fcy\u00fck kaybedecektir&#8221; dedi.<\/p>\n<p style=\"text-align: justify;\">BDP Kad\u0131k\u00f6y \u0130l\u00e7e \u00d6rg\u00fct\u00fc taraf\u0131ndan Bostanc\u0131 Yadinbey Restaurant&#8217;ta d\u00fcn gece dayan\u0131\u015fma yeme\u011fi d\u00fczenlendi. BDP E\u015f Genel Ba\u015fkan\u0131 Selahattin Demirta\u015f, milletvekilleri Sebahat Tuncel ve Nazmi G\u00fcr ile \u0130l E\u015fba\u015fkan\u0131 Asiye Kol\u00e7ak, PM \u00fcyeleri Mehmet Durmaz, \u00d6mer A\u011f\u0131n ve H\u00fcseyin G\u00fcng\u00f6r&#8217;\u00fcn yan\u0131 s\u0131ra KESK Genel Ba\u015fkan\u0131 Lami \u00d6zgen ile EHP, D\u0130P, EMEP gibi siyasi partilerin temsilcileri gecede yer ald\u0131.\u00a0<!--more--><\/p>\n<p style=\"text-align: justify;\"><strong>\u2018U\u00c7URTMA OLACA\u011eIZ\u2019<\/strong><\/p>\n<p style=\"text-align: justify;\">\u0130stanbul Milletvekili Tuncel, Halklar\u0131n Demokratik Kongresi (HDK) ad\u0131na yapt\u0131\u011f\u0131 konu\u015fmada, bug\u00fcn AKP fa\u015fizmi kar\u015f\u0131s\u0131nda duran herkesin &#8220;ter\u00f6rist&#8221; ilan edildi\u011fine dikkat \u00e7ekti. Bu a\u00e7\u0131dan da d\u00fcnyadaki en fazla &#8220;ter\u00f6rist&#8221; say\u0131s\u0131n\u0131n T\u00fcrkiye&#8217;de bulundu\u011funu belirten Tuncel, &#8220;HES&#8217;lere kar\u015f\u0131 \u00e7\u0131kanlar, kad\u0131n m\u00fccadelesini savunanlar, devrimciler, sosyalistler, K\u00fcrtler herkes ter\u00f6rist&#8221; dedi. Fakat buna kar\u015f\u0131 ortak m\u00fccadele etmenin zaman\u0131n\u0131n geldi\u011fini vurgulayan Tuncel, r\u00fczg\u00e2rla birlikte de\u011fil, r\u00fczg\u00e2ra kar\u015f\u0131 y\u00fckselen u\u00e7urtma \u00f6rne\u011fini verdi.<\/p>\n<p style=\"text-align: justify;\"><strong>\u201928 \u015eUBAT&#8217;TA DE\u011eERLER\u0130N\u0130 SATAN B\u0130R PART\u0130DEN BA\u015eKA T\u00dcRL\u00dcS\u00dc BEKLENEMEZD\u0130\u2019<\/strong><\/p>\n<p style=\"text-align: justify;\">Gecede en son konu\u015fan BDP E\u015f Genel Ba\u015fkan\u0131 Selahattin Demirta\u015f, bir halk\u0131n u\u011frunda i\u015fkence g\u00f6rmeyi, cezaevlerinde \u00e7\u00fcr\u00fcmeyi ve can\u0131n\u0131 vermeyi g\u00f6ze ald\u0131\u011f\u0131 bir m\u00fccadelenin asl\u0131nda kazan\u0131lm\u0131\u015f bir m\u00fccadele oldu\u011funu ifade etti. Demirta\u015f, hi\u00e7bir halk\u0131n bir hi\u00e7 u\u011fruna bu kadar b\u00fcy\u00fck fedak\u00e2rl\u0131kta bulunamayaca\u011f\u0131n\u0131n alt\u0131n\u0131 \u00e7izdi. Ge\u00e7mi\u015ften bu g\u00fcne gelen, bug\u00fcn ise AKP \u015fahs\u0131nda ger\u00e7ekle\u015fen kendilerine kar\u015f\u0131 sald\u0131r\u0131n\u0131n temelinde asl\u0131nda hep ayn\u0131 ama\u00e7 oldu\u011funu dile getiren Demirta\u015f, sald\u0131r\u0131lar\u0131 \u015fu s\u00f6zlerle yorumlad\u0131: &#8220;Bu y\u00fczden sorumlulu\u011fu sadece AKP&#8217;nin \u00fczerine atm\u0131yoruz. Bir devlet gelene\u011fi i\u00e7erisinde beslenmi\u015f, onunla b\u00fcy\u00fcm\u00fc\u015f 28 \u015eubat&#8217;larda kendi liderini ve de\u011ferlerini satan bir partiden ba\u015fka t\u00fcrl\u00fcs\u00fc beklenemezdi zaten. E\u011fer AKP bug\u00fcn yapt\u0131\u011f\u0131n\u0131n tersini yapsayd\u0131 \u015fayet \u015fa\u015f\u0131r\u0131rd\u0131k.&#8221;<\/p>\n<p style=\"text-align: justify;\"><strong>\u2018KAYBEDEN, B\u00dcY\u00dcK KAYBEDECEK\u2019<\/strong><\/p>\n<p style=\"text-align: justify;\">Demirta\u015f, bask\u0131 ve z\u00fcl\u00fcm kar\u015f\u0131s\u0131nda geri ad\u0131m atmad\u0131klar\u0131n\u0131, b\u00f6ylesi her d\u00f6nemin sonunda yeni bir hamle yaratt\u0131klar\u0131n\u0131 da belirtti. &#8220;Tersi olsayd\u0131 cumhuriyetten sonra \u0130n\u00f6n\u00fc, 80&#8217;lerde Kenan Evren, 90&#8217;larda Tansu \u00c7iller kazan\u0131rd\u0131&#8221; diyen Demirta\u015f, \u015f\u00f6yle devam etti: &#8220;Bug\u00fcn devletin siyasal tutumundan farkl\u0131 bir durum ya\u015fam\u0131yoruz. Bizden istenen bu g\u00fcne kadar yarat\u0131lan de\u011ferleri onlara vermemizdi. AKP, TRT \u015ee\u015f, paral\u0131 K\u00fcrt\u00e7e dil kursu a\u00e7t\u0131\u011f\u0131 i\u00e7in bizden te\u015fekk\u00fcr bekliyor. Bunu yapmay\u0131nca da arkada\u015flar\u0131m\u0131z\u0131 tutukluyorlar. Onlar i\u00e7in biat etmeyen g\u00fc\u00e7 tehlikelidir. Herkes a\u00e7\u0131s\u0131ndan kritik bir noktaday\u0131z. AKP&#8217;nin kullanacak kredisi kalmam\u0131\u015ft\u0131r. Bu y\u00fczden bu kadar sald\u0131rganla\u015fm\u0131\u015ft\u0131r. S\u0131n\u0131rs\u0131z bir tutuklama furyas\u0131 izlemesi, askeri olarak kimyasal silah kullanmas\u0131n\u0131n nedeni, kredisinin bitmesinden kaynaklanan bu paniktir. S\u00fcrd\u00fcrs\u00fcnler, ama kullanabilecekleri tek y\u00f6ntem bu \u00e7\u00fcnk\u00fc ba\u015fka da bir y\u00f6ntem kalmad\u0131. Bu durumda bile sonu\u00e7 alamazlarsa kaybedeceklerdir. AKP b\u00fcy\u00fck oynam\u0131\u015ft\u0131r, bu saatten sonra kaybeden de b\u00fcy\u00fck kaybedecektir.&#8221; Konu\u015fmas\u0131n\u0131 &#8220;Tamam\u0131m\u0131z\u0131 katliamdan ge\u00e7irseler bile insanl\u0131k tarihine anl\u0131 \u015fanl\u0131 bir direni\u015fi not d\u00fc\u015fm\u00fc\u015f bulunmaktay\u0131z&#8221; s\u00f6zleriyle tamamlayan Demirta\u015f, geceye kat\u0131lanlar taraf\u0131ndan uzun s\u00fcre alk\u0131\u015fland\u0131.<\/p>\n<p style=\"text-align: justify;\"><a href=\"http:\/\/www.birgun.net\/politics_index.php?news_code=1323601105&amp;day=11&amp;month=12&amp;year=2011\" target=\"_blank\">Kaynak : BirG\u00fcn<\/a><\/p>\n","protected":false},"excerpt":{"rendered":"<p style=\"text-align: center;\">\n<p style=\"text-align: justify;\">BDP E\u015f Genel Ba\u015fkan\u0131 Selahattin Demirta\u015f, &#8220;AKP&#8217;nin kullanacak kredisi kalmam\u0131\u015ft\u0131r. AKP b\u00fcy\u00fck oynam\u0131\u015ft\u0131r, bu saatten sonra kaybeden de b\u00fcy\u00fck kaybedecektir&#8221; dedi.<\/p>\n<p style=\"text-align: justify;\">BDP Kad\u0131k\u00f6y \u0130l\u00e7e \u00d6rg\u00fct\u00fc taraf\u0131ndan Bostanc\u0131 Yadinbey Restaurant&#8217;ta d\u00fcn gece dayan\u0131\u015fma yeme\u011fi d\u00fczenlendi. BDP E\u015f Genel Ba\u015fkan\u0131 Selahattin Demirta\u015f, milletvekilleri Sebahat Tuncel ve Nazmi G\u00fcr ile \u0130l <\/p>\n","protected":false},"author":1,"featured_media":0,"comment_status":"open","ping_status":"open","sticky":false,"template":"","format":"standard","meta":{"footnotes":""},"categories":[105],"tags":[],"class_list":["post-43995","post","type-post","status-publish","format-standard","hentry","category-gundem","odd"],"_links":{"self":[{"href":"http:\/\/www.korhanyilmaz.com\/index.php?rest_route=\/wp\/v2\/posts\/43995","targetHints":{"allow":["GET"]}}],"collection":[{"href":"http:\/\/www.korhanyilmaz.com\/index.php?rest_route=\/wp\/v2\/posts"}],"about":[{"href":"http:\/\/www.korhanyilmaz.com\/index.php?rest_route=\/wp\/v2\/types\/post"}],"author":[{"embeddable":true,"href":"http:\/\/www.korhanyilmaz.com\/index.php?rest_route=\/wp\/v2\/users\/1"}],"replies":[{"embeddable":true,"href":"http:\/\/www.korhanyilmaz.com\/index.php?rest_route=%2Fwp%2Fv2%2Fcomments&post=43995"}],"version-history":[{"count":0,"href":"http:\/\/www.korhanyilmaz.com\/index.php?rest_route=\/wp\/v2\/posts\/43995\/revisions"}],"wp:attachment":[{"href":"http:\/\/www.korhanyilmaz.com\/index.php?rest_route=%2Fwp%2Fv2%2Fmedia&parent=43995"}],"wp:term":[{"taxonomy":"category","embeddable":true,"href":"http:\/\/www.korhanyilmaz.com\/index.php?rest_route=%2Fwp%2Fv2%2Fcategories&post=43995"},{"taxonomy":"post_tag","embeddable":true,"href":"http:\/\/www.korhanyilmaz.com\/index.php?rest_route=%2Fwp%2Fv2%2Ftags&post=43995"}],"curies":[{"name":"wp","href":"https:\/\/api.w.org\/{rel}","templated":true}]}}