{"id":43991,"date":"2011-12-12T14:26:32","date_gmt":"2011-12-12T12:26:32","guid":{"rendered":"http:\/\/www.korhanyilmaz.com\/?p=43991"},"modified":"2011-12-13T04:21:33","modified_gmt":"2011-12-13T02:21:33","slug":"fehmi-koru-o-senaryoyu-dogruladi","status":"publish","type":"post","link":"http:\/\/www.korhanyilmaz.com\/?p=43991","title":{"rendered":"Fehmi Koru o senaryoyu do\u011frulad\u0131!"},"content":{"rendered":"<p style=\"text-align: justify;\"><a href=\"http:\/\/www.korhanyilmaz.com\/wp-content\/uploads\/2011\/12\/8027.jpg\"  class=\"lightview\"><img loading=\"lazy\" decoding=\"async\" class=\"aligncenter size-full wp-image-43992\" title=\"\" src=\"http:\/\/www.korhanyilmaz.com\/wp-content\/uploads\/2011\/12\/8027.jpg\" alt=\"\" width=\"260\" height=\"198\" \/><\/a><\/p>\n<p style=\"text-align: justify;\">Fehmi Koru, siyaset sahnesinde ya\u015fananlar\u0131n perde arkas\u0131 ile ilgili bomba iddialarda bulundu..<\/p>\n<p style=\"text-align: justify;\">Star&#8217;\u0131n etkin kalemi Fehmi Koru, Habert\u00fcrk&#8217;te kat\u0131ld\u0131\u011f\u0131 canl\u0131 yay\u0131nda bomba a\u00e7\u0131klamalar yapt\u0131. Buna g\u00f6re Ba\u015fbakan Erdo\u011fan 2014&#8217;te Cumhurba\u015fkan\u0131 olacak. AK Parti&#8217;nin yerine kimin gelece\u011fi ise netlik kazanmad\u0131.\u00a0<!--more--><\/p>\n<p style=\"text-align: justify;\"><strong>AK PART\u0130 ANAP&#8217;LA\u015eIYOR MU?\u00a0<\/strong><\/p>\n<p style=\"text-align: justify;\">Siyaset ve medyan\u0131n g\u00fcndemindeki bu bomba sorular Fehmi Koru&#8217;ya y\u00f6neltildi. AK Parti Anapla\u015f\u0131r m\u0131 sorusuna Fehmi Koru, &#8220;\u015fu an i\u00e7in \u00f6yle bir tehlike yok&#8221; diyerek \u015fu yan\u0131t\u0131 verdi:<\/p>\n<p style=\"text-align: justify;\">&#8220;ANAP&#8217;la\u015fmak \u00f6nemli bir terim. \u0130ktidara gelen her parti bu tehditi ya\u015far. AK Parti bug\u00fcne kadar o konuma gelmekten kendisini sak\u0131nabildi, koruyabildi. Birincisi g\u00fc\u00e7l\u00fc bir lideri var, ikincisi hedefleri var. Ondan vazge\u00e7erse \u00e7ok kolay\u0131ndan anapla\u015fabilir. Lideri yerini b\u0131rak\u0131rsa, \u00d6zal&#8217;\u0131n yerine gelen gibi zay\u0131f insan olursa o taktirde anapla\u015fma ak partinin de ba\u015f\u0131na gelebilir. Ancak b\u00f6yle bir tehlikenin \u015fu an i\u00e7in s\u00f6z konusu oldu\u011funu d\u00fc\u015f\u00fcnm\u00fcyorum. &#8220;<\/p>\n<p style=\"text-align: justify;\"><strong>CUMHURBA\u015eKANI BELL\u0130 BA\u015eBAKAN K\u0130M OLACAK\u00a0<\/strong><\/p>\n<p style=\"text-align: justify;\">Fehmi Koru&#8217;nun as\u0131l bomba a\u00e7\u0131klamas\u0131 ise cumhurba\u015fkan\u0131 kim olacak sorusuna dair&#8230; Bir s\u00fcre \u00f6nce Taha Akyol&#8217;un ortaya att\u0131\u011f\u0131 iddiay\u0131 Koru&#8217;da do\u011frulam\u0131\u015f oldu. Gazeteciler.com sitesi Fehmi Koru&#8217;nun a\u00e7\u0131klamalar\u0131na yer verdi.<\/p>\n<p style=\"text-align: justify;\">&#8220;AK Parti t\u00fcz\u00fc\u011f\u00fcnde 3 defadan fazla milletvekili olmama kural\u0131 var. Ben Ba\u015fbakan&#8217;\u0131n \u00f6nceleri bundan vazge\u00e7ece\u011fini d\u00fc\u015f\u00fcnm\u00fc\u015ft\u00fcm ama Tayyip bey bu konuda kararl\u0131. Dolay\u0131s\u0131yla \u00fc\u00e7\u00fcnc\u00fc defa vekil olmama kural\u0131n\u0131 \u00f6nce kendine i\u015fletecek. Peki ne olacak Tayyip bey, deniliyor ki cumhurba\u015fkan\u0131 olacak. Hakk\u0131 da&#8230; 2014 y\u0131l\u0131nda cumhurba\u015fkanl\u0131\u011f\u0131n\u0131n bo\u015falaca\u011f\u0131 anla\u015f\u0131l\u0131yor. Oraya aday olursa halk taraf\u0131ndan se\u00e7ilecek ilk cumhurba\u015fkan\u0131 olur.<\/p>\n<p style=\"text-align: justify;\"><strong>AK PART\u0130&#8217;DE ERDO\u011eAN SONRASI K\u0130M GEL\u0130R?<\/strong><\/p>\n<p style=\"text-align: justify;\">Zor bir soru. Yap\u0131lm\u0131\u015f oldu\u011fu s\u00f6ylenen anket var. Anketler yasa gere\u011fi kim taraf\u0131ndan yap\u0131ld\u0131\u011f\u0131 ka\u00e7 denek \u00fczerinde yap\u0131ld\u0131\u011f\u0131, kimin sipari\u015fiyle yap\u0131ld\u0131\u011f\u0131 s\u00f6ylenmesi gereken \u015feyler. Nedense bu anket i\u00e7in hi\u00e7bir bilgi verilmedi. Sadece sonu\u00e7lar var. En \u00e7ok Ahmet Davuto\u011flu ismi \u00fczerinde durulmu\u015f. \u0130kinci Abdullah G\u00fcl&#8217;\u00fcn ismi geliyor. Sonra digerleri geliyor. Bu s\u0131ralamada ba\u015fkalar\u0131 da yer alabilirdi.<\/p>\n<p style=\"text-align: justify;\"><strong>ERDO\u011eAN CEZALANDIRIR MI?\u00a0<\/strong><\/p>\n<p style=\"text-align: justify;\">\u015eike yasas\u0131nda AK Parti&#8217;den bilindi\u011fi gibi ayk\u0131r\u0131 sesler y\u00fckseldi. Bu seslerin bayraktarl\u0131\u011f\u0131n\u0131 da \u015eamil Tayyar ile B\u00fclent Ar\u0131n\u00e7 yapt\u0131. Hasta yata\u011f\u0131ndan bu manzara tan\u0131k olan Ba\u015fbakan Erdo\u011fan, bu isimleri cezaland\u0131r\u0131r m\u0131? Fehmi Koru&#8217;nun yorumu \u015f\u00f6yle:<\/p>\n<p style=\"text-align: justify;\">&#8220;B\u00fclent Ar\u0131n\u00e7 ve Hayati Yaz\u0131c\u0131&#8217;n\u0131n yerlerini bilenler, ayk\u0131r\u0131 sesler \u00e7\u0131kt\u0131 diye Tayyip Bey&#8217;in ili\u015fkilerini s\u0131f\u0131rlayaca\u011f\u0131n\u0131 d\u00fc\u015f\u00fcnenler yan\u0131l\u0131yorlar. Biz bunu 1 Mart tezkeresinde de ya\u015fad\u0131k. O zaman da bu ayr\u0131\u015fma vard\u0131. B\u00fclent Ar\u0131n\u00e7 o g\u00fcn Meclis ba\u015fkanl\u0131\u011f\u0131 koltu\u011funda oturuyor olmasayd\u0131 o tezkere farkl\u0131 \u015fekilde ge\u00e7erdi. Tayyip bey \u00e7ok istiyordu o tezkerenin ge\u00e7mesini. Peki ne oldu tezkere onun istedi\u011fi gibi ge\u00e7medi diye B\u00fclent Ar\u0131n\u00e7&#8217;\u0131 cezaland\u0131rd\u0131 m\u0131? B\u00f6yle bir \u015fey yok. &#8220;<\/p>\n<p style=\"text-align: justify;\"><strong>ERDO\u011eAN HASTA YATA\u011eINDA B\u0130LEND\u0130\u00a0<\/strong><\/p>\n<p style=\"text-align: justify;\">Fehmi Koru&#8217;nun Taha K\u0131van\u00e7 imzas\u0131 ile yazd\u0131\u011f\u0131 yaz\u0131s\u0131n\u0131n sonunda dikkat \u00e7eken bir kulis vard\u0131. Koru \u015f\u00f6yle diyordu bug\u00fcnk\u00fc yaz\u0131s\u0131nda:<\/p>\n<p style=\"text-align: justify;\">&#8220;Bilebilecek durumdaki bir dostum aile yak\u0131nlar\u0131ndan ald\u0131\u011f\u0131 izlenimi, \u201cTayyip Bey dinlenme d\u00f6nemini g\u00f6zlemle ge\u00e7irdi\u201d diye aktard\u0131. Aile d\u0131\u015f\u0131nda kimseyle uzun boylu g\u00f6r\u00fc\u015fmemi\u015f, okumu\u015f, izlemi\u015f&#8230; \u201cBaya\u011f\u0131 bilenmi\u015f\u201d dedi dostum.&#8221;<\/p>\n<p style=\"text-align: justify;\">Fehmi Koru yaz\u0131s\u0131ndaki &#8220;bilenmi\u015f&#8221; s\u00f6z\u00fcn\u00fc canl\u0131 yay\u0131nda \u015f\u00f6yle izah etti:<\/p>\n<p style=\"text-align: justify;\">&#8220;Bilenmi\u015fli\u011fi kavga h\u0131r \u00e7\u0131karma anlam\u0131na de\u011fil, kendi tavr\u0131n\u0131n do\u011frulu\u011fu y\u00f6n\u00fcnde bilenme olarak yorumlad\u0131m. Varl\u0131\u011f\u0131n\u0131n ne kadar gerekli oldu\u011funun herkes taraf\u0131ndan g\u00f6r\u00fclm\u00fc\u015f oldu\u011funu g\u00f6rmesi olarak yorumlad\u0131m&#8221;.<\/p>\n<p style=\"text-align: justify;\"><strong>FUTBOL CEMAAT\u0130 DE\u011e\u0130L&#8230;\u00a0<\/strong><\/p>\n<p style=\"text-align: justify;\">AK Parti ile cemaat aras\u0131nda ya\u015fand\u0131\u011f\u0131 s\u00f6ylenen \u015fike gerilimi konusunda ise Fehmi Koru daha pozitif bir tablo \u00e7izdi. Koru&#8217;ya g\u00f6re &#8220;h\u00fck\u00fcmet ile cemaat aras\u0131nda g\u00f6r\u00fc\u015f farkl\u0131l\u0131klar\u0131n\u0131n olmas\u0131 ve bu y\u00fczden zaman zaman birbirlerine ters d\u00fc\u015fmeleri normal&#8221; bir durum.<\/p>\n<p style=\"text-align: justify;\"><a href=\"http:\/\/siyaset.milliyet.com.tr\/fehmi-koru-o-senaryoyu-dogruladi-\/siyaset\/siyasetdetay\/12.12.2011\/1474523\/default.htm\" target=\"_blank\">Kaynak : Milliyet.com.tr<\/a><\/p>\n","protected":false},"excerpt":{"rendered":"<p style=\"text-align: justify;\">\n<p style=\"text-align: justify;\">Fehmi Koru, siyaset sahnesinde ya\u015fananlar\u0131n perde arkas\u0131 ile ilgili bomba iddialarda bulundu..<\/p>\n<p style=\"text-align: justify;\">Star&#8217;\u0131n etkin kalemi Fehmi Koru, Habert\u00fcrk&#8217;te kat\u0131ld\u0131\u011f\u0131 canl\u0131 yay\u0131nda bomba a\u00e7\u0131klamalar yapt\u0131. Buna g\u00f6re Ba\u015fbakan Erdo\u011fan 2014&#8217;te Cumhurba\u015fkan\u0131 olacak. AK Parti&#8217;nin yerine kimin gelece\u011fi ise netlik kazanmad\u0131. <\/p>\n","protected":false},"author":1,"featured_media":0,"comment_status":"open","ping_status":"open","sticky":false,"template":"","format":"standard","meta":{"footnotes":""},"categories":[105],"tags":[],"class_list":["post-43991","post","type-post","status-publish","format-standard","hentry","category-gundem","odd"],"_links":{"self":[{"href":"http:\/\/www.korhanyilmaz.com\/index.php?rest_route=\/wp\/v2\/posts\/43991","targetHints":{"allow":["GET"]}}],"collection":[{"href":"http:\/\/www.korhanyilmaz.com\/index.php?rest_route=\/wp\/v2\/posts"}],"about":[{"href":"http:\/\/www.korhanyilmaz.com\/index.php?rest_route=\/wp\/v2\/types\/post"}],"author":[{"embeddable":true,"href":"http:\/\/www.korhanyilmaz.com\/index.php?rest_route=\/wp\/v2\/users\/1"}],"replies":[{"embeddable":true,"href":"http:\/\/www.korhanyilmaz.com\/index.php?rest_route=%2Fwp%2Fv2%2Fcomments&post=43991"}],"version-history":[{"count":0,"href":"http:\/\/www.korhanyilmaz.com\/index.php?rest_route=\/wp\/v2\/posts\/43991\/revisions"}],"wp:attachment":[{"href":"http:\/\/www.korhanyilmaz.com\/index.php?rest_route=%2Fwp%2Fv2%2Fmedia&parent=43991"}],"wp:term":[{"taxonomy":"category","embeddable":true,"href":"http:\/\/www.korhanyilmaz.com\/index.php?rest_route=%2Fwp%2Fv2%2Fcategories&post=43991"},{"taxonomy":"post_tag","embeddable":true,"href":"http:\/\/www.korhanyilmaz.com\/index.php?rest_route=%2Fwp%2Fv2%2Ftags&post=43991"}],"curies":[{"name":"wp","href":"https:\/\/api.w.org\/{rel}","templated":true}]}}