{"id":4399,"date":"2009-03-02T09:11:31","date_gmt":"2009-03-02T07:11:31","guid":{"rendered":"http:\/\/www.korhanyilmaz.com\/?p=4399"},"modified":"2009-03-02T09:11:31","modified_gmt":"2009-03-02T07:11:31","slug":"ergenekonun-derin-kulak-yapilanmasi","status":"publish","type":"post","link":"http:\/\/www.korhanyilmaz.com\/?p=4399","title":{"rendered":"Ergenekon&#039;un &#039;derin kulak&#039; yap\u0131lanmas\u0131"},"content":{"rendered":"<p style=\"text-align: center;\"><img loading=\"lazy\" decoding=\"async\" class=\"aligncenter size-full wp-image-4400\" title=\"T\u00fcrk Metal Sendikas\u0131 Genel Ba\u015fkan\u0131 Mustafa \u00d6zbek\" src=\"http:\/\/www.korhanyilmaz.com\/wp-content\/uploads\/2009\/03\/3cd337eba9a2dd409424bc00x.jpg\" alt=\"T\u00fcrk Metal Sendikas\u0131 Genel Ba\u015fkan\u0131 Mustafa \u00d6zbek\" width=\"380\" height=\"200\" \/><\/p>\n<p style=\"text-align: justify;\"><strong>Ergenekon \u00f6rg\u00fct\u00fcn\u00fcn, KKTC ve Ankara&#8217;da iki dinleme merkezi kurdu\u011fu ortaya \u00e7\u0131kt\u0131. <\/strong><\/p>\n<p style=\"text-align: justify;\">\u0130ddiaya g\u00f6re, Mustafa \u00d6zbek finanse etti, CHP merkezi ve Bayram Meral de dinlendi..Ergenekon \u00f6rg\u00fct\u00fcn\u00fcn aralar\u0131nda CHP&#8217;nin de bulundu\u011fu baz\u0131 kurum ve ki\u015fileri dinlemek i\u00e7in merkezler kurdu\u011fu, &#8216;Derin kulak&#8217; olarak nitelendirilen KKTC ve Ankara&#8217;daki dinleme merkezlerinin ara\u00e7 ve gere\u00e7lerinin t\u00fcm finansman\u0131n\u0131 da ge\u00e7ti\u011fimiz g\u00fcnlerde tutuklanan T\u00fcrk Metal Sendikas\u0131 Genel Ba\u015fkan\u0131 Mustafa \u00d6zbek&#8217;in sa\u011flad\u0131\u011f\u0131 ileri s\u00fcr\u00fcld\u00fc. <!--more-->SABAH, Ergenekon davas\u0131n\u0131n seyrini de\u011fi\u015ftirecek \u015fok bilgilere ula\u015ft\u0131. Ergenekon \u015f\u00fcphelilerinden Mustafa \u00d6zbek&#8217;in evinden \u00e7\u0131kan belgelere g\u00f6re; \u00f6rg\u00fct, Mustafa \u00d6zbek&#8217;in yard\u0131m\u0131yla \u0130srail&#8217;den (Tel Aviv) dinleme cihazlar\u0131 sat\u0131n alarak KKTC \u00fczerinden T\u00fcrkiye&#8217;ye soktu. Bu sistemler ihtiya\u00e7 durumuna g\u00f6re T\u00fcrkiye&#8217;nin belirli b\u00f6lgelerine g\u00f6nderildi. En geli\u015fmi\u015f Magellan S- 313 sistemi ise Ankara&#8217;da konu\u015fland\u0131r\u0131ld\u0131.<\/p>\n<p style=\"text-align: justify;\"><strong>\u00d6ZEL KODLAR<br \/>\n<\/strong>Ergenekon dinleme merkezinin, dinlenen baz\u0131 isimlere \u00f6zel kodlar verdi\u011fi, bu ki\u015filer aras\u0131nda asker, siyaset\u00e7i, b\u00fcrokrat, ekonomist ve gazetecilerin de bulundu\u011fu \u00f6ne s\u00fcr\u00fcld\u00fc. Merkezin, Mustafa \u00d6zbek&#8217;in bilgisi dahilinde eski T\u00fcrk-\u0130\u015f Ba\u015fkan\u0131 ve CHP \u0130stanbul milletvekili Bayram Meral&#8217;i teknik takibe ald\u0131\u011f\u0131 belgelerde a\u00e7\u0131k bir \u015fekilde yer al\u0131yor. Sendikalar\u0131n yan\u0131 s\u0131ra dinlenen \u00f6nemli yerler aras\u0131nda CHP Genel Merkezi de bulunuyor. \u0130\u015fte Mustafa \u00d6zbek&#8217;in evinde ele ge\u00e7irilen belgelerde cihazlar\u0131n al\u0131m\u0131n\u0131 ger\u00e7ekle\u015ftiren ki\u015filerin, g\u00f6nderdi\u011fi mektuplardan ilgin\u00e7 b\u00f6l\u00fcmler:\n<\/p>\n<p style=\"text-align: justify;\"><strong>RES\u0130MLER\u0130 SA\u011eLAM EMANETLEY\u0130N\u0130Z: <\/strong>\u00c7ok de\u011ferli Ba\u015fkan\u0131m, cihazlar\u0131n al\u0131m\u0131 konusunda bir \u015fey yapabilecek konuma ula\u015f\u0131rsak ben dostumuzu aray\u0131p, haftaya hemen Tel Aviv&#8217;e gidece\u011fiz. Ben de resmi ayg\u0131tlar &#8216;bozulacak k\u0131r\u0131lacak&#8217; bunal\u0131m\u0131ndan kurtulaca\u011f\u0131m. Say\u0131n Ba\u015fkan\u0131m bu konuda haberlerinizi bekleyece\u011fim. Ayr\u0131ca gelen resimleri l\u00fctfen sa\u011flam emanetleyiniz. Gerisini haz\u0131rl\u0131yorlar, onlar da bize ge\u00e7ecek, prosed\u00fcr\u00fc ben hallettim.<\/p>\n<p style=\"text-align: justify;\"><strong>ALIMLAR \u00dc\u00c7L\u00dc GRUPLAR HAL\u0130NDE YAPILDI: <\/strong>Ge\u00e7ici olan bu finans\u0131 sa\u011flayabilirsek ben de resmi pasaportla gidece\u011fim. Verilen gruplar 3&#8217;l\u00fc oldu\u011fundan en az 3 tane almal\u0131y\u0131z. Ge\u00e7en ay gelenlerin yedek ak\u00fc ve nakil ayg\u0131tlar\u0131 ile 1 grup 30 bin dolar muhasebeden \u00e7\u0131k\u0131\u015f oldu. Biz 4 tane al\u0131rsak 4&#8217;\u00fcnc\u00fcn\u00fcn yedek ak\u00fc elemanlar\u0131n\u0131 almayaca\u011f\u0131z o zaman tek veriyorlar. Onun par\u00e7alar\u0131n\u0131 ben \u00dcrd\u00fcn&#8217;den ald\u0131r\u0131r\u0131m. O zaman zarf\u0131nda da di\u011ferlerinin ayg\u0131tlar\u0131 onun \u00e7al\u0131\u015fmas\u0131n\u0131 sa\u011flarlar.<\/p>\n<p style=\"text-align: justify;\"><strong>C\u0130HAZLAR \u0130SRA\u0130L&#8217;DEN ALINDI: <\/strong>Say\u0131n Ba\u015fkan\u0131m, \u0130srail&#8217;den bu al\u0131mlar\u0131 yapan bizim ekiplerimizde \u00e7al\u0131\u015fm\u0131\u015f, bizi sayan seven T\u00fcrkmen as\u0131ll\u0131 bir dostumuz var. Bana &#8216;Siz bana b\u00f6lgesel g\u00fc\u00e7 detaylar\u0131n\u0131 ve paralel ak\u0131mlar\u0131n\u0131 hesaplay\u0131n. Ben her hafta tamirat ve ar\u0131zalar i\u00e7in gidiyorum. Siz de gelin, ben 4 adet alabilirim. Bilahare sizin \u00e7al\u0131\u015fmalar\u0131n\u0131z bitti\u011finde a\u00e7\u0131k faturay\u0131 Tel Aviv&#8217;de doldurur sizden geri al\u0131r resmiyete giri\u015f yapar dolar baz\u0131nda oldu\u011fundan \u00f6demesini yapar\u0131m&#8217; dedi.<\/p>\n<p style=\"text-align: justify;\"><strong>EN GEL\u0130\u015eM\u0130\u015e S\u0130STEM MAGELLAN S-313: <\/strong>Sayg\u0131de\u011fer Ba\u015fkan\u0131m, biz bu aletleri ald\u0131k. Magellan S-313 diye \u00e7ok yeni bir sistem var. Ayn\u0131 anda ayn\u0131 \u015fehirde ayn\u0131 ki\u015fiye ait tam 6 hatt\u0131 dinliyor, ses yal\u0131t\u0131mlar\u0131n\u0131n d\u00fczenlemesi i\u00e7in zamana ihtiya\u00e7 yok. Ayn\u0131 anda aktarma ile toplant\u0131 dahi olsa dinleyebiliyorsunuz. 1 adet telefon a\u00e7\u0131k oldu\u011funda size hem toplant\u0131y\u0131 hem konu\u015fmay\u0131 dinletiyor. Bunlar\u0131n i\u015fi ama\u00e7 ve hedeflere ula\u015f\u0131ld\u0131\u011f\u0131nda derhal geri paraya \u00e7evirebilece\u011fiz. Ayr\u0131ca bu aletler tam 4 i\u015flevde kullan\u0131l\u0131yor.<\/p>\n<p style=\"text-align: justify;\"><strong>BAYRAM MERAL ADIM ADIM TAK\u0130P ED\u0130LM\u0130\u015e: <\/strong>Bayram&#8217;\u0131n her an fas\u0131las\u0131z dinlenmesinden vazge\u00e7emeyiz, dolay\u0131s\u0131yla 1 adeti o pis adama ba\u011fl\u0131. 1 adet \u015fu an Y\u0131ld\u0131r\u0131m Ko\u00e7&#8217;a kilitlendi. Bu sebeplerden bize en az 4 cihaz daha laz\u0131m.<\/p>\n<p style=\"text-align: justify;\"><span style=\"color: #888888;\">Kaynak : Sabah Gazetesi<\/span><\/p>\n","protected":false},"excerpt":{"rendered":"<p style=\"text-align: center;\">\n<p style=\"text-align: justify;\">Ergenekon \u00f6rg\u00fct\u00fcn\u00fcn, KKTC ve Ankara&#8217;da iki dinleme merkezi kurdu\u011fu ortaya \u00e7\u0131kt\u0131. <\/p>\n<p style=\"text-align: justify;\">\u0130ddiaya g\u00f6re, Mustafa \u00d6zbek finanse etti, CHP merkezi ve Bayram Meral de dinlendi..Ergenekon \u00f6rg\u00fct\u00fcn\u00fcn aralar\u0131nda CHP&#8217;nin de bulundu\u011fu baz\u0131 kurum ve ki\u015fileri dinlemek i\u00e7in merkezler kurdu\u011fu, &#8216;Derin kulak&#8217; olarak nitelendirilen KKTC ve Ankara&#8217;daki dinleme merkezlerinin ara\u00e7 <\/p>\n","protected":false},"author":1,"featured_media":0,"comment_status":"open","ping_status":"closed","sticky":false,"template":"","format":"standard","meta":{"footnotes":""},"categories":[105],"tags":[],"class_list":["post-4399","post","type-post","status-publish","format-standard","hentry","category-gundem","odd"],"_links":{"self":[{"href":"http:\/\/www.korhanyilmaz.com\/index.php?rest_route=\/wp\/v2\/posts\/4399","targetHints":{"allow":["GET"]}}],"collection":[{"href":"http:\/\/www.korhanyilmaz.com\/index.php?rest_route=\/wp\/v2\/posts"}],"about":[{"href":"http:\/\/www.korhanyilmaz.com\/index.php?rest_route=\/wp\/v2\/types\/post"}],"author":[{"embeddable":true,"href":"http:\/\/www.korhanyilmaz.com\/index.php?rest_route=\/wp\/v2\/users\/1"}],"replies":[{"embeddable":true,"href":"http:\/\/www.korhanyilmaz.com\/index.php?rest_route=%2Fwp%2Fv2%2Fcomments&post=4399"}],"version-history":[{"count":0,"href":"http:\/\/www.korhanyilmaz.com\/index.php?rest_route=\/wp\/v2\/posts\/4399\/revisions"}],"wp:attachment":[{"href":"http:\/\/www.korhanyilmaz.com\/index.php?rest_route=%2Fwp%2Fv2%2Fmedia&parent=4399"}],"wp:term":[{"taxonomy":"category","embeddable":true,"href":"http:\/\/www.korhanyilmaz.com\/index.php?rest_route=%2Fwp%2Fv2%2Fcategories&post=4399"},{"taxonomy":"post_tag","embeddable":true,"href":"http:\/\/www.korhanyilmaz.com\/index.php?rest_route=%2Fwp%2Fv2%2Ftags&post=4399"}],"curies":[{"name":"wp","href":"https:\/\/api.w.org\/{rel}","templated":true}]}}