{"id":43987,"date":"2011-12-12T20:58:39","date_gmt":"2011-12-12T18:58:39","guid":{"rendered":"http:\/\/www.korhanyilmaz.com\/?p=43987"},"modified":"2011-12-13T04:16:17","modified_gmt":"2011-12-13T02:16:17","slug":"chpye-gore-gulun-gorev-suresi","status":"publish","type":"post","link":"http:\/\/www.korhanyilmaz.com\/?p=43987","title":{"rendered":"CHP&#8217;ye g\u00f6re G\u00fcl&#8217;\u00fcn g\u00f6rev s\u00fcresi"},"content":{"rendered":"<p style=\"text-align: center;\"><a href=\"http:\/\/www.korhanyilmaz.com\/wp-content\/uploads\/2011\/12\/8026.jpg\"  class=\"lightview\"><img loading=\"lazy\" decoding=\"async\" class=\"aligncenter  wp-image-43988\" src=\"http:\/\/www.korhanyilmaz.com\/wp-content\/uploads\/2011\/12\/8026.jpg\" alt=\"\" width=\"311\" height=\"239\" \/><\/a><\/p>\n<p style=\"text-align: justify;\">CHP Genel Ba\u015fkan Yard\u0131mc\u0131s\u0131 ve Parti S\u00f6zc\u00fcs\u00fc Birg\u00fcl Ayman G\u00fcler, 2012 y\u0131l\u0131nda Cumhurba\u015fkan\u0131 Abdullah G\u00fcl&#8217;\u00fcn g\u00f6rev s\u00fcresinin doldu\u011funu ve yeni h\u00fck\u00fcmlere g\u00f6re se\u00e7ime girmesi gerekti\u011fi kan\u0131s\u0131nda olduklar\u0131n\u0131 s\u00f6yledi.<!--more--><\/p>\n<p style=\"text-align: justify;\">CHP Merkez Y\u00f6netim Kurulu (MYK) Genel Ba\u015fkan Kemal K\u0131l\u0131\u00e7daro\u011flu ba\u015fkanl\u0131\u011f\u0131nda topland\u0131.<\/p>\n<p style=\"text-align: justify;\">Toplant\u0131n\u0131n ard\u0131ndan gazetecilere a\u00e7\u0131klamalarda bulunan ve sorular\u0131 yan\u0131tlayan G\u00fcler, MYK&#8217;da ele al\u0131nan konulardan birinin cumhurba\u015fkan\u0131n\u0131n g\u00f6rev s\u00fcresi oldu\u011funu belirtti.<\/p>\n<p style=\"text-align: justify;\">Milletvekilleri ve cumhurba\u015fkan\u0131n\u0131n g\u00f6rev s\u00fcresine ili\u015fkin 2007 y\u0131l\u0131ndan bu yana yap\u0131lan yasal d\u00fczenlemeleri ve s\u00fcreci hat\u0131rlatan G\u00fcler, g\u00f6rev s\u00fcrelerine ili\u015fkin d\u00fczenlemelerin tarihlerine dikkati \u00e7ekerek, &#8220;Ayn\u0131 anayasa de\u011fi\u015fikli\u011fi ile getirilmi\u015f h\u00fck\u00fcmlerden milletvekillerine yeni h\u00fck\u00fcmler uygulan\u0131rken cumhurba\u015fkan\u0131na yeni h\u00fck\u00fcmlerin uygulanmamas\u0131 d\u00fc\u015f\u00fcn\u00fclebilir mi?&#8221; diye sordu.<\/p>\n<p style=\"text-align: justify;\">G\u00fcler, \u015f\u00f6yle konu\u015ftu: &#8220;Bizim g\u00f6r\u00fc\u015f\u00fcm\u00fcz bu \u00e7eli\u015fkinin giderilmesi y\u00f6n\u00fcndedir. TBMM e\u011fer be\u015f y\u0131l i\u00e7in g\u00f6reve gelmi\u015fken g\u00f6revinin tam ortas\u0131nda g\u00f6rev s\u00fcresini d\u00f6rt y\u0131la k\u0131saltm\u0131\u015fsa ayn\u0131 \u015fekilde bu d\u00fczenleme ile g\u00f6rev s\u00fcresi yedi y\u0131ldan be\u015f y\u0131la inen cumhurba\u015fkan\u0131n\u0131n da yeni h\u00fck\u00fcmlere tabi tutulmas\u0131 gerekir. Be\u015f y\u0131l g\u00f6rev s\u00fcresi art\u0131 \u00fcst \u00fcste ayn\u0131 ki\u015fi taraf\u0131ndan be\u015f y\u0131l daha g\u00f6rev yapabilme imkan\u0131 referandum ile vard\u0131r. O halde 2012 y\u0131l\u0131nda Cumhurba\u015fkan\u0131 Abdullah G\u00fcl&#8217;\u00fcn g\u00f6rev s\u00fcresinin doldu\u011funu ve yeni h\u00fck\u00fcmlere g\u00f6re se\u00e7ime girmesi gerekti\u011fini s\u00f6yl\u00fcyoruz. Sorun belirsizlik sorunudur. Acaba &#8216;TBMM i\u00e7in ge\u00e7erli olan kural cumhurba\u015fkan\u0131 i\u00e7in ge\u00e7erli de\u011fildir&#8217; diyenler gerek\u00e7elerini nas\u0131l ortaya koyacaklar? Tutarl\u0131l\u0131k ar\u0131yorsak cumhurba\u015fkanl\u0131\u011f\u0131 se\u00e7imlerine az zaman kald\u0131 haz\u0131rlanmak i\u00e7in b\u00fct\u00fcn adaylara f\u0131rsat vermemiz gerekiyor. Bu son derece ivedi bir konu haline gelmi\u015ftir. T\u00fcrkiye Cumhuriyetini cumhurba\u015fkanl\u0131\u011f\u0131 makam\u0131 itibariyle belirsizlik i\u00e7inde b\u0131rakmaya kimsenin hakk\u0131 yoktur.&#8221;<\/p>\n<p style=\"text-align: justify;\"><strong>&#8220;2012&#8217;de daha da a\u011f\u0131rla\u015facak&#8221;\u00a0<\/strong><\/p>\n<p style=\"text-align: justify;\">Cumhurba\u015fkan\u0131n\u0131n yetkilerine y\u00f6nelik yap\u0131lan d\u00fczenlemeleri de hat\u0131rlatan G\u00fcler, 2012 y\u0131l\u0131nda cumhurba\u015fkanl\u0131\u011f\u0131 se\u00e7imi ya\u015fanmas\u0131 halinde y\u00fcr\u00fct\u00fclecek kampanyan\u0131n &#8220;hayretler i\u00e7inde izlenecek nitelikte olaca\u011f\u0131n\u0131&#8221; savundu.<\/p>\n<p style=\"text-align: justify;\">Mevcut durumda siyasal sorumlulu\u011fun tamamen h\u00fck\u00fcmette oldu\u011funu, cumhurba\u015fkan\u0131n\u0131n ise kamu hizmeti alanlar\u0131nda siyaseten sorumsuz ki\u015fi konumuna getirildi\u011fini ileri s\u00fcren G\u00fcler, \u015f\u00f6yle devam etti:<\/p>\n<p style=\"text-align: justify;\">&#8220;\u015eimdi herkesin &#8216;ger\u00e7ekten biz mevcut g\u00f6rev yap\u0131s\u0131yla acaba nas\u0131l bir cumhurba\u015fkanl\u0131\u011f\u0131 se\u00e7im kampanyas\u0131na tan\u0131k olaca\u011f\u0131z&#8217; diye d\u00fc\u015f\u00fcnmesinin zaman\u0131d\u0131r. T\u00fcrkiye&#8217;yi bu g\u00fcl\u00fcn\u00e7 hale d\u00fc\u015f\u00fcren k\u0131sa erimli s\u0131cak sorunlara \u00e7\u00f6z\u00fcm bulmak i\u00e7in ad\u0131m atma al\u0131\u015fkanl\u0131\u011f\u0131 2012&#8217;de daha da a\u011f\u0131rla\u015facak. T\u00fcrkiye&#8217;nin \u00f6n\u00fcnde son derece kritik bir cumhurba\u015fkanl\u0131\u011f\u0131 g\u00f6rev s\u00fcreci ve cumhurba\u015fkan\u0131 se\u00e7im kampanyas\u0131 sorunu vard\u0131r. Dikkatlerimizi bu soruna yo\u011funla\u015ft\u0131rma ihtiyac\u0131 i\u00e7indeyiz.&#8221;<\/p>\n<p style=\"text-align: justify;\"><strong>Tutuklu milletvekillerinin durumu\u00a0<\/strong><\/p>\n<p style=\"text-align: justify;\">G\u00fcler, MYK toplant\u0131s\u0131nda tutuklu milletvekillerinin durumlar\u0131n\u0131n da g\u00fcndeme geldi\u011fini belirtti. CHP&#8217;nin 5 Aral\u0131k g\u00fcn\u00fc &#8220;tutukluluk s\u00fcreleri ve tutuklu milletvekillerinin serbest b\u0131rak\u0131lmas\u0131yla ilgili&#8221; haz\u0131rlad\u0131\u011f\u0131 yasa teklifini parlamentoya sundu\u011funu hat\u0131rlatan G\u00fcler, AK Parti&#8217;yi bu teklife destek vermeye \u00e7a\u011f\u0131rd\u0131. Adalet Bakan\u0131 Sadullah Ergin&#8217;in teklife ili\u015fkin s\u00f6zlerinin \u00fcrk\u00fct\u00fcc\u00fc oldu\u011funu ifade eden G\u00fcler, &#8220;Tutuklu milletvekilleriyle tecav\u00fcz su\u00e7lular\u0131n\u0131 ayn\u0131 kefeye koyma sorumsuzlu\u011funu g\u00f6stermi\u015ftir&#8221; diye konu\u015ftu.<\/p>\n<p style=\"text-align: justify;\">CHP&#8217;nin teklifinde \u0131srarc\u0131 oldu\u011funu belirten G\u00fcler, &#8220;E\u011fer h\u00fck\u00fcmet partisi yetkililerinin ku\u015fkular\u0131 varsa teklifler de h\u00fck\u00fcmet tasar\u0131lar\u0131 gibi komisyonlara ve genel kurula girerler orada kendilerini rahats\u0131z eden noktalar\u0131 d\u00fczeltme \u015fans\u0131na sahiplerdir. Biz AKP&#8217;nin ortak mutabakat metninde verdi\u011fi s\u00f6z\u00fc tutmas\u0131n\u0131 ve teklifimize destek vermesini bekliyoruz&#8221; ifadelerini kulland\u0131.<\/p>\n<p style=\"text-align: justify;\"><strong>&#8220;\u0130stanbul ve Van toplant\u0131lar\u0131ndan \u00e7\u0131km\u0131\u015f bir karar yok&#8221;\u00a0<\/strong><\/p>\n<p style=\"text-align: justify;\">Birg\u00fcl Ayman G\u00fcler, gazetecelerin sorular\u0131 \u00fczerine te\u015fkilatta bo\u015f bulunan baz\u0131 il ve il\u00e7e ba\u015fkanl\u0131klar\u0131na atamalar yap\u0131ld\u0131\u011f\u0131n\u0131 bu kapsamda Diyarbak\u0131r il ba\u015fkanl\u0131\u011f\u0131na Muzaffer Say\u0131n&#8217;\u0131n getirildi\u011fini s\u00f6yledi.<\/p>\n<p style=\"text-align: justify;\">&#8220;Bir k\u00f6\u015fe yazar\u0131 k\u00f6\u015fesine de ta\u015f\u0131d\u0131, TESEV&#8217;in d\u00fczenledi\u011fi Van&#8217;daki toplant\u0131ya CHP liderinin de kat\u0131ld\u0131\u011f\u0131 ve bu toplant\u0131da da ter\u00f6rist ba\u015f\u0131n\u0131 da kapsayacak \u015fekilde genel af ve ana dilde e\u011fitim gibi konular\u0131n g\u00f6r\u00fc\u015f\u00fcld\u00fc\u011f\u00fcn\u00fc s\u00f6yledi. Bu iddialar do\u011fru mu?&#8221; sorusunu da yan\u0131tlayan G\u00fcler, s\u00f6z konusu toplant\u0131lar\u0131n genel se\u00e7imler \u00f6ncesinde \u00f6nce \u0130stanbul ve ard\u0131ndan Van&#8217;da ger\u00e7ekle\u015ftirildi\u011fini s\u00f6yledi.<\/p>\n<p style=\"text-align: justify;\">Bu toplant\u0131lar\u0131n arama konferans\u0131 niteli\u011finde oldu\u011funu ve kat\u0131lanlar\u0131n da CHP&#8217;nin \u00fcyeleri olmad\u0131\u011f\u0131n\u0131 belirten G\u00fcler, \u00e7ok \u00e7e\u015fitli g\u00f6r\u00fc\u015flerden kanaat \u00f6nderlerinin, yazarlar\u0131n ve eski siyaset\u00e7ilerin davet \u00fczerine toplant\u0131ya kat\u0131larak d\u00fc\u015f\u00fcncelerini aktard\u0131klar\u0131n\u0131 belirtti.<\/p>\n<p style=\"text-align: justify;\">Arama konferanslar\u0131n\u0131n partilerin yetkili organlar\u0131 olmad\u0131\u011f\u0131n\u0131 vurgulayan G\u00fcler, orada yap\u0131lan konu\u015fmalar\u0131n partiyi ba\u011flamad\u0131\u011f\u0131n\u0131, bireysel d\u00fc\u015f\u00fcnceleri aktard\u0131\u011f\u0131n\u0131 belirtti. G\u00fcler, &#8220;\u0130stanbul ve Van toplant\u0131lar\u0131ndan \u00e7\u0131km\u0131\u015f bir karar s\u00f6z konusu de\u011fildir. Bu daha sonra zaman\u0131n MYK&#8217;s\u0131 taraf\u0131ndan sonu\u00e7lar\u0131 itibariyle de\u011ferlendirmeye al\u0131nm\u0131\u015f bir arama \u00e7al\u0131\u015fmas\u0131d\u0131r, konferans\u0131d\u0131r. A\u011f\u0131rl\u0131\u011f\u0131 da bundan ibarettir&#8221; dedi.<\/p>\n<p style=\"text-align: justify;\"><a href=\"http:\/\/www.cnnturk.com\/2011\/turkiye\/12\/12\/chpye.gore.gulun.gorev.suresi\/640254.0\/index.html\" target=\"_blank\">Kaynak : CNN T\u00dcRK<\/a><\/p>\n","protected":false},"excerpt":{"rendered":"<p style=\"text-align: center;\">\n<p style=\"text-align: justify;\">CHP Genel Ba\u015fkan Yard\u0131mc\u0131s\u0131 ve Parti S\u00f6zc\u00fcs\u00fc Birg\u00fcl Ayman G\u00fcler, 2012 y\u0131l\u0131nda Cumhurba\u015fkan\u0131 Abdullah G\u00fcl&#8217;\u00fcn g\u00f6rev s\u00fcresinin doldu\u011funu ve yeni h\u00fck\u00fcmlere g\u00f6re se\u00e7ime girmesi gerekti\u011fi kan\u0131s\u0131nda olduklar\u0131n\u0131 s\u00f6yledi.<\/p>\n","protected":false},"author":1,"featured_media":0,"comment_status":"open","ping_status":"open","sticky":false,"template":"","format":"standard","meta":{"footnotes":""},"categories":[105],"tags":[],"class_list":["post-43987","post","type-post","status-publish","format-standard","hentry","category-gundem","odd"],"_links":{"self":[{"href":"http:\/\/www.korhanyilmaz.com\/index.php?rest_route=\/wp\/v2\/posts\/43987","targetHints":{"allow":["GET"]}}],"collection":[{"href":"http:\/\/www.korhanyilmaz.com\/index.php?rest_route=\/wp\/v2\/posts"}],"about":[{"href":"http:\/\/www.korhanyilmaz.com\/index.php?rest_route=\/wp\/v2\/types\/post"}],"author":[{"embeddable":true,"href":"http:\/\/www.korhanyilmaz.com\/index.php?rest_route=\/wp\/v2\/users\/1"}],"replies":[{"embeddable":true,"href":"http:\/\/www.korhanyilmaz.com\/index.php?rest_route=%2Fwp%2Fv2%2Fcomments&post=43987"}],"version-history":[{"count":0,"href":"http:\/\/www.korhanyilmaz.com\/index.php?rest_route=\/wp\/v2\/posts\/43987\/revisions"}],"wp:attachment":[{"href":"http:\/\/www.korhanyilmaz.com\/index.php?rest_route=%2Fwp%2Fv2%2Fmedia&parent=43987"}],"wp:term":[{"taxonomy":"category","embeddable":true,"href":"http:\/\/www.korhanyilmaz.com\/index.php?rest_route=%2Fwp%2Fv2%2Fcategories&post=43987"},{"taxonomy":"post_tag","embeddable":true,"href":"http:\/\/www.korhanyilmaz.com\/index.php?rest_route=%2Fwp%2Fv2%2Ftags&post=43987"}],"curies":[{"name":"wp","href":"https:\/\/api.w.org\/{rel}","templated":true}]}}