{"id":43981,"date":"2011-12-13T00:01:27","date_gmt":"2011-12-12T22:01:27","guid":{"rendered":"http:\/\/www.korhanyilmaz.com\/?p=43981"},"modified":"2011-12-13T04:12:01","modified_gmt":"2011-12-13T02:12:01","slug":"sike-sorusturmasinda-8-tahliye","status":"publish","type":"post","link":"http:\/\/www.korhanyilmaz.com\/?p=43981","title":{"rendered":"\u015eike soru\u015fturmas\u0131nda 8 tahliye"},"content":{"rendered":"<p style=\"text-align: center;\"><a href=\"http:\/\/www.korhanyilmaz.com\/wp-content\/uploads\/2011\/12\/8025.jpg\"  class=\"lightview\"><img loading=\"lazy\" decoding=\"async\" class=\"aligncenter  wp-image-43982\" src=\"http:\/\/www.korhanyilmaz.com\/wp-content\/uploads\/2011\/12\/8025.jpg\" alt=\"\" width=\"345\" height=\"237\" \/><\/a><\/p>\n<p style=\"text-align: justify;\">\u015eike soru\u015fturmas\u0131 kapsam\u0131nda tutuklu bulunanlardan aralar\u0131nda Tayfur Havut\u00e7u, \u0130brahim Ak\u0131n ve Serdar Adal\u0131&#8217;n\u0131n da bulundu\u011fu 8 ki\u015fi tahliye edildi. Tahliye karar\u0131na \u201cAt\u0131l\u0131 su\u00e7un mahiyeti, mevcut delil durumu, tutuklulukta ge\u00e7en s\u00fcre ve yasan\u0131n de\u011fi\u015fmesi&#8221; gerek\u00e7e g\u00f6sterildi.<!--more--><\/p>\n<p style=\"text-align: justify;\">\u0130stanbul 16. A\u011f\u0131r Ceza Mahkemesi, davaya ili\u015fkin tensip incelemesini tamamlad\u0131. Mahkeme 8 ki\u015finin tahliyesine h\u00fckmetti.<\/p>\n<p style=\"text-align: justify;\">\u00d6zel yetkili \u0130stanbul 16. A\u011f\u0131r Ceza Mahkemesi, 8 ki\u015finin tahliyesine ili\u015fkin karar\u0131nda, 6250 say\u0131l\u0131 Sporda \u015eiddet ve D\u00fczensizli\u011fin \u00d6nlenmesine Dair Kanunda De\u011fi\u015fiklik Yap\u0131lmas\u0131 Hakk\u0131nda Kanun&#8217;un da g\u00f6z \u00f6n\u00fcne al\u0131nd\u0131\u011f\u0131n\u0131 bildirdi. G\u00f6z \u00f6n\u00fcne al\u0131nan di\u011fer gerek\u00e7eler ise &#8220;at\u0131l\u0131 su\u00e7un mahiyeti&#8221; ve &#8220;mevcut delil durumu&#8221; olarak bildirildi.<\/p>\n<p style=\"text-align: justify;\">\u0130stanbul 16. A\u011f\u0131r Ceza Mahkemesi Be\u015fikta\u015f Jimnastik Kul\u00fcb\u00fc(BJK) y\u00f6neticisi Serdal Adal\u0131 ve teknik direkt\u00f6r\u00fc Tayfur Havut\u00e7u, eski Diyarbak\u0131rspor Ba\u015fkan\u0131 Abdurrahman Yakut, BJK Protokol M\u00fcd\u00fcr\u00fc Ahmet Ate\u015f, s\u00f6zle\u015fmesi fesh edilen Eski\u015fehirspor sportif direkt\u00f6r\u00fc \u00dcmit Karan, futbolcular \u0130brahim Ak\u0131n, \u0130skender Al\u0131n ve Korcan \u00c7elikay&#8217;\u0131n \u00fczerine at\u0131l\u0131 su\u00e7un vas\u0131f ve mahiyetini, mevcut delil durumunu, ayr\u0131ca 6250 say\u0131l\u0131 Sporda \u015eiddet ve D\u00fczensizli\u011fin \u00d6nlenmesine Dair Kanunda De\u011fi\u015fiklik Yap\u0131lmas\u0131 Hakk\u0131ndaki Kanun&#8217;u g\u00f6z \u00f6n\u00fcne alarak tahliyelerine h\u00fckmetti.<\/p>\n<p style=\"text-align: justify;\">Tahliye karar\u0131 oybirli\u011fiyle yap\u0131ld\u0131. Serbest b\u0131rak\u0131lanlara yurtd\u0131\u015f\u0131na \u00e7\u0131k\u0131\u015f yasa\u011f\u0131 da konuldu.<\/p>\n<p style=\"text-align: justify;\"><strong>Cezaevinden \u00e7\u0131kt\u0131lar<\/strong><\/p>\n<p style=\"text-align: justify;\">Mahkemenin tahliyelerine h\u00fckmetti\u011fi, Be\u015fikta\u015f Jimnastik Kul\u00fcb\u00fc (BJK) y\u00f6neticisi Serdal Adal\u0131 ve teknik direkt\u00f6r\u00fc Tayfur Havut\u00e7u, eski Diyarbak\u0131rspor Ba\u015fkan\u0131 Abdurrahman Yakut, BJK Protokol M\u00fcd\u00fcr\u00fc Ahmet Ate\u015f, s\u00f6zle\u015fmesi fesh edilen Eski\u015fehirspor sportif direkt\u00f6r\u00fc \u00dcmit Karan, futbolcular \u0130brahim Ak\u0131n, \u0130skender Al\u0131n ve Korcan \u00c7elikay, cezaevinden \u00e7\u0131kt\u0131.<\/p>\n<p style=\"text-align: justify;\">Kul\u00fcp y\u00f6neticilerinin yan\u0131 s\u0131ra tutuklu bulunan isimlerin yak\u0131nlar\u0131 ve avukatlar\u0131 ile Be\u015fikta\u015fl\u0131 taraftarlar Metris Cezaevi \u00f6n\u00fcnde toplanarak uzun s\u00fcre tahliye edilenleri beklediler. Cezaevine Be\u015fikta\u015fl\u0131 futbolcular R\u00fc\u015ft\u00fc Re\u00e7ber ve \u0130brahim Toraman ile Tayfur Havut\u00e7u&#8217;nun e\u015fi Neslihan Havut\u00e7u ve tahliye olan di\u011fer isimlerin aileleri ve yak\u0131nlar\u0131 da geldi.<\/p>\n<p style=\"text-align: justify;\">Be\u015fikta\u015fl\u0131 taraftarlar uzun bir s\u00fcre Serdal Adal\u0131, Tayfur Havut\u00e7u ve Ahmet Ate\u015f lehine tezah\u00fcratta bulundular.<\/p>\n<p style=\"text-align: justify;\">Tahliye karar\u0131 verilen 8 ki\u015fi saat 21.00&#8217;e gelirken tek tek cezaevinden \u00e7\u0131kmaya ba\u015flad\u0131. \u0130lk \u00e7\u0131kan isim kaleci Korcan \u00c7elikay olurken, Tayfur Havut\u00e7u e\u015fi ve yak\u0131nlar\u0131yla birlikte cezaevinden ayr\u0131ld\u0131.<\/p>\n<p style=\"text-align: justify;\">Taraftarlar teknik direkt\u00f6r Havut\u00e7u&#8217;yu g\u00f6rd\u00fckleri anda tezah\u00fcratlar\u0131n\u0131 art\u0131r\u0131rken, Be\u015fikta\u015f Teknik Direkt\u00f6r\u00fc de taraftarlar\u0131n sevgi g\u00f6sterilerine el sallayarak kar\u015f\u0131l\u0131k verdi. Be\u015fikta\u015f Kul\u00fcb\u00fc y\u00f6neticisi Serdal Adal\u0131, di\u011fer isimlerden farkl\u0131 bir kap\u0131dan \u00e7\u0131k\u0131\u015f yapt\u0131. Adal\u0131 cezaevi \u00e7\u0131k\u0131\u015f\u0131nda Tayfur Havut\u00e7u&#8217;nun yan\u0131na giderek k\u0131sa bir s\u00fcre g\u00f6r\u00fc\u015ft\u00fc.<\/p>\n<p style=\"text-align: justify;\">Bu arada tahliyesi yap\u0131lan ki\u015filerle onlar\u0131 cezaevi i\u00e7ine girip bekleyen yak\u0131nlar\u0131 aras\u0131nda duygusal anlar\u0131n ya\u015fand\u0131\u011f\u0131, tahliye edilenlerle yak\u0131nlar\u0131n\u0131n birbirlerine sar\u0131larak uzun s\u00fcre hasret giderdikleri, g\u00f6zya\u015flar\u0131n\u0131 tutamad\u0131klar\u0131 \u00f6\u011frenildi.<\/p>\n<p style=\"text-align: justify;\"><strong>Yo\u011fun ilgi nedeniyle cezaevinden ayr\u0131lmakta zorland\u0131lar\u00a0<\/strong><\/p>\n<p style=\"text-align: justify;\">Serdal Adal\u0131, Tayfur Havut\u00e7u ve Ahmet Ate\u015f Be\u015fikta\u015fl\u0131 taraftarlar\u0131n yo\u011fun ilgisi nedeniyle cezaevinden ayr\u0131lmakta zorland\u0131lar.<\/p>\n<p style=\"text-align: justify;\">Tahliyelerin ard\u0131ndan otoparkta ara\u00e7lara bindirilen bu isimler, taraftarlar\u0131n ara\u00e7lar\u0131n \u00f6n\u00fcn\u00fc kesmesi nedeniyle uzun s\u00fcre cezaevi \u00f6n\u00fcnde kald\u0131lar.<\/p>\n<p style=\"text-align: justify;\">Teknik direkt\u00f6r Havut\u00e7u, i\u00e7inde bulundu\u011fu arac\u0131n \u00fcst\u00fcndeki a\u00e7\u0131k b\u00f6l\u00fcmden d\u0131\u015far\u0131ya \u00e7\u0131karak taraftarlar\u0131 selamlad\u0131.<\/p>\n<p style=\"text-align: justify;\">Be\u015fikta\u015fl\u0131 taraftarlar, BJK Protokol M\u00fcd\u00fcr\u00fc Ate\u015f&#8217;e de sevgi g\u00f6sterilerinde bulundular.<\/p>\n<p style=\"text-align: justify;\">Arac\u0131n\u0131 cezaevi otopark\u0131na \u00e7ekemeyen kaleci R\u00fc\u015ft\u00fc ise ezilme tehlikesi ya\u015fad\u0131. Cezaevinden y\u00fcr\u00fcyerek \u00e7\u0131kan R\u00fc\u015ft\u00fc bir anda taraftarlar\u0131n aras\u0131nda kal\u0131rken, arac\u0131na gitmekte zorland\u0131. Be\u015fikta\u015fl\u0131 taraftarlar kaleci Korcan \u00c7elikay ile \u00dcmit Karan&#8217;a tepki g\u00f6sterdiler.<\/p>\n<p style=\"text-align: justify;\">Bu arada Be\u015fikta\u015fl\u0131 futbolcu \u0130brahim Toraman yapt\u0131\u011f\u0131 a\u00e7\u0131klamada, &#8220;\u00c7ok mutluyuz. Serdal Adal\u0131, Tayfur Havut\u00e7u ve Ahmet Ate\u015f tekrar aram\u0131za kat\u0131ld\u0131lar. \u0130n\u015fallah camiam\u0131za hay\u0131rl\u0131 olur. Bizim i\u00e7in \u00e7ok g\u00fczel&#8221; dedi.<\/p>\n<p style=\"text-align: justify;\">\u00d6te yandan, tahliyelerin beklendi\u011fi s\u0131rada d\u0131\u015far\u0131daki taraftarlar ile cezaevi alan\u0131 i\u00e7indeki lojmanda Be\u015fikta\u015f bayra\u011f\u0131 asan iki Be\u015fikta\u015f taraftar\u0131 kar\u015f\u0131l\u0131kl\u0131 tezah\u00fcratta bulundular.<\/p>\n<p style=\"text-align: justify;\"><strong>Havut\u00e7u: &#8220;\u00c7ok mutluyum&#8221;\u00a0<\/strong><\/p>\n<p style=\"text-align: justify;\">Be\u015fikta\u015f Teknik Direkt\u00f6r\u00fc Tayfur Havut\u00e7u, bug\u00fcn tahliye olmas\u0131n\u0131n ard\u0131ndan ilk kez DHA&#8217;ya konu\u015ftu. Tahliyesinin ard\u0131ndan evine giden Tayfur Havut\u00e7u, evinin \u00f6n\u00fcnde DHA&#8217;ya k\u0131sa bir a\u00e7\u0131klama yapt\u0131. Tahliye oldu\u011fu ve ailesine kavu\u015ftu\u011fu i\u00e7in mutlu oldu\u011funu s\u00f6yleyen Havut\u00e7u, \u00f6n\u00fcm\u00fczdeki g\u00fcnlerde bir bas\u0131n toplant\u0131s\u0131 yapaca\u011f\u0131n\u0131 ve merak edilen b\u00fct\u00fcn sorulara cevap verece\u011fini s\u00f6yledi. \u00d6te yandan Tayfur Havut\u00e7u&#8217;yu evinde ilk ziyaret edenler aras\u0131nda Siyah-beyazl\u0131 futbolculardan \u0130brahim Toraman ve R\u00fc\u015ft\u00fc Re\u00e7ber yer ald\u0131.<\/p>\n<p style=\"text-align: justify;\"><strong>Seyir yasa\u011f\u0131 kalkanlar<\/strong><\/p>\n<p style=\"text-align: justify;\">\u00d6zel yetkili \u0130stanbul 16. A\u011f\u0131r Ceza Mahkemesi, futbolda \u015fike iddialar\u0131na ili\u015fkin davada, aralar\u0131nda \u0130brahim Ak\u0131n, Tayfur Havut\u00e7u, Emmanuel Chinenye Emenike, \u00dcmit Karan&#8217;n\u0131n da bulundu\u011fu 28 ki\u015fi hakk\u0131ndaki seyirden yasaklanma cezas\u0131n\u0131n kald\u0131r\u0131lmas\u0131na h\u00fckmetti.<\/p>\n<p style=\"text-align: justify;\">\u0130stanbul 16. A\u011f\u0131r Ceza Mahkemesi, davaya ili\u015fkin tensip incelemesini tamamlad\u0131.<\/p>\n<p style=\"text-align: justify;\">Buna g\u00f6re, \u0130brahim Ak\u0131n, \u0130skender Al\u0131n, Tayfur Havut\u00e7u, \u00dcmit Karan, Korcan \u00c7elikay, Cengiz Demirel, Do\u011fan Ercan, Emmanuel Chinenye Emenike, Fatih Akbaba, G\u00f6k\u00e7ek Vederson, Halil K\u00f6ntek, Hikmet Karaman, Kenan Yaral\u0131, Levent Eri\u015f, Mahmut Boz, Mehmet Boz, Mehmet \u015een, Murat \u00d6zt\u00fcrk, Mustafa Ula\u015f Ortakaya, Serdar Berkin, Serdar Kulbilge, Sezer \u00d6zt\u00fcrk, \u015e\u00fckr\u00fc Ongan, Tu\u011frul \u00c7a\u011fr\u0131 \u00dczer, Zafer \u00d6nder \u0130pek, Faruk Ya\u015far, Sercan Y\u0131ld\u0131r\u0131m ve Murat \u015eahin hakk\u0131nda 6222 say\u0131l\u0131 yasan\u0131n 18. maddesi gere\u011fince seyirden yasaklama karar\u0131na kar\u015f\u0131 yap\u0131lan itirazlar\u0131 kabul eden mahkeme heyeti, ad\u0131 ge\u00e7en san\u0131klarla ilgili seyirden yasaklanma koruma tedbirinin kald\u0131r\u0131lmas\u0131na h\u00fckmetti.<\/p>\n<p style=\"text-align: justify;\"><strong>Seyir yasa\u011f\u0131 devam edenler\u00a0<\/strong><\/p>\n<p style=\"text-align: justify;\">Mahkeme heyeti, aralar\u0131nda Aziz Y\u0131ld\u0131r\u0131m, Olgun Peker, Serdal Adal\u0131&#8217;n\u0131n bulundu\u011fu 40 ki\u015fi hakk\u0131nda seyirden yasaklanma koruma tedbirinin devam\u0131na karar verdi.<\/p>\n<p style=\"text-align: justify;\">San\u0131k Emmanuel Chinenye Emenike&#8217;nin yurt d\u0131\u015f\u0131na transfer oldu\u011fundan yurtd\u0131\u015f\u0131ndaki adresi tespit edilerek bulundu\u011fu \u00fclkeden istinabe suretiyle sorgu ve savunmas\u0131n\u0131n yap\u0131lmas\u0131n\u0131 kararla\u015ft\u0131ran mahkeme heyeti, T\u00fcrkiye Futbol Federasyonuna m\u00fczekkere yaz\u0131larak san\u0131klar Haldun \u015eenman, Sami Din\u00e7 ve Talat Emre Ko\u00e7ak&#8217;\u0131n su\u00e7 tarihlerinde federasyonda g\u00f6revli olup olmad\u0131klar\u0131, menajerlik s\u0131nav\u0131 ile ilgili g\u00f6nderilen sorular\u0131n kime ne \u015fekilde g\u00f6nderildi\u011fi, sorular\u0131n g\u00f6nderildi\u011fi ki\u015filer aras\u0131nda s\u00f6z konusu \u015fah\u0131slar\u0131n bulunup bulunmad\u0131\u011f\u0131 ve sorular\u0131n terc\u00fcmesinin ne \u015fekilde yap\u0131ld\u0131\u011f\u0131 hususlar\u0131n\u0131n ara\u015ft\u0131r\u0131larak mahkemeye bilgi verilmesinin istenilmesini \u00f6ng\u00f6rd\u00fc.<\/p>\n<p style=\"text-align: justify;\">Be\u015fikta\u015f Jimnastik Kul\u00fcb\u00fc y\u00f6neticisi Serdal Adal\u0131 ve teknik direkt\u00f6r\u00fc Tayfur Havut\u00e7u&#8217;nun da aralar\u0131nda bulundu\u011fu 8 ki\u015fi, hakk\u0131nda yurtd\u0131\u015f\u0131na \u00e7\u0131k\u0131\u015f yasa\u011f\u0131 koyarak tahliyesine karar veren mahkeme heyeti, aralar\u0131nda Olgun Peker, Aziz Y\u0131ld\u0131r\u0131m, Mehmet \u015eekip Mosturo\u011flu, Mecnun Otyakmaz ve B\u00fclent Uygun&#8217;un da bulundu\u011fu 23 san\u0131\u011f\u0131n \u00fczerlerine at\u0131l\u0131 su\u00e7un yasal yapt\u0131r\u0131m\u0131 olan sevk maddelerinin alt ve \u00fcst s\u0131n\u0131rlar\u0131, at\u0131l\u0131 su\u00e7un niteli\u011fi, delilleri karartma ihtimalinin bulunmas\u0131 ve bu nedenle koruma tedbirlerinin de uygulanmas\u0131 yeterli olmayaca\u011f\u0131ndan tutukluluk hallerinin devam\u0131na h\u00fckmetti.<\/p>\n<p style=\"text-align: justify;\">Mahkeme heyeti, 401 sayfadan olu\u015fan iddianamenin mahkeme huzurunda okunmas\u0131 i\u00e7in TRT \u0130stanbul B\u00f6lge M\u00fcd\u00fcrl\u00fc\u011f\u00fcne yaz\u0131 yazarak 2 spikerin g\u00f6revlendirmesini de istedi.<\/p>\n<p style=\"text-align: justify;\">Heyet, san\u0131klar Aziz Y\u0131ld\u0131r\u0131m ve Serdar Adal\u0131&#8217;n\u0131n aralar\u0131nda bulundu\u011fu 7 ki\u015finin, mahkemenin, &#8220;g\u00f6revsizlik&#8221;, &#8220;tefrik&#8221; ve &#8220;yetkisizlik&#8221; karar\u0131 verilmesi taleplerini, san\u0131klar hakk\u0131nda d\u00fczenlenen iddianamede \u00fczerlerine at\u0131l\u0131 \u00f6rg\u00fct iddias\u0131n\u0131 kan\u0131tlayan unsurlar ve eylemlerin mahkeme dosyas\u0131nda bir b\u00fct\u00fcn halinde de\u011ferlendirilmesinin hukuki yarar<\/p>\n<p style=\"text-align: justify;\">Trabzonspor Kul\u00fcb\u00fc Ba\u015fkan\u0131 Sadri \u015eener&#8217;in stada giri\u015f yasa\u011f\u0131 ise kalkmad\u0131.<\/p>\n<p style=\"text-align: justify;\"><strong>Duru\u015fma tarihi ve yeri de kesinle\u015fti\u00a0<\/strong><\/p>\n<p style=\"text-align: justify;\">Futbolda \u015fike iddialar\u0131na ili\u015fkin 31&#8217;i tutuklu 93 ki\u015fi hakk\u0131nda a\u00e7\u0131lan davan\u0131n ilk duru\u015fmas\u0131, 14 \u015eubat 2012 tarihinde Silivri Ceza \u0130nfaz Kurumlar\u0131 Yerle\u015fkesi&#8217;nde yap\u0131lacak.<\/p>\n<p style=\"text-align: justify;\">\u0130stanbul 16. A\u011f\u0131r Ceza Mahkemesi, davan\u0131n ilk duru\u015fmas\u0131n\u0131n 14 \u015eubat 2012&#8217;de Silivri Ceza \u0130nfaz Kurumlar\u0131 Yerle\u015fkesi&#8217;ndeki salonda yap\u0131lmas\u0131n\u0131 kararla\u015ft\u0131rd\u0131.<\/p>\n<p style=\"text-align: justify;\"><strong>Y\u0131ld\u0131r\u0131m Demir\u00f6ren de mutlu<\/strong><\/p>\n<p style=\"text-align: justify;\">Be\u015fikta\u015f Kul\u00fcb\u00fc Ba\u015fkan\u0131 Y\u0131ld\u0131r\u0131m Demir\u00f6ren; Serdar Adal\u0131, Tayfur Havut\u00e7u ve Ahmet Ate\u015f&#8217;in tahliye haberini, Londra&#8217;ya gitmek \u00fczereyken DHA&#8217;dan \u00f6\u011frendi. Demir\u00f6ren, &#8220;Onlar i\u00e7irede biz d\u0131\u015far\u0131da ac\u0131y\u0131 \u00e7ektik, sevincimiz sonsuz. Camiam\u0131za Allah hi\u00e7bir zaman b\u00f6yle bir durum ya\u015fatmas\u0131n&#8221; dedi.<\/p>\n<p style=\"text-align: justify;\">Be\u015fikta\u015f&#8217;\u0131n Onursal Ba\u015fkan\u0131 ve Havut\u00e7u&#8217;nun day\u0131s\u0131 S\u00fcleyman Seba, ye\u011feninin tahliyesini telefonda duyar duymaz, &#8220;Allah&#8217;\u0131ma \u00e7ok \u015f\u00fck\u00fcrler olsun&#8221; dedi\u011fi ve telefonunu kapatt\u0131\u011f\u0131 \u00f6\u011frenildi.<\/p>\n<p style=\"text-align: justify;\"><a href=\"http:\/\/www.cnnturk.com\/2011\/spor\/futbol\/12\/12\/sike.sorusturmasinda.8.tahliye\/640231.0\/index.html\" target=\"_blank\">Kaynak : CNN T\u00dcRK<\/a><\/p>\n","protected":false},"excerpt":{"rendered":"<p style=\"text-align: center;\">\n<p style=\"text-align: justify;\">\u015eike soru\u015fturmas\u0131 kapsam\u0131nda tutuklu bulunanlardan aralar\u0131nda Tayfur Havut\u00e7u, \u0130brahim Ak\u0131n ve Serdar Adal\u0131&#8217;n\u0131n da bulundu\u011fu 8 ki\u015fi tahliye edildi. Tahliye karar\u0131na \u201cAt\u0131l\u0131 su\u00e7un mahiyeti, mevcut delil durumu, tutuklulukta ge\u00e7en s\u00fcre ve yasan\u0131n de\u011fi\u015fmesi&#8221; gerek\u00e7e g\u00f6sterildi.<\/p>\n","protected":false},"author":1,"featured_media":0,"comment_status":"open","ping_status":"open","sticky":false,"template":"","format":"standard","meta":{"footnotes":""},"categories":[105,42],"tags":[],"class_list":["post-43981","post","type-post","status-publish","format-standard","hentry","category-gundem","category-spor","odd"],"_links":{"self":[{"href":"http:\/\/www.korhanyilmaz.com\/index.php?rest_route=\/wp\/v2\/posts\/43981","targetHints":{"allow":["GET"]}}],"collection":[{"href":"http:\/\/www.korhanyilmaz.com\/index.php?rest_route=\/wp\/v2\/posts"}],"about":[{"href":"http:\/\/www.korhanyilmaz.com\/index.php?rest_route=\/wp\/v2\/types\/post"}],"author":[{"embeddable":true,"href":"http:\/\/www.korhanyilmaz.com\/index.php?rest_route=\/wp\/v2\/users\/1"}],"replies":[{"embeddable":true,"href":"http:\/\/www.korhanyilmaz.com\/index.php?rest_route=%2Fwp%2Fv2%2Fcomments&post=43981"}],"version-history":[{"count":0,"href":"http:\/\/www.korhanyilmaz.com\/index.php?rest_route=\/wp\/v2\/posts\/43981\/revisions"}],"wp:attachment":[{"href":"http:\/\/www.korhanyilmaz.com\/index.php?rest_route=%2Fwp%2Fv2%2Fmedia&parent=43981"}],"wp:term":[{"taxonomy":"category","embeddable":true,"href":"http:\/\/www.korhanyilmaz.com\/index.php?rest_route=%2Fwp%2Fv2%2Fcategories&post=43981"},{"taxonomy":"post_tag","embeddable":true,"href":"http:\/\/www.korhanyilmaz.com\/index.php?rest_route=%2Fwp%2Fv2%2Ftags&post=43981"}],"curies":[{"name":"wp","href":"https:\/\/api.w.org\/{rel}","templated":true}]}}