{"id":43974,"date":"2011-12-12T00:21:35","date_gmt":"2011-12-11T22:21:35","guid":{"rendered":"http:\/\/www.korhanyilmaz.com\/?p=43974"},"modified":"2011-12-12T13:48:06","modified_gmt":"2011-12-12T11:48:06","slug":"bdpli-demirtasa-bir-fezleke-daha","status":"publish","type":"post","link":"http:\/\/www.korhanyilmaz.com\/?p=43974","title":{"rendered":"BDP\u2019li Demirta\u015f\u2019a bir fezleke daha"},"content":{"rendered":"<p style=\"text-align: center;\"><a href=\"http:\/\/www.korhanyilmaz.com\/wp-content\/uploads\/2011\/12\/8024.jpg\"  class=\"lightview\"><img loading=\"lazy\" decoding=\"async\" class=\"aligncenter  wp-image-43975\" src=\"http:\/\/www.korhanyilmaz.com\/wp-content\/uploads\/2011\/12\/8024.jpg\" alt=\"\" width=\"364\" height=\"204\" \/><\/a><\/p>\n<p style=\"text-align: justify;\">\u201cHabur\u2019dan giri\u015f yap\u0131p da Midyat\u2019ta kafese t\u0131k\u0131lan bar\u0131\u015f g\u00fcvercinlerine selamlar\u0131m\u0131z\u0131 g\u00f6nderiyoruz\u201d diyen BDP E\u015fba\u015fkan\u0131 Selahattin Demirta\u015f hakk\u0131nda, \u201cs\u00f6zde bar\u0131\u015f grubunu\u201d sahiplendi\u011fi gerek\u00e7esiyle fezleke d\u00fczenlendi.\u00a0<!--more--><\/p>\n<p style=\"text-align: justify;\">Demokratik a\u00e7\u0131l\u0131m kapsam\u0131nda Kandil ve Mahmur kamplar\u0131ndan gelen ve T\u00fcrkiye\u2019ye giri\u015f yapt\u0131klar\u0131nda tutuklanmamalar\u0131 b\u00fcy\u00fck tepki \u00e7eken 22 ki\u015fi hakk\u0131nda fezlekede ilgin\u00e7 su\u00e7lamalar yer ald\u0131. Bu ki\u015filerin ter\u00f6rist Abdullah \u00d6calan taraf\u0131ndan se\u00e7ildi\u011fi ve \u00f6rg\u00fct ad\u0131na hareket etti\u011finin kaydedildi\u011fi a\u00e7\u0131klamada, Demirta\u015f\u2019\u0131n grupla ilgili a\u00e7\u0131klamalar\u0131 \u201cter\u00f6r su\u00e7u\u201d say\u0131ld\u0131. Genel se\u00e7imlerden bu yana ge\u00e7en 6 ayda, BDP\u2019li milletvekilleri hakk\u0131nda Meclis\u2019e 97 fezleke geldi\u011fi de \u00f6\u011frenildi.<\/p>\n<p style=\"text-align: justify;\"><a href=\"http:\/\/gundem.milliyet.com.tr\/bdp-li-demirtas-a-bir-fezleke-daha\/gundem\/gundemdetay\/12.12.2011\/1474234\/default.htm\" target=\"_blank\">Kaynak : Milliyet.com.tr<\/a><\/p>\n","protected":false},"excerpt":{"rendered":"<p style=\"text-align: center;\">\n<p style=\"text-align: justify;\">\u201cHabur\u2019dan giri\u015f yap\u0131p da Midyat\u2019ta kafese t\u0131k\u0131lan bar\u0131\u015f g\u00fcvercinlerine selamlar\u0131m\u0131z\u0131 g\u00f6nderiyoruz\u201d diyen BDP E\u015fba\u015fkan\u0131 Selahattin Demirta\u015f hakk\u0131nda, \u201cs\u00f6zde bar\u0131\u015f grubunu\u201d sahiplendi\u011fi gerek\u00e7esiyle fezleke d\u00fczenlendi. <\/p>\n","protected":false},"author":1,"featured_media":0,"comment_status":"open","ping_status":"open","sticky":false,"template":"","format":"standard","meta":{"footnotes":""},"categories":[105],"tags":[],"class_list":["post-43974","post","type-post","status-publish","format-standard","hentry","category-gundem","odd"],"_links":{"self":[{"href":"http:\/\/www.korhanyilmaz.com\/index.php?rest_route=\/wp\/v2\/posts\/43974","targetHints":{"allow":["GET"]}}],"collection":[{"href":"http:\/\/www.korhanyilmaz.com\/index.php?rest_route=\/wp\/v2\/posts"}],"about":[{"href":"http:\/\/www.korhanyilmaz.com\/index.php?rest_route=\/wp\/v2\/types\/post"}],"author":[{"embeddable":true,"href":"http:\/\/www.korhanyilmaz.com\/index.php?rest_route=\/wp\/v2\/users\/1"}],"replies":[{"embeddable":true,"href":"http:\/\/www.korhanyilmaz.com\/index.php?rest_route=%2Fwp%2Fv2%2Fcomments&post=43974"}],"version-history":[{"count":0,"href":"http:\/\/www.korhanyilmaz.com\/index.php?rest_route=\/wp\/v2\/posts\/43974\/revisions"}],"wp:attachment":[{"href":"http:\/\/www.korhanyilmaz.com\/index.php?rest_route=%2Fwp%2Fv2%2Fmedia&parent=43974"}],"wp:term":[{"taxonomy":"category","embeddable":true,"href":"http:\/\/www.korhanyilmaz.com\/index.php?rest_route=%2Fwp%2Fv2%2Fcategories&post=43974"},{"taxonomy":"post_tag","embeddable":true,"href":"http:\/\/www.korhanyilmaz.com\/index.php?rest_route=%2Fwp%2Fv2%2Ftags&post=43974"}],"curies":[{"name":"wp","href":"https:\/\/api.w.org\/{rel}","templated":true}]}}