{"id":43969,"date":"2011-12-12T11:57:50","date_gmt":"2011-12-12T09:57:50","guid":{"rendered":"http:\/\/www.korhanyilmaz.com\/?p=43969"},"modified":"2011-12-12T13:48:40","modified_gmt":"2011-12-12T11:48:40","slug":"irak-turkiyeye-sert-cikti","status":"publish","type":"post","link":"http:\/\/www.korhanyilmaz.com\/?p=43969","title":{"rendered":"Irak, T\u00fcrkiye&#8217;ye sert \u00e7\u0131kt\u0131"},"content":{"rendered":"<p style=\"text-align: center;\"><a href=\"http:\/\/www.korhanyilmaz.com\/wp-content\/uploads\/2011\/12\/8023.jpg\"  class=\"lightview\"><img loading=\"lazy\" decoding=\"async\" class=\"aligncenter  wp-image-43970\" src=\"http:\/\/www.korhanyilmaz.com\/wp-content\/uploads\/2011\/12\/8023.jpg\" alt=\"\" width=\"364\" height=\"204\" \/><\/a><\/p>\n<p style=\"text-align: justify;\">Irak Ba\u015fbakan\u0131 El Maliki, Washington ziyareti \u00f6ncesi Wall Street Journal ile yapt\u0131\u011f\u0131 m\u00fclakat\u0131nda T\u00fcrkiye\u2019nin Irak\u2019\u0131n i\u00e7i\u015flerine kar\u0131\u015ft\u0131\u011f\u0131n\u0131 \u00f6ne s\u00fcrerken, &#8220;T\u00fcrkiye, baz\u0131 siyasi \u015fahsiyetleri ve bloklar\u0131 destekleyerek kar\u0131\u015f\u0131yor. Siyasi konularda kabul edilemez bi\u00e7imde kar\u0131\u015f\u0131yorlar&#8221; dedi.\u00a0<!--more--><\/p>\n<p style=\"text-align: justify;\">Irak Ba\u015fbakan\u0131 Nuri El Maliki, T\u00fcrkiye\u2019nin Irak\u2019\u0131n i\u00e7i\u015flerine &#8220;kabul edilemez&#8221; bi\u00e7imde kar\u0131\u015ft\u0131\u011f\u0131n\u0131 \u00f6ne s\u00fcrd\u00fc. El Maliki, &#8220;T\u00fcrkiye, baz\u0131 siyasi \u015fahsiyetleri ve bloklar\u0131 destekleyerek kar\u0131\u015f\u0131yor&#8221; iddias\u0131nda bulundu.<\/p>\n<p style=\"text-align: justify;\">Nuri El Maliki, 12 Aral\u0131k\u2019ta ba\u015flayan Washington ziyareti \u00f6ncesi Wall Street Journal ile yapt\u0131\u011f\u0131 m\u00fclakatta ABD kuvvetlerinin bu ay\u0131n sonunda Irak\u2019tan \u00e7ekilmesi ile \u0130ran\u2019\u0131n bu \u00fclkeye kar\u0131\u015fmak i\u00e7in art\u0131k herhangi bir bahanesinin olmayaca\u011f\u0131n\u0131 vurgularken \u015fu ifadeleri kulland\u0131: &#8220;D\u00fcnyan\u0131n herhangi bir \u00fclkesinin kar\u0131\u015fmas\u0131na kar\u015f\u0131 tav\u0131r al\u0131r\u0131m. Benim i\u00e7in Irak\u2019\u0131n egemenli\u011fi, her \u015feyin \u00fcst\u00fcnde. T\u00fcm \u00fclkelerin dostuyum. Amerika\u2019n\u0131n dostuyum, Rusya\u2019n\u0131n dostuyum, \u0130ran\u2019\u0131n dostuyum, T\u00fcrkiye\u2019nin dostuyum, Araplar\u0131n dostuyum, bizi boykot etmekte \u0131srar edenlerin (Araplar\u0131n) da dostuyum.&#8221; Irak Ba\u015fbakan\u0131 El Maliki, &#8220;T\u00fcrkiye\u2019nin Irak\u2019\u0131n i\u00e7i\u015flerine kar\u0131\u015ft\u0131\u011f\u0131&#8221; y\u00f6n\u00fcndeki iddialara ili\u015fkin olarak, &#8220;T\u00fcrkiye, baz\u0131 siyasi \u015fahsiyetleri ve bloklar\u0131 destekleyerek kar\u0131\u015f\u0131yor&#8221; iddias\u0131n\u0131 dile getirerek \u015f\u00f6yle devam etti: &#8220;Ekonomik i\u015fbirli\u011fi cephesinde onlar\u0131 olumlu kar\u015f\u0131l\u0131yoruz ve onlara a\u00e7\u0131\u011f\u0131z ama siyasi i\u015flere kar\u0131\u015f\u0131lmas\u0131n\u0131 olumlu kar\u015f\u0131lamay\u0131z. T\u00fcrkiye, baz\u0131 siyasi \u015fahsiyetleri ve bloklar\u0131 destekleyerek kar\u0131\u015f\u0131yor. Onlar\u0131n \u00f6nceki b\u00fcy\u00fckel\u00e7isinin kar\u0131\u015fmas\u0131na s\u00fcrekli itiraz ettik ve onlar, kar\u0131\u015f\u0131ld\u0131\u011f\u0131n\u0131 kabul ettiler. Siyasi konularda kabul edilemez bi\u00e7imde kar\u0131\u015f\u0131yorlar.&#8221;<\/p>\n<p style=\"text-align: justify;\"><strong>&#8220;SUR\u0130YE\u2019DE \u0130\u00c7 SAVA\u015e OLURSA T\u00dcM B\u00d6LGE SARSILIR&#8221;\u00a0<\/strong><\/p>\n<p style=\"text-align: justify;\">Suriye ile ilgili tutumlar\u0131n\u0131 da izah eden El Maliki, Suriye\u2019nin Irak kom\u015fusu oldu\u011funu, ge\u00e7mi\u015fte iki \u00fclke aras\u0131nda \u00e7ok b\u00fcy\u00fck sorunlar\u0131n ya\u015fand\u0131\u011f\u0131n\u0131, bug\u00fcn ise Suriye ile ilgili iki unsuru dikkate ald\u0131klar\u0131n\u0131 belirterek \u015funlar\u0131 s\u00f6yledi: &#8220;\u0130lk olarak, Suriye\u2019deki t\u00fcrb\u00fclans i\u00e7 sava\u015f\u0131 d\u00f6n\u00fc\u015f\u00fcrse e\u011fer, Irak olarak \u00e7\u0131karlar\u0131m\u0131z zedelenir. \u0130kincisi de b\u00f6lgesel kayg\u0131m\u0131z. \u00c7\u00fcnk\u00fc b\u00f6lge sars\u0131lacak, Suriye\u2019yi \u00e7evreleyen t\u00fcm b\u00f6lge. Suriye \u00e7ok hassas bir b\u00f6lgede: \u0130srail, Irak, \u00dcrd\u00fcn, T\u00fcrkiye var.&#8221;<\/p>\n<p style=\"text-align: justify;\"><strong>&#8220;SUR\u0130YE\u2019YE EKONOM\u0130K BOYKOTA KAR\u015eIYIZ&#8221;\u00a0<\/strong><\/p>\n<p style=\"text-align: justify;\">El Maliki, Suriye\u2019de de\u011fi\u015fime kar\u015f\u0131 olmad\u0131klar\u0131n\u0131, Suriye halk\u0131n\u0131n \u00f6zg\u00fcrl\u00fck, demokrasi ve se\u00e7im taleplerine g\u00f6n\u00fclden desteklediklerini belirterek, &#8220;Ancak, Suriye halk\u0131n\u0131 a\u00e7 b\u0131rakaca\u011f\u0131 i\u00e7in ekonomik boykota kar\u015f\u0131y\u0131z. Bunun tecr\u00fcbesini Irak\u2019ta ya\u015fad\u0131k. Bedelini, Saddam de\u011fil, halk \u00f6dedi&#8221; \u015feklinde konu\u015ftu.<\/p>\n<p style=\"text-align: justify;\"><a href=\"http:\/\/dunya.milliyet.com.tr\/irak-turkiye-ye-sert-cikti\/dunya\/dunyadetay\/12.12.2011\/1474444\/default.htm\" target=\"_blank\">Kaynak : Milliyet.com.tr<\/a><\/p>\n","protected":false},"excerpt":{"rendered":"<p style=\"text-align: center;\">\n<p style=\"text-align: justify;\">Irak Ba\u015fbakan\u0131 El Maliki, Washington ziyareti \u00f6ncesi Wall Street Journal ile yapt\u0131\u011f\u0131 m\u00fclakat\u0131nda T\u00fcrkiye\u2019nin Irak\u2019\u0131n i\u00e7i\u015flerine kar\u0131\u015ft\u0131\u011f\u0131n\u0131 \u00f6ne s\u00fcrerken, &#8220;T\u00fcrkiye, baz\u0131 siyasi \u015fahsiyetleri ve bloklar\u0131 destekleyerek kar\u0131\u015f\u0131yor. Siyasi konularda kabul edilemez bi\u00e7imde kar\u0131\u015f\u0131yorlar&#8221; dedi. <\/p>\n","protected":false},"author":1,"featured_media":0,"comment_status":"open","ping_status":"open","sticky":false,"template":"","format":"standard","meta":{"footnotes":""},"categories":[3],"tags":[],"class_list":["post-43969","post","type-post","status-publish","format-standard","hentry","category-dunya","odd"],"_links":{"self":[{"href":"http:\/\/www.korhanyilmaz.com\/index.php?rest_route=\/wp\/v2\/posts\/43969","targetHints":{"allow":["GET"]}}],"collection":[{"href":"http:\/\/www.korhanyilmaz.com\/index.php?rest_route=\/wp\/v2\/posts"}],"about":[{"href":"http:\/\/www.korhanyilmaz.com\/index.php?rest_route=\/wp\/v2\/types\/post"}],"author":[{"embeddable":true,"href":"http:\/\/www.korhanyilmaz.com\/index.php?rest_route=\/wp\/v2\/users\/1"}],"replies":[{"embeddable":true,"href":"http:\/\/www.korhanyilmaz.com\/index.php?rest_route=%2Fwp%2Fv2%2Fcomments&post=43969"}],"version-history":[{"count":0,"href":"http:\/\/www.korhanyilmaz.com\/index.php?rest_route=\/wp\/v2\/posts\/43969\/revisions"}],"wp:attachment":[{"href":"http:\/\/www.korhanyilmaz.com\/index.php?rest_route=%2Fwp%2Fv2%2Fmedia&parent=43969"}],"wp:term":[{"taxonomy":"category","embeddable":true,"href":"http:\/\/www.korhanyilmaz.com\/index.php?rest_route=%2Fwp%2Fv2%2Fcategories&post=43969"},{"taxonomy":"post_tag","embeddable":true,"href":"http:\/\/www.korhanyilmaz.com\/index.php?rest_route=%2Fwp%2Fv2%2Ftags&post=43969"}],"curies":[{"name":"wp","href":"https:\/\/api.w.org\/{rel}","templated":true}]}}