{"id":43963,"date":"2011-12-11T16:30:01","date_gmt":"2011-12-11T14:30:01","guid":{"rendered":"http:\/\/www.korhanyilmaz.com\/?p=43963"},"modified":"2011-12-11T19:25:57","modified_gmt":"2011-12-11T17:25:57","slug":"erdogan-16-aralikta-bakanlar-kurulunu-toplayacak","status":"publish","type":"post","link":"http:\/\/www.korhanyilmaz.com\/?p=43963","title":{"rendered":"Erdo\u011fan 16 Aral\u0131k&#8217;ta Bakanlar Kurulu&#8217;nu toplayacak"},"content":{"rendered":"<p style=\"text-align: justify;\"><a href=\"http:\/\/www.korhanyilmaz.com\/wp-content\/uploads\/2011\/12\/8022.jpg\"  class=\"lightview\"><img loading=\"lazy\" decoding=\"async\" class=\"aligncenter size-full wp-image-43964\" title=\"\" src=\"http:\/\/www.korhanyilmaz.com\/wp-content\/uploads\/2011\/12\/8022.jpg\" alt=\"\" width=\"292\" height=\"196\" \/><\/a><\/p>\n<p style=\"text-align: justify;\">Bakanlar Kurulunun, Ba\u015fbakan Recep Tayyip Erdo\u011fan&#8217;\u0131n ba\u015fkanl\u0131\u011f\u0131nda 16 Aral\u0131k Cuma g\u00fcn\u00fc saat 14.00&#8217;te toplanaca\u011f\u0131 bildirildi. Bu arada Bakanlar Kurulu&#8217;ndan Ba\u015fbakan&#8217;\u0131 ameliyat\u0131 sonras\u0131 evinde ilk ziyaret eden isim Adalet Bakan\u0131 Sadullah Ergin oldu.\u00a0<!--more--><\/p>\n<p style=\"text-align: justify;\">Bir s\u00fcredir ge\u00e7irdi\u011fi ameliyat nedeniyle evinde dinlenen Erdo\u011fan&#8217;\u0131n 16 Aral\u0131k Cuma g\u00fcn\u00fc yap\u0131lacak Bakanlar Kurulu toplant\u0131s\u0131na ba\u015fkanl\u0131k edece\u011fi \u00f6\u011frenildi.<\/p>\n<p style=\"text-align: justify;\">Erdo\u011fan&#8217;\u0131n ayr\u0131ca, 15 Aral\u0131k Per\u015fembe g\u00fcn\u00fc yap\u0131lacak Y\u00fcksek Askeri \u015eura Toplant\u0131s\u0131&#8217;na da kat\u0131larak, ba\u015fkanl\u0131k edece\u011fi belirtildi.<\/p>\n<p style=\"text-align: justify;\">\u00d6te yandan Erdo\u011fan&#8217;\u0131n 13 Aral\u0131k Sal\u0131 g\u00fcn\u00fc T\u00fcrkiye&#8217;ye bir ziyaret ger\u00e7ekle\u015ftirecek Romanya Devlet Ba\u015fkan\u0131 Traian Basescu ile \u0130stanbul&#8217;da g\u00f6r\u00fc\u015fece\u011fi kaydedildi.<\/p>\n<p style=\"text-align: justify;\"><strong>Ergin&#8217;den ziyaret\u00a0<\/strong><\/p>\n<p style=\"text-align: justify;\">Bu arada d\u00fcn Dolmabah\u00e7e Saray\u0131&#8217;nda Milli E\u011fitim Bakan\u0131 \u00d6mer Din\u00e7er&#8217;i kabul eden Erdo\u011fan&#8217;\u0131 Adalet Bakan\u0131 Sadullah Ergin, \u00dcsk\u00fcdar K\u0131s\u0131kl\u0131&#8217;daki konutunda ziyaret etti. Erdo\u011fan ameliyat sonras\u0131 ilk kez Bakanlar Kurulu&#8217;ndan bir bakan\u0131 konutunda kabul etti. Ergin makam arac\u0131yla Ba\u015fbakan Erdo\u011fan&#8217;\u0131n konutuna 15:15&#8217;te giri\u015f yapt\u0131.<\/p>\n<p style=\"text-align: justify;\"><a href=\"http:\/\/www.cnnturk.com\/2011\/turkiye\/12\/11\/erdogan.16.aralikta.bakanlar.kurulunu.toplayacak\/640083.0\/index.html\" target=\"_blank\">Kaynak : CNN T\u00dcRK<\/a><\/p>\n","protected":false},"excerpt":{"rendered":"<p style=\"text-align: justify;\">\n<p style=\"text-align: justify;\">Bakanlar Kurulunun, Ba\u015fbakan Recep Tayyip Erdo\u011fan&#8217;\u0131n ba\u015fkanl\u0131\u011f\u0131nda 16 Aral\u0131k Cuma g\u00fcn\u00fc saat 14.00&#8217;te toplanaca\u011f\u0131 bildirildi. Bu arada Bakanlar Kurulu&#8217;ndan Ba\u015fbakan&#8217;\u0131 ameliyat\u0131 sonras\u0131 evinde ilk ziyaret eden isim Adalet Bakan\u0131 Sadullah Ergin oldu. <\/p>\n","protected":false},"author":1,"featured_media":0,"comment_status":"open","ping_status":"open","sticky":false,"template":"","format":"standard","meta":{"footnotes":""},"categories":[105],"tags":[],"class_list":["post-43963","post","type-post","status-publish","format-standard","hentry","category-gundem","odd"],"_links":{"self":[{"href":"http:\/\/www.korhanyilmaz.com\/index.php?rest_route=\/wp\/v2\/posts\/43963","targetHints":{"allow":["GET"]}}],"collection":[{"href":"http:\/\/www.korhanyilmaz.com\/index.php?rest_route=\/wp\/v2\/posts"}],"about":[{"href":"http:\/\/www.korhanyilmaz.com\/index.php?rest_route=\/wp\/v2\/types\/post"}],"author":[{"embeddable":true,"href":"http:\/\/www.korhanyilmaz.com\/index.php?rest_route=\/wp\/v2\/users\/1"}],"replies":[{"embeddable":true,"href":"http:\/\/www.korhanyilmaz.com\/index.php?rest_route=%2Fwp%2Fv2%2Fcomments&post=43963"}],"version-history":[{"count":0,"href":"http:\/\/www.korhanyilmaz.com\/index.php?rest_route=\/wp\/v2\/posts\/43963\/revisions"}],"wp:attachment":[{"href":"http:\/\/www.korhanyilmaz.com\/index.php?rest_route=%2Fwp%2Fv2%2Fmedia&parent=43963"}],"wp:term":[{"taxonomy":"category","embeddable":true,"href":"http:\/\/www.korhanyilmaz.com\/index.php?rest_route=%2Fwp%2Fv2%2Fcategories&post=43963"},{"taxonomy":"post_tag","embeddable":true,"href":"http:\/\/www.korhanyilmaz.com\/index.php?rest_route=%2Fwp%2Fv2%2Ftags&post=43963"}],"curies":[{"name":"wp","href":"https:\/\/api.w.org\/{rel}","templated":true}]}}