{"id":43957,"date":"2011-12-11T15:21:33","date_gmt":"2011-12-11T13:21:33","guid":{"rendered":"http:\/\/www.korhanyilmaz.com\/?p=43957"},"modified":"2011-12-11T19:21:02","modified_gmt":"2011-12-11T17:21:02","slug":"kilicdaroglu-ak-parti-abyi-kullandi","status":"publish","type":"post","link":"http:\/\/www.korhanyilmaz.com\/?p=43957","title":{"rendered":"K\u0131l\u0131\u00e7daro\u011flu: &#8220;AK Parti, AB&#8217;yi kulland\u0131&#8221;"},"content":{"rendered":"<p style=\"text-align: center;\"><a href=\"http:\/\/www.korhanyilmaz.com\/wp-content\/uploads\/2011\/12\/8020.jpg\"  class=\"lightview\"><img loading=\"lazy\" decoding=\"async\" class=\"aligncenter  wp-image-43958\" src=\"http:\/\/www.korhanyilmaz.com\/wp-content\/uploads\/2011\/12\/8020.jpg\" alt=\"\" width=\"307\" height=\"236\" \/><\/a><\/p>\n<p style=\"text-align: justify;\">CHP Genel Ba\u015fkan\u0131 Kemal K\u0131l\u0131\u00e7daro\u011flu, T\u00fcrkiye&#8217;nin Avrupa Birli\u011fi (AB) s\u00fcrecine ili\u015fkin, &#8220;AB s\u00fcrecinde \u00e7ok gerilerdeyiz. AKP, AB&#8217;yi kulland\u0131, demokratik s\u00f6ylemlerini kulland\u0131. Ama bug\u00fcn geldi\u011fimiz noktada art\u0131k AB&#8217;ye ihtiyac\u0131 olmayan bir siyasi anlay\u0131\u015f \u00e7\u0131kt\u0131 ortaya&#8221; dedi.\u00a0<!--more--><\/p>\n<p style=\"text-align: justify;\">TRT-1&#8217;deki &#8220;Politik A\u00e7\u0131l\u0131m&#8221; program\u0131na kat\u0131lan K\u0131l\u0131\u00e7daro\u011flu, canl\u0131 yay\u0131nda g\u00fcndeme ili\u015fkin sorular\u0131 yan\u0131tlad\u0131.<\/p>\n<p style=\"text-align: justify;\">K\u0131l\u0131\u00e7daro\u011flu, &#8220;Dersim tart\u0131\u015fmalar\u0131na&#8221; ili\u015fkin soruyu yan\u0131tlarken, konuyu g\u00fcndeme getiren partisinin Tunceli milletvekili H\u00fcseyin Ayg\u00fcn ile hi\u00e7bir akrabal\u0131\u011f\u0131n\u0131n bulunmad\u0131\u011f\u0131n\u0131 s\u00f6yledi. Tart\u0131\u015fmalar\u0131n sonlanmas\u0131 ve d\u00f6nemin ayd\u0131nlanmas\u0131 i\u00e7in &#8220;ar\u015fivlerin a\u00e7\u0131lmas\u0131&#8221; \u00f6nerisini yineleyen K\u0131l\u0131\u00e7daro\u011flu, samimiyetin ancak bu yolla sa\u011flanabilece\u011fini vurgulad\u0131.<\/p>\n<p style=\"text-align: justify;\">K\u0131l\u0131\u00e7daro\u011flu konuya ili\u015fkin bir ba\u015fka soruyu yan\u0131tlarken de \u0130hsan Sabri \u00c7a\u011flayangil ile 80&#8217;li y\u0131llarda Dersim&#8217;de ya\u015fananlara ili\u015fkin bir g\u00f6r\u00fc\u015fme yapt\u0131\u011f\u0131n\u0131, Celal Bayar&#8217;la da g\u00f6r\u00fc\u015fmek istedi\u011fini, ancak rahats\u0131zlanmas\u0131 ve ard\u0131ndan vefat\u0131 nedeniyle g\u00f6r\u00fc\u015fmenin ger\u00e7ekle\u015femedi\u011fini anlatt\u0131. Bu g\u00f6r\u00fc\u015fmeleri, d\u00f6nemi ya\u015fayanlarla konu\u015farak elde etti\u011fi bilgileri daha sonra bir kitap haline getirmek amac\u0131yla yapt\u0131\u011f\u0131n\u0131 s\u00f6yleyen K\u0131l\u0131\u00e7daro\u011flu, ancak olanaks\u0131zl\u0131klar nedeniyle kitap projesini hayata ge\u00e7iremedi\u011fini kaydetti.<\/p>\n<p style=\"text-align: justify;\">Bedelli askerlik konusuna da de\u011finen K\u0131l\u0131\u00e7daro\u011flu, bedelli askerli\u011fin CHP&#8217;nin projesi oldu\u011funu, ancak partisinin \u00f6nerisinde maddi imkan\u0131 olmayanlar\u0131n da uygulamadan yararlanabilmesine olanak tan\u0131nd\u0131\u011f\u0131n\u0131 ifade etti.<\/p>\n<p style=\"text-align: justify;\">Partilerin, Sporda \u015eiddet ve D\u00fczensizli\u011fin \u00d6nlenmesine Dair Kanunda De\u011fi\u015fiklik Yap\u0131lmas\u0131 Hakk\u0131nda Kanun \u00fczerinde uzla\u015ft\u0131\u011f\u0131, ancak tutukluluk s\u00fcreleri gibi di\u011fer tart\u0131\u015fmal\u0131 konularda bu uzla\u015fman\u0131n neden sa\u011flanamad\u0131\u011f\u0131 ile CHP&#8217;nin yasaya neden destek verdi\u011fi sorular\u0131n\u0131 da yan\u0131tlayan K\u0131l\u0131\u00e7daro\u011flu, yasaya su\u00e7la ceza aras\u0131nda orant\u0131s\u0131zl\u0131\u011f\u0131n giderilmesi i\u00e7in destek verdiklerini s\u00f6yledi.<\/p>\n<p style=\"text-align: justify;\">K\u0131l\u0131\u00e7daro\u011flu, \u015f\u00f6yle devam etti:<\/p>\n<p style=\"text-align: justify;\">&#8220;Bizim demokrasimizde ciddi bir eksiklik var. Koskoca AKP Grubu bir ki\u015finin a\u011fz\u0131na bak\u0131yor. Say\u0131n Ba\u015fbakan\u0131n. Say\u0131n Ba\u015fbakan bir \u015fey demedi\u011fi s\u00fcrece o gruptan bir \u015feyin ge\u00e7me \u015fans\u0131 s\u0131f\u0131r. \u00d6neri mi? Oraya gidilecek, hangi konu olursa olsun. \u015eunu kabul ederim ben; bakanlar kurulunda g\u00f6r\u00fc\u015f\u00fcl\u00fcr, de\u011fi\u015fik se\u00e7enekler gelir, b\u00fcrokrasi o se\u00e7enekleri haz\u0131rlar, siyasi partinin kendi felsefesine g\u00f6re de yasa \u015fekillenir ve parlamentoya gelir, bir tart\u0131\u015fma zemini olur. Ama \u015fimdi \u00f6yle bir tart\u0131\u015fma zemini yok. Uzun tutukluluk s\u00fcresinden Cumhurba\u015fkan\u0131 \u015fikayet\u00e7i, baz\u0131 bakanlar \u015fikayet\u00e7i, hatta Hakimler ve Savc\u0131lar Y\u00fcksek Kurulundan birinci ba\u015fkan da \u015fikayet\u00e7i.<\/p>\n<p style=\"text-align: justify;\">&#8216;Uzun tutukluluk s\u00fcresi normaldir&#8217; diyen bir ki\u015fiyi ben \u015fu ana kadar g\u00f6rmedim. O zaman soru \u015fu: Neden \u00e7\u00f6z\u00fclmez bu? Uzun s\u00fcre beklediler, biz dedik ki &#8216;buyurun \u00e7\u00f6z\u00fcn&#8217;. Arkas\u0131ndan &#8216;siz teklif verin&#8217;. Olur. Teklifi verdi. Arkas\u0131ndan yine bir sessizlik. Sorun nerede? Bir ki\u015fi ikna edilemedi\u011fi i\u00e7in&#8230;Kim o? Say\u0131n Recep Tayyip Erdo\u011fan. O ikna edilemedi\u011fi s\u00fcrece bu yasa parlamentodan ge\u00e7miyor. Niye birbirimizi kand\u0131r\u0131yoruz? O zaman \u00f6zg\u00fcrl\u00fck isteyen, demokrasi isteyen, hak isteyen, adalet isteyen medyan\u0131n bunu ele\u015ftirmesi gerekmez mi? Bana g\u00f6re gerekir. Ama ele\u015ftiremez. \u00c7\u00fcnk\u00fc m\u00fcthi\u015f bir korku imparatorlu\u011fu var.&#8221;<\/p>\n<p style=\"text-align: justify;\">CHP olarak, uzun tutukluluk s\u00fcreleri konusunun pe\u015fini b\u0131rakmayacaklar\u0131n\u0131 belirten K\u0131l\u0131\u00e7daro\u011flu, asl\u0131nda bu sorunu \u00e7\u00f6zmesi gerekenin yarg\u0131n\u0131n kendisi oldu\u011funu da ifade etti.<\/p>\n<p style=\"text-align: justify;\"><strong>-&#8220;(CHP ne s\u00f6ylerse kesin yanl\u0131\u015ft\u0131r) alg\u0131s\u0131yla yola \u00e7\u0131kt\u0131\u011f\u0131n\u0131z anda demokrasi olmaz&#8221;-\u00a0<\/strong><\/p>\n<p style=\"text-align: justify;\">K\u0131l\u0131\u00e7daro\u011flu, medyaya y\u00f6nelik ele\u015ftirilerinin hat\u0131rlat\u0131lmas\u0131 \u00fczerine de &#8220;medya bize neden yer vermiyor?&#8221; \u015feklinde bir s\u0131k\u0131nt\u0131lar\u0131 olmad\u0131\u011f\u0131n\u0131, ancak medyan\u0131n \u00fclkenin temel sorunlar\u0131na gereken ilgiyi g\u00f6stermedi\u011fini ileri s\u00fcrd\u00fc.<\/p>\n<p style=\"text-align: justify;\">K\u0131l\u0131\u00e7daro\u011flu, &#8220;Medyan\u0131n muhalif olmas\u0131 laz\u0131m. Ele\u015ftirmesi laz\u0131m. Van depreminde bu h\u00fck\u00fcmet resmen \u00e7uvallad\u0131. Ama buyurun bak\u0131n sanki Van&#8217;da hi\u00e7bir \u015fey olmam\u0131\u015f, h\u00fck\u00fcmet b\u00fcy\u00fck ba\u015far\u0131lar elde etmi\u015f gibi bir tablo var. Ayn\u0131 \u015fey ekonomide var. \u0130\u015f adamlar\u0131na bak\u0131yorsunuz medya \u00f6n\u00fcnde farkl\u0131 konu\u015fuyorlar, kapal\u0131 kap\u0131lar ard\u0131ndan farkl\u0131 konu\u015fuyorlar. &#8216;Niye b\u00f6yle diyoruz?&#8217; H\u00fck\u00fcmetten korkuyorlar, bunu bize s\u00f6yl\u00fcyorlar&#8221; diye konu\u015ftu.<\/p>\n<p style=\"text-align: justify;\">\u00dclke sorunlar\u0131n\u0131n \u00e7\u00f6z\u00fcm\u00fc i\u00e7in Ba\u015fbakan Recep Tayyip Erdo\u011fan ile biraraya gelip gelemeyece\u011fine y\u00f6nelik soruyu yan\u0131tlayan K\u0131l\u0131\u00e7daro\u011flu, &#8220;Ko\u015fullar uygun olursa neden olmas\u0131n&#8221; dedi.<\/p>\n<p style=\"text-align: justify;\">\u00dclkenin ciddi sorunlar\u0131n\u0131n bulundu\u011funu, CHP olarak, bu sorunlar\u0131n \u00e7\u00f6z\u00fcm\u00fcne katk\u0131 vermeye her zaman haz\u0131r oldu\u011funu vurgulayan K\u0131l\u0131\u00e7daro\u011flu, CHP&#8217;nin muhalefeti eski alg\u0131yla yapmad\u0131\u011f\u0131n\u0131, her \u015feyi toptan reddetmedi\u011fini, reddettiklerinin yerine de yeni \u00f6neriler getirdi\u011fini belirtti.<\/p>\n<p style=\"text-align: justify;\">Anamuhalefet partisine en sert tepkilerin Ba\u015fbakan Erdo\u011fan&#8217;dan geldi\u011fini dile getiren K\u0131l\u0131\u00e7daro\u011flu, ele\u015ftirileri yan\u0131tlad\u0131klar\u0131n\u0131, ancak kendilerinin ayn\u0131 dili ve\u00a0\u00fcslubu kullanmad\u0131\u011f\u0131n\u0131 savundu.<\/p>\n<p style=\"text-align: justify;\">K\u0131l\u0131\u00e7daro\u011flu, &#8220;Arada ciddi bir diyalog kopuklu\u011fu oldu\u011fu kesin. Bizim s\u00f6ylemlerimizin o cephede arzu etti\u011fimiz yank\u0131y\u0131 bulmad\u0131\u011f\u0131n\u0131 da biliyoruz. \u00d6nyarg\u0131lar var. &#8216;CHP ne s\u00f6ylerse kesin yanl\u0131\u015ft\u0131r&#8217;. Bu alg\u0131yla yola \u00e7\u0131kt\u0131\u011f\u0131n\u0131z anda orada demokrasi olmaz zaten&#8221; dedi.<\/p>\n<p style=\"text-align: justify;\">D\u0131\u015f politikaya ili\u015fkin sorular\u0131 da yan\u0131tlayan K\u0131l\u0131\u00e7daro\u011flu, AK Parti&#8217;nin bu alandaki yakla\u015f\u0131m\u0131n\u0131 ele\u015ftirdi. &#8220;Arap Bahar\u0131&#8217;\u0131 demokrasi ve \u00f6zg\u00fcrl\u00fck isteyen halklar\u0131n talebiyse ba\u015flar\u0131n\u0131n \u00fczerinde yeri oldu\u011funu belirten K\u0131l\u0131\u00e7daro\u011flu, &#8220;Arap Bahar\u0131 enerji kaynaklar\u0131n\u0131n payla\u015f\u0131m\u0131yd\u0131&#8221; ifadesini kulland\u0131 ve \u00fclkelerin gelece\u011fine halklar\u0131n taleplerinin y\u00f6n vermesi gerekti\u011fini s\u00f6yledi.<\/p>\n<p style=\"text-align: justify;\">K\u0131l\u0131\u00e7daro\u011flu, Libya ile ili\u015fkilere ve gelinen noktaya de\u011finirken de &#8220;Bu vesileyle soral\u0131m. Say\u0131n Ba\u015fbakan 25 bin dolar \u00f6d\u00fcl ald\u0131, o \u00f6d\u00fcl\u00fc de bir yard\u0131m kurulu\u015funa ba\u011f\u0131\u015flayacakt\u0131. Onu da a\u00e7\u0131klarsa memnun oluruz, hangi kurulu\u015fa ba\u011f\u0131\u015flad\u0131\u011f\u0131n\u0131. B\u00f6ylece kamuoyu da \u00f6\u011frenmi\u015f olur bunu&#8221; dedi.<\/p>\n<p style=\"text-align: justify;\"><strong>-&#8220;\u0130ran&#8217;\u0131 yaln\u0131zla\u015ft\u0131rmak, Suriye&#8217;nin elini g\u00fc\u00e7lendirmek&#8230;&#8221;-\u00a0<\/strong><\/p>\n<p style=\"text-align: justify;\">Suriye&#8217;deki geli\u015fmeleri iyi de\u011ferlendirmek gerekti\u011fini ifade eden K\u0131l\u0131\u00e7daro\u011flu, \u015funlar\u0131 kaydetti:<\/p>\n<p style=\"text-align: justify;\">&#8220;Bu b\u00fcy\u00fck senaryonun k\u00fc\u00e7\u00fck bir par\u00e7as\u0131. Ortado\u011fu&#8217;da \u0130ran&#8217;\u0131 yaln\u0131zla\u015ft\u0131rmak Suriye&#8217;nin elini g\u00fc\u00e7lendirmektir. Bu senaryoyu niye g\u00f6rm\u00fcyoruz biz. Bunu \u0130ran, Rusya, \u00c7in g\u00f6r\u00fcyor, herkes g\u00f6r\u00fcyor. T\u00fcrkiye de asl\u0131nda fark\u0131nda. Suriye&#8217;de e\u011fer y\u00f6netimi de\u011fi\u015ftirip, \u0130ran kar\u015f\u0131t\u0131 bir y\u00f6netim olu\u015fturulabilirse, \u0130ran o b\u00f6lgede yaln\u0131zla\u015facak. Suriye&#8217;de kan d\u00f6k\u00fcl\u00fcyor da peki ba\u015fka Arap \u00fclkelerinde de var. Orada niye kimse ses \u00e7\u0131karm\u0131yor. Suriye&#8217;de demokrasi yokmu\u015f, Arap Birli\u011fi s\u00f6yl\u00fcyor. \u00c7ok \u00f6z\u00fcr dilerim, ama tam mizah konusu. Hangi Arap \u00fclkesinde demokrasi var ki kalkm\u0131\u015flar Suriye&#8217;de demokrasi istiyorlar.&#8221;<\/p>\n<p style=\"text-align: justify;\">T\u00fcrkiye&#8217;nin Avrupa Birli\u011fi (AB) s\u00fcrecine ili\u015fkin soruyu da yan\u0131tlayan K\u0131l\u0131\u00e7daro\u011flu, &#8220;Avrupa Birli\u011fi s\u00fcrecinde \u00e7ok gerilerdeyiz. AKP, AB&#8217;yi kulland\u0131, demokratik s\u00f6ylemlerini kulland\u0131. Ama bug\u00fcn geldi\u011fimiz noktada art\u0131k AB&#8217;ye ihtiyac\u0131 olmayan bir siyasi anlay\u0131\u015f \u00e7\u0131kt\u0131 ortaya. &#8216;Ne demokrasisi karde\u015fim, ben bildi\u011fimi okurum&#8217;&#8230;&#8221; ifadesini kulland\u0131.<\/p>\n<p style=\"text-align: justify;\">K\u0131l\u0131\u00e7daro\u011flu, yeni anayasa \u00e7al\u0131\u015fmalar\u0131 konusundaki soruyu yan\u0131tlarken de CHP&#8217;nin b\u00fct\u00fcn samimiyetiyle \u00fclkeyi sa\u011fl\u0131kl\u0131, \u00e7a\u011fda\u015f, tutarl\u0131 bir anayasaya kavu\u015fturma \u00e7abas\u0131 i\u00e7inde oldu\u011funu s\u00f6yledi.<\/p>\n<p style=\"text-align: justify;\">CHP&#8217;nin uzla\u015fma i\u00e7inde bir anayasa yap\u0131lmas\u0131ndan yana oldu\u011funu, ilgili komisyonda da bu anlay\u0131\u015fla \u00e7al\u0131\u015faca\u011f\u0131n\u0131 dile getiren K\u0131l\u0131\u00e7daro\u011flu, &#8220;Arkada\u015flara talimat\u0131m var, hi\u00e7 kimse masadan kalkmayacak. Bizim amac\u0131m\u0131z T\u00fcrkiye&#8217;ye \u00e7a\u011fda\u015f bir anayasa getirmek&#8221; dedi.<\/p>\n<p style=\"text-align: justify;\"><a href=\"http:\/\/www.cnnturk.com\/2011\/turkiye\/12\/11\/kilicdaroglu.ak.parti.abyi.kullandi\/640081.0\/index.html\" target=\"_blank\">Kaynak : CNN T\u00dcRK<\/a><\/p>\n","protected":false},"excerpt":{"rendered":"<p style=\"text-align: center;\">\n<p style=\"text-align: justify;\">CHP Genel Ba\u015fkan\u0131 Kemal K\u0131l\u0131\u00e7daro\u011flu, T\u00fcrkiye&#8217;nin Avrupa Birli\u011fi (AB) s\u00fcrecine ili\u015fkin, &#8220;AB s\u00fcrecinde \u00e7ok gerilerdeyiz. AKP, AB&#8217;yi kulland\u0131, demokratik s\u00f6ylemlerini kulland\u0131. Ama bug\u00fcn geldi\u011fimiz noktada art\u0131k AB&#8217;ye ihtiyac\u0131 olmayan bir siyasi anlay\u0131\u015f \u00e7\u0131kt\u0131 ortaya&#8221; dedi. <\/p>\n","protected":false},"author":1,"featured_media":0,"comment_status":"open","ping_status":"open","sticky":false,"template":"","format":"standard","meta":{"footnotes":""},"categories":[105],"tags":[],"class_list":["post-43957","post","type-post","status-publish","format-standard","hentry","category-gundem","odd"],"_links":{"self":[{"href":"http:\/\/www.korhanyilmaz.com\/index.php?rest_route=\/wp\/v2\/posts\/43957","targetHints":{"allow":["GET"]}}],"collection":[{"href":"http:\/\/www.korhanyilmaz.com\/index.php?rest_route=\/wp\/v2\/posts"}],"about":[{"href":"http:\/\/www.korhanyilmaz.com\/index.php?rest_route=\/wp\/v2\/types\/post"}],"author":[{"embeddable":true,"href":"http:\/\/www.korhanyilmaz.com\/index.php?rest_route=\/wp\/v2\/users\/1"}],"replies":[{"embeddable":true,"href":"http:\/\/www.korhanyilmaz.com\/index.php?rest_route=%2Fwp%2Fv2%2Fcomments&post=43957"}],"version-history":[{"count":0,"href":"http:\/\/www.korhanyilmaz.com\/index.php?rest_route=\/wp\/v2\/posts\/43957\/revisions"}],"wp:attachment":[{"href":"http:\/\/www.korhanyilmaz.com\/index.php?rest_route=%2Fwp%2Fv2%2Fmedia&parent=43957"}],"wp:term":[{"taxonomy":"category","embeddable":true,"href":"http:\/\/www.korhanyilmaz.com\/index.php?rest_route=%2Fwp%2Fv2%2Fcategories&post=43957"},{"taxonomy":"post_tag","embeddable":true,"href":"http:\/\/www.korhanyilmaz.com\/index.php?rest_route=%2Fwp%2Fv2%2Ftags&post=43957"}],"curies":[{"name":"wp","href":"https:\/\/api.w.org\/{rel}","templated":true}]}}