{"id":43953,"date":"2011-12-10T19:12:13","date_gmt":"2011-12-10T17:12:13","guid":{"rendered":"http:\/\/www.korhanyilmaz.com\/?p=43953"},"modified":"2011-12-11T08:51:24","modified_gmt":"2011-12-11T06:51:24","slug":"zaman-gazetesinden-erdogana-agir-yazi","status":"publish","type":"post","link":"http:\/\/www.korhanyilmaz.com\/?p=43953","title":{"rendered":"Zaman gazetesinden Erdo\u011fan&#8217;a a\u011f\u0131r yaz\u0131"},"content":{"rendered":"<p style=\"text-align: justify;\"><a href=\"http:\/\/www.korhanyilmaz.com\/wp-content\/uploads\/2011\/12\/8019.jpg\"  class=\"lightview\"><img loading=\"lazy\" decoding=\"async\" class=\"aligncenter size-full wp-image-43954\" title=\"\" src=\"http:\/\/www.korhanyilmaz.com\/wp-content\/uploads\/2011\/12\/8019.jpg\" alt=\"\" width=\"292\" height=\"224\" \/><\/a><\/p>\n<p style=\"text-align: justify;\">Fethullah G\u00fclen&#8217;e yak\u0131nl\u0131\u011f\u0131yla bilinen Zaman gazetesinde A. Turan Alkan, Ba\u015fbakan Erdo\u011fan&#8217;\u0131n futboldaki \u015fike yasas\u0131yla ilgili tavr\u0131n\u0131 sorgulad\u0131 ve a\u011f\u0131r bir yaz\u0131 kaleme ald\u0131. Alkan yaz\u0131n\u0131n sonunu, &#8220;Aksi takdirde, &#8216;Bir ba\u015fbakan vard\u0131&#8217; deyip \u00fcz\u00fclece\u011fiz&#8221; s\u00f6zleriyle bitirdi.<!--more--><\/p>\n<p style=\"text-align: justify;\"><span style=\"text-decoration: underline;\">Zaman gazetesinden A. Turan Alkan&#8217;\u0131n yaz\u0131s\u0131\u00a0<\/span>:<\/p>\n<p style=\"text-align: justify;\"><strong>\u015eike koalisyonu ve yeni anayasa\u00a0<\/strong><\/p>\n<p style=\"text-align: justify;\">Bur\u00e7 FM ve Mehtap TV&#8217;deki programlar i\u00e7in, d\u00f6n\u00fc\u015f\u00fc de hesaba katarsak bir hafta i\u00e7inde en az d\u00f6rt kere Ba\u015fbakan&#8217;\u0131n K\u0131s\u0131kl\u0131&#8217;daki evi civar\u0131ndan ge\u00e7iyorum demektir.<\/p>\n<p style=\"text-align: justify;\">\u00d6nce annesinin vef\u00e2t\u0131nda, ard\u0131ndan ge\u00e7irdi\u011fi ameliyat sonras\u0131nda, K\u0131s\u0131kl\u0131&#8217;daki soka\u011f\u0131n a\u011fz\u0131nda bekle\u015fen ziyaret\u00e7i kalabal\u0131\u011f\u0131n\u0131 her g\u00f6r\u00fc\u015f\u00fcmde i\u00e7imden, u\u011fray\u0131p ge\u00e7mi\u015f olsun demek hissi ge\u00e7ti. \u00c7ok sahici ve samimi bir arzuydu bu; dar zamanlarda g\u00f6sterdi\u011fi kav\u00ee duru\u015fu, dir\u00e2yeti ve ba\u015f \u00fcst\u00fcne koydu\u011fu y\u00fcksek de\u011ferlerdeki ortakl\u0131\u011f\u0131m\u0131z zamanla g\u0131y\u00e2b\u00ee bir muhabbet peyd\u00e2 etti.<\/p>\n<p style=\"text-align: justify;\">Eminim ki, son se\u00e7imlerde \u015f\u00f6yle bir k\u0131m\u0131ldanan y\u00fczde 50 mey\u00e2n\u0131nda pek \u00e7ok insan, hatt\u00e2 daha fazlas\u0131 bu d\u00fc\u015f\u00fcnceleri payla\u015f\u0131yor; bir ge\u00e7mi\u015f olsun telgraf\u0131 \u00e7ekseler bile Ba\u015fbakan&#8217;\u0131n eline de\u011fmeyece\u011fini bildiklerinden daha sa\u011flam bir &#8220;posta&#8221; us\u00fbl\u00fcn\u00fc tercih ederek iyi niyetlerini dua zarf\u0131na sar\u0131p yolluyorlar. Bu dualar\u0131n ne m\u00e2n\u00e2ya geldi\u011fini en iyi Ba\u015fbakan bilir.<\/p>\n<p style=\"text-align: justify;\">Yapamad\u0131m, bir &#8220;Devletl\u00fb&#8221; de\u011fil bir ba\u015fbakan, k\u0131rk y\u0131ll\u0131k arkada\u015f\u0131n\u0131z olsa bile, sair zamanlardaki hukuku bulmak kabil olmuyor. Bir \u015feyler incinip d\u00f6k\u00fclmesin diye ertelenmi\u015f ziyaretler vard\u0131r. \u00d6yle oldu, herkes gibi ben de hay\u0131r dua postalar\u0131na m\u00fcracaat ettim. Ge\u00e7mi\u015f olsun Say\u0131n Ba\u015fbakan; tez zamanda \u015fif\u00e2 bulup d\u00fcmene ge\u00e7menizi temenni ediyorum.<\/p>\n<p style=\"text-align: justify;\">Ba\u015fbakan rahats\u0131zken \u00e7ok garip i\u015fler oldu; &#8220;Ba\u015fbakan hastaland\u0131 da b\u00f6yle oldu&#8221; dedirtecek i\u015fler de\u011fil do\u011frusu; aksine Ba\u015fbakan&#8217;\u0131n karar ve direktifiyle b\u00f6yle oldu. Duydu\u011fumuza g\u00f6re Ba\u015fbakan, partisinde kanunun inatla aynen ge\u00e7mesine kar\u015f\u0131 \u00e7\u0131kan isimleri aray\u0131p &#8220;Aynen&#8221; konusunun alt\u0131n\u0131 \u00e7izmi\u015f, ard\u0131ndan konu\u015fma yasa\u011f\u0131 koymu\u015f. Parti y\u00f6neticileri de gruba, &#8220;De\u011fi\u015fikli\u011fin alt\u0131ndaki imza Ba\u015fbakan&#8217;\u0131n imzas\u0131 demektir, ona g\u00f6re ha!&#8221; diye sert \u00e7\u0131km\u0131\u015f. Bunun \u00fczerine vekiller, genel kurul oylamas\u0131na girerek Ba\u015fbakan&#8217;a &#8220;g\u00f6r\u00fcnmek&#8221; gerekti\u011fine h\u00fckmetmi\u015fler.<\/p>\n<p style=\"text-align: justify;\">Ba\u015fbakan&#8217;a g\u00f6r\u00fcnmek?..<\/p>\n<p style=\"text-align: justify;\">Ne i\u00e7in, ne u\u011fruna? \u00c7\u0131kar\u0131lan kanun, 70 milyonun hukukuyla ilgili kapsaml\u0131 bir d\u00fczenleme de\u011fil ki, neticede birka\u00e7 y\u00fcz futbol y\u00f6neticisini, daha \u00f6zel planda \u00fc\u00e7-be\u015f ismi rahatlatmay\u0131 ama\u00e7l\u0131yor.<\/p>\n<p style=\"text-align: justify;\">&#8220;\u015eikecileri g\u00f6stere g\u00f6stere affettiler&#8221; dedirtmeye de\u011fer mi bilmem.<\/p>\n<p style=\"text-align: justify;\">Bana \u00e7ok anlams\u0131z, hatta sa\u00e7ma-sapan g\u00f6r\u00fcn\u00fcyor fakat Ba\u015fbakan&#8217;\u0131n konuya farkl\u0131 bir m\u00e2n\u00e2 verdi\u011fi anla\u015f\u0131l\u0131yor. B\u00f6yle h\u00e2llerde, &#8220;Vard\u0131r b\u00fcy\u00fcklerimizin bir bildi\u011fi z\u00e2hir!&#8221; der ge\u00e7erdik: &#8220;\u015eey&#8221;lerin i\u00e7ini a\u00e7\u0131p bakmay\u0131 \u00f6\u011freneliberi art\u0131k ge\u00e7miyoruz. Vard\u0131r bir hikmeti de\u011fil, &#8220;Nedir yahu hikmeti?&#8221; diye taacc\u00fcp ediyor, &#8220;Bu aziz o kadar muazzez midir?&#8221; diye hayretlere gark oluyoruz.<\/p>\n<p style=\"text-align: justify;\">Do\u011frusunu s\u00f6yleyeyim mi, haddiz\u00e2t\u0131nda Ba\u015fbakan&#8217;\u0131n f\u0131nd\u0131kkabu\u011fu kadar cirmi olmayan bir mesele i\u00e7in amme efk\u00e2r\u0131ndan de\u011fil de futbol baronlar\u0131ndan yana tav\u0131r koymas\u0131na hem \u00e7ok \u015fa\u015f\u0131rd\u0131m, \u00fcz\u00fcld\u00fcm ve k\u0131r\u0131ld\u0131m; bana \u00f6yle g\u00f6r\u00fcnd\u00fc ki \u015fu d\u00f6rt y\u0131ll\u0131k ustal\u0131k d\u00f6neminde Ba\u015fbakan, kendi kariyer \u00e7izgisini milletin hukukundan daha fazla ciddiye alabilir pek\u00e2l\u00e2.<\/p>\n<p style=\"text-align: justify;\">\u015eike kanununda g\u00f6sterdi\u011fi sert kararl\u0131l\u0131k ve diren\u00e7, met\u00e2netin de\u011fil asl\u0131nda b\u00fck\u00fcl\u00fc\u015f\u00fcn em\u00e2residir.<\/p>\n<p style=\"text-align: justify;\">\u015eikecilerin cezas\u0131nda indirim yap\u0131l\u0131p yap\u0131lmayaca\u011f\u0131, ilk duru\u015fmada sal\u0131verileceklerine dair g\u00fbft u g\u00fblar\u0131n art\u0131k hi\u00e7 bir k\u0131ymet-i harbiyesi yok: \u015eikecilerin cezas\u0131ndan &#8220;Y\u00fcksek ve ince siy\u00e2setle&#8221; tenzil olunan cez\u00e2lar, yar\u0131n kamuoyu taraf\u0131ndan karara imza koyanlar\u0131n hesab\u0131na il\u00e2ve ediliverir. \u0130mza koyanlar derken elbette di\u011fer iki muhalefet partisini kasdediyor de\u011filim; onlar ki birisi do\u011frudan AK Parti&#8217;yi kapatt\u0131rmak i\u00e7in devrin y\u00fcksek yarg\u0131s\u0131yla ka\u015f-g\u00f6z im\u00e2lar\u0131na giri\u015fmi\u015f, di\u011feri ise ba\u015f\u00f6rt\u00fcs\u00fcnde iktidar\u0131 &#8220;Fak&#8221;a bast\u0131r\u0131p kapatt\u0131r\u0131lmas\u0131 ihtim\u00e2lini &#8220;\u00c7alg\u0131-\u00e7engi&#8221; refakatinde g\u00fclerek seyretmi\u015fti. Ne g\u00fczel kader arkada\u015flar\u0131d\u0131r bunlar AK Parti i\u00e7in!<\/p>\n<p style=\"text-align: justify;\">Durmay\u0131n\u0131z efendim, yola devam; ustal\u0131k devri denilen demek bu imi\u015f!<\/p>\n<p style=\"text-align: justify;\">Say\u0131n Ba\u015fbakan, k\u00fc\u00e7\u00fck bir hat\u0131r meselesi i\u00e7in daha b\u00fcy\u00fck bir h\u00e2t\u0131r\u0131 kaale almamaya karar verdi. Bir \u015fartla anlar ve affederim kendi n\u00e2m\u0131ma: E\u011fer h\u00e2l\u00e2 vazge\u00e7ilmedi ise yeni anayasa \u00e7al\u0131\u015fmalar\u0131nda, \u015fike kanununda sizi can-ba\u015f ile destekleyen CHP ve MHP&#8217;yi ortak \u00e7al\u0131\u015fmaya ikna edip, vaadiniz \u00fczre yeni anayasay\u0131 yaparsan\u0131z fer\u00e2setinize \u015fapka \u00e7\u0131kartaca\u011f\u0131m&#8230;<\/p>\n<p style=\"text-align: justify;\">Aksi takdirde, &#8220;Bir ba\u015fbakan vard\u0131&#8221; deyip \u00fcz\u00fclece\u011fiz.<\/p>\n<p style=\"text-align: justify;\"><a href=\"http:\/\/www.cnnturk.com\/2011\/guncel\/12\/10\/zaman.gazetesinden.erdogana.agir.yazi\/639991.0\/index.html\" target=\"_blank\">Kaynak : CNN T\u00dcRK<\/a><\/p>\n","protected":false},"excerpt":{"rendered":"<p style=\"text-align: justify;\">\n<p style=\"text-align: justify;\">Fethullah G\u00fclen&#8217;e yak\u0131nl\u0131\u011f\u0131yla bilinen Zaman gazetesinde A. Turan Alkan, Ba\u015fbakan Erdo\u011fan&#8217;\u0131n futboldaki \u015fike yasas\u0131yla ilgili tavr\u0131n\u0131 sorgulad\u0131 ve a\u011f\u0131r bir yaz\u0131 kaleme ald\u0131. Alkan yaz\u0131n\u0131n sonunu, &#8220;Aksi takdirde, &#8216;Bir ba\u015fbakan vard\u0131&#8217; deyip \u00fcz\u00fclece\u011fiz&#8221; s\u00f6zleriyle bitirdi.<\/p>\n","protected":false},"author":1,"featured_media":0,"comment_status":"open","ping_status":"open","sticky":false,"template":"","format":"standard","meta":{"footnotes":""},"categories":[105],"tags":[],"class_list":["post-43953","post","type-post","status-publish","format-standard","hentry","category-gundem","odd"],"_links":{"self":[{"href":"http:\/\/www.korhanyilmaz.com\/index.php?rest_route=\/wp\/v2\/posts\/43953","targetHints":{"allow":["GET"]}}],"collection":[{"href":"http:\/\/www.korhanyilmaz.com\/index.php?rest_route=\/wp\/v2\/posts"}],"about":[{"href":"http:\/\/www.korhanyilmaz.com\/index.php?rest_route=\/wp\/v2\/types\/post"}],"author":[{"embeddable":true,"href":"http:\/\/www.korhanyilmaz.com\/index.php?rest_route=\/wp\/v2\/users\/1"}],"replies":[{"embeddable":true,"href":"http:\/\/www.korhanyilmaz.com\/index.php?rest_route=%2Fwp%2Fv2%2Fcomments&post=43953"}],"version-history":[{"count":0,"href":"http:\/\/www.korhanyilmaz.com\/index.php?rest_route=\/wp\/v2\/posts\/43953\/revisions"}],"wp:attachment":[{"href":"http:\/\/www.korhanyilmaz.com\/index.php?rest_route=%2Fwp%2Fv2%2Fmedia&parent=43953"}],"wp:term":[{"taxonomy":"category","embeddable":true,"href":"http:\/\/www.korhanyilmaz.com\/index.php?rest_route=%2Fwp%2Fv2%2Fcategories&post=43953"},{"taxonomy":"post_tag","embeddable":true,"href":"http:\/\/www.korhanyilmaz.com\/index.php?rest_route=%2Fwp%2Fv2%2Ftags&post=43953"}],"curies":[{"name":"wp","href":"https:\/\/api.w.org\/{rel}","templated":true}]}}