{"id":43933,"date":"2011-12-11T00:02:10","date_gmt":"2011-12-10T22:02:10","guid":{"rendered":"http:\/\/www.korhanyilmaz.com\/?p=43933"},"modified":"2011-12-11T08:08:43","modified_gmt":"2011-12-11T06:08:43","slug":"o-fezleke-mecliste","status":"publish","type":"post","link":"http:\/\/www.korhanyilmaz.com\/?p=43933","title":{"rendered":"O fezleke Meclis&#8217;te"},"content":{"rendered":"<p style=\"text-align: center;\"><a href=\"http:\/\/www.korhanyilmaz.com\/wp-content\/uploads\/2011\/12\/8014.jpg\"  class=\"lightview\"><img loading=\"lazy\" decoding=\"async\" class=\"aligncenter  wp-image-43934\" src=\"http:\/\/www.korhanyilmaz.com\/wp-content\/uploads\/2011\/12\/8014.jpg\" alt=\"\" width=\"396\" height=\"180\" \/><\/a><\/p>\n<p style=\"text-align: justify;\">CHP Grup Ba\u015fkanvekili Muharrem \u0130nce\u2019nin \u2018\u2019\u0130ktidar\u0131 ele\u015ftirdi\u011fi\u2019\u2019 i\u00e7in dokunulmazl\u0131\u011f\u0131 kald\u0131r\u0131larak, yarg\u0131lanmas\u0131 isteniyor. Pamukova Cumhuriyet Savc\u0131l\u0131\u011f\u0131n\u0131n fezlekesi d\u00fcn TBMM\u2019ye g\u00f6nderildi.<!--more--><\/p>\n<p style=\"text-align: justify;\">ANKARA &#8211; TBMM tarihinde ilk kez bir muhalefet milletvekili, \u2018\u2019\u0130ktidar\u0131 ele\u015ftirdi\u011fi i\u00e7in\u2019\u2019 dokunulmazl\u0131\u011f\u0131 kald\u0131r\u0131larak yarg\u0131lanmas\u0131 isteniyor. D\u00fcn TBMM\u2019ye gelen savc\u0131l\u0131k fezlekesinde, CHP Grup Ba\u015fkanvekili ve Yalova milletvekili Muharrem \u0130nce\u2019nin iktidar\u0131 ele\u015ftiren konu\u015fma yapt\u0131\u011f\u0131 ve bu s\u0131rada da trafik ak\u0131\u015f\u0131n\u0131 engelledi\u011fi \u00f6ne s\u00fcr\u00fcl\u00fcyor.<\/p>\n<p style=\"text-align: justify;\">Sakarya\u2019n\u0131n Pamukova Cumhuriyet Savc\u0131l\u0131\u011f\u0131nca haz\u0131rlanan fezlekede, Pamukova Emniyet M\u00fcd\u00fcrl\u00fc\u011f\u00fcn\u00fcn tutana\u011f\u0131na da yer veriliyor ve \u0130nce\u2019nin milletvekili oldu\u011fu i\u00e7in dokunulmazl\u0131\u011f\u0131n\u0131n kald\u0131r\u0131larak, se\u00e7im kanununa muhalefetten yarg\u0131lanmas\u0131 isteniyor. Fezlekede \u015f\u00f6yle deniliyor:<\/p>\n<p style=\"text-align: justify;\">\u2018\u201925\/05\/2011 tarihinde, saat 13.45 s\u0131ralar\u0131nda CHP Grup Ba\u015fkanvekili Muharrem \u0130nce, il\u00e7emiz Cumhuriyet Meydan\u0131&#8217;nda, daha \u00f6nceden izin al\u0131nmaks\u0131z\u0131n, yan\u0131nda CHP il\u00e7e y\u00f6neticileri ve Sakarya milletvekili adaylar\u0131yla birlikte saat 14.15&#8217;e kadar meydanda ve \u00e7evrede toplanan halkla iktidar\u0131n icraatlar\u0131n\u0131 ele\u015ftirmek suretiyle, mikrofondan propaganda yapt\u0131\u011f\u0131 s\u0131rada, meydanda minib\u00fcslerinin trafi\u011fi olumsuz y\u00f6nde etkiledi\u011fi, trafik ak\u0131\u015f\u0131n\u0131 engelledi\u011fi, konu\u015fmac\u0131 olarak sadece Muharrem \u0130nce&#8217;nin konu\u015fma yapt\u0131\u011f\u0131, konu\u015fmas\u0131n\u0131n iktidar\u0131 ele\u015ftirir nitelikte oldu\u011fu tespit edilmi\u015ftir.&#8221;<\/p>\n<p style=\"text-align: justify;\"><strong>KILI\u00c7DARO\u011eLU DA ELE\u015eT\u0130RD\u0130<\/strong><\/p>\n<p style=\"text-align: justify;\">CHP lideri Kemal K\u0131l\u0131\u00e7daro\u011flu da b\u00fct\u00e7e g\u00f6r\u00fc\u015fmelerinde b\u0131 konuyu dile getirerek \u2018\u2019D\u00fcnyan\u0131n hangi \u00fclkesinde iktidar ele\u015ftirildi diye bir milletvekili hakk\u0131nda fezleke d\u00fczenlenir? Yarg\u0131\u00e7lar sesleniyorum. Bana d\u00fcnyada bir \u00f6rnek g\u00f6stersinler\u2019\u2019 demi\u015fti.<\/p>\n<p style=\"text-align: justify;\">Muharrem \u0130nce hakk\u0131ndaki fezleke, TBMM Anayasa Adalet Karma Komisyonuna g\u00f6nderildi. \u0130nce, \u2018\u2019Genel se\u00e7im \u00f6ncesi Sakarya&#8217;n\u0131n Pamukova il\u00e7esine gittim. Orada esnaf\u0131 gezerken, vatanda\u015fa do\u011fa\u00e7lama bir \u015fekilde hitap ettim. \u0130ktidar\u0131n icraatlar\u0131n\u0131 ele\u015ftirdim. Hakk\u0131mda fezleke haz\u0131rlayan ve dokunulmazl\u0131\u011f\u0131m\u0131n kald\u0131r\u0131lmas\u0131n\u0131 isteyen savc\u0131y\u0131 kutluyorum. Muhalefet yapt\u0131\u011f\u0131m\u0131, iktidar\u0131 ele\u015ftirdi\u011fimi tutana\u011fa yazm\u0131\u015f. Ben ne yapacakt\u0131m? \u0130ktidara ya\u011fc\u0131l\u0131k m\u0131 yapacakt\u0131m? \u2018\u2019 dedi.<\/p>\n<p style=\"text-align: justify;\"><a href=\"http:\/\/www.gazeteport.com.tr\/haber\/67588\/o_fezleke_mecliste\" target=\"_blank\">Kaynak : GAZETEPORT<\/a><\/p>\n","protected":false},"excerpt":{"rendered":"<p style=\"text-align: center;\">\n<p style=\"text-align: justify;\">CHP Grup Ba\u015fkanvekili Muharrem \u0130nce\u2019nin \u2018\u2019\u0130ktidar\u0131 ele\u015ftirdi\u011fi\u2019\u2019 i\u00e7in dokunulmazl\u0131\u011f\u0131 kald\u0131r\u0131larak, yarg\u0131lanmas\u0131 isteniyor. Pamukova Cumhuriyet Savc\u0131l\u0131\u011f\u0131n\u0131n fezlekesi d\u00fcn TBMM\u2019ye g\u00f6nderildi.<\/p>\n","protected":false},"author":1,"featured_media":0,"comment_status":"open","ping_status":"open","sticky":false,"template":"","format":"standard","meta":{"footnotes":""},"categories":[105],"tags":[],"class_list":["post-43933","post","type-post","status-publish","format-standard","hentry","category-gundem","odd"],"_links":{"self":[{"href":"http:\/\/www.korhanyilmaz.com\/index.php?rest_route=\/wp\/v2\/posts\/43933","targetHints":{"allow":["GET"]}}],"collection":[{"href":"http:\/\/www.korhanyilmaz.com\/index.php?rest_route=\/wp\/v2\/posts"}],"about":[{"href":"http:\/\/www.korhanyilmaz.com\/index.php?rest_route=\/wp\/v2\/types\/post"}],"author":[{"embeddable":true,"href":"http:\/\/www.korhanyilmaz.com\/index.php?rest_route=\/wp\/v2\/users\/1"}],"replies":[{"embeddable":true,"href":"http:\/\/www.korhanyilmaz.com\/index.php?rest_route=%2Fwp%2Fv2%2Fcomments&post=43933"}],"version-history":[{"count":0,"href":"http:\/\/www.korhanyilmaz.com\/index.php?rest_route=\/wp\/v2\/posts\/43933\/revisions"}],"wp:attachment":[{"href":"http:\/\/www.korhanyilmaz.com\/index.php?rest_route=%2Fwp%2Fv2%2Fmedia&parent=43933"}],"wp:term":[{"taxonomy":"category","embeddable":true,"href":"http:\/\/www.korhanyilmaz.com\/index.php?rest_route=%2Fwp%2Fv2%2Fcategories&post=43933"},{"taxonomy":"post_tag","embeddable":true,"href":"http:\/\/www.korhanyilmaz.com\/index.php?rest_route=%2Fwp%2Fv2%2Ftags&post=43933"}],"curies":[{"name":"wp","href":"https:\/\/api.w.org\/{rel}","templated":true}]}}