{"id":43920,"date":"2011-12-10T00:20:53","date_gmt":"2011-12-09T22:20:53","guid":{"rendered":"http:\/\/www.korhanyilmaz.com\/?p=43920"},"modified":"2011-12-10T10:25:52","modified_gmt":"2011-12-10T08:25:52","slug":"hopa-davasinda-22-tahliye","status":"publish","type":"post","link":"http:\/\/www.korhanyilmaz.com\/?p=43920","title":{"rendered":"Hopa davas\u0131nda 22 tahliye"},"content":{"rendered":"<p style=\"text-align: center;\"><a href=\"http:\/\/www.korhanyilmaz.com\/wp-content\/uploads\/2011\/12\/8000.jpg\"  class=\"lightview\"><img loading=\"lazy\" decoding=\"async\" class=\"aligncenter  wp-image-43921\" src=\"http:\/\/www.korhanyilmaz.com\/wp-content\/uploads\/2011\/12\/8000.jpg\" alt=\"\" width=\"307\" height=\"236\" \/><\/a><\/p>\n<p>Ankara&#8217;daki Hopa g\u00f6sterileriyle ilgili olarak 28 ki\u015fi hakk\u0131nda a\u00e7\u0131lan davada, 22 tutuklu san\u0131\u011f\u0131n tamam\u0131n\u0131n tahliyesine karar verildi.<\/p>\n<p>Ankara&#8217;daki Hopa olaylar\u0131 protestosunun ard\u0131ndan 28 ki\u015fi hakk\u0131nda Ankara 11. A\u011f\u0131r Ceza Mahkemesinde a\u00e7\u0131lan davan\u0131n ilk celsesi tamamland\u0131. Duru\u015fmaya 22&#8217;si tutuklu 28 san\u0131k ile avukatlar\u0131 kat\u0131ld\u0131. Duru\u015fmay\u0131, san\u0131k yak\u0131nlar\u0131n\u0131n yan\u0131 s\u0131ra, baz\u0131 siyaset\u00e7iler ve sivil toplum \u00f6rg\u00fct\u00fc temsilcileri de izledi.\u00a0<!--more--><\/p>\n<p>San\u0131klar, savunmalar\u0131nda \u00fczerlerine at\u0131l\u0131 su\u00e7lamalar\u0131 kabul etmedi.<\/p>\n<p>Hopa&#8217;daki olaylar\u0131 protesto etmek i\u00e7in 31 May\u0131sta Ankara&#8217;da d\u00fczenlenen g\u00f6sterilere kat\u0131ld\u0131klar\u0131n\u0131 kabul eden san\u0131klar, bu eyleme &#8221;yasa d\u0131\u015f\u0131 \u00f6rg\u00fctlerin&#8221; \u00e7a\u011fr\u0131s\u0131yla de\u011fil, KESK, E\u011fitim Sen, Halkevleri gibi yasal \u00f6rg\u00fctlerin \u00e7a\u011fr\u0131s\u0131yla kat\u0131ld\u0131klar\u0131n\u0131 belirtti ve bunun, demokratik bir hak oldu\u011funu ifade etti.<\/p>\n<p>San\u0131klar, bas\u0131n a\u00e7\u0131klamas\u0131na gittikleri s\u0131rada, polisin da\u011f\u0131lmalar\u0131 y\u00f6n\u00fcnde ikazda bulunmadan kendilerine m\u00fcdahale etti\u011fini savundu.<\/p>\n<p>San\u0131\u011f\u0131n s\u00f6zleri herkesi g\u00fcld\u00fcrd\u00fc<\/p>\n<p>San\u0131klardan Hikmet Tan\u0131l, savunmas\u0131nda, &#8221;iddianamenin, askeri darbe d\u00f6nemlerini aratmayacak nitelikte oldu\u011funu&#8221; s\u00f6yleyerek, &#8221;Tarih, bizi 52 y\u0131la kadar yarg\u0131layanlar\u0131 da bir g\u00fcn yarg\u0131layacakt\u0131r&#8221; dedi.<\/p>\n<p>Bunun \u00fczerine Mahkeme Ba\u015fkan\u0131 D\u00fcndar \u00d6rsdemir, &#8221;Biz de dahil miyiz, yarg\u0131lanacaklara?&#8221; diye sordu. San\u0131k Tan\u0131l, bu soruya, &#8221;Sizi bilmiyorum, ama iddia makam\u0131 dahil&#8221; kar\u015f\u0131l\u0131\u011f\u0131n\u0131 verdi.<\/p>\n<p>Bu yan\u0131ta, \u00d6rsdemir ve ayn\u0131 zamanda iddianameyi de haz\u0131rlayan Cumhuriyet Savc\u0131s\u0131 Hakan Y\u00fcksel ile salondaki izleyiciler g\u00fcld\u00fc.<\/p>\n<p>Tan\u0131l, savunmas\u0131n\u0131, &#8221;Ba\u015fbakan Erdo\u011fan, Erdal Eren ve Necdet Adal\u0131 i\u00e7in a\u011flam\u0131\u015ft\u0131. Ben de art\u0131k ba\u015fbakanlar a\u011flamas\u0131n diyorum ve tahliyemi ve beraat\u0131m\u0131 istiyorum&#8221; dedi.<\/p>\n<p>San\u0131k Nuri \u00d6z\u00e7elik, iddianamede &#8221;tan\u0131nmamak i\u00e7in sa\u00e7lar\u0131n\u0131 kestirdi\u011finin&#8221; \u00f6ne s\u00fcr\u00fcld\u00fc\u011f\u00fcne dikkati \u00e7ekerek, &#8221;Ben, \u00c7ocuk ve Gen\u00e7lik Kapal\u0131 Ceza \u0130nfaz Kurumunda sa\u00e7lar\u0131 kestirilen \u00d6m\u00fcr \u00c7a\u011fda\u015f Ersoy&#8217;a destek i\u00e7in sa\u00e7\u0131m\u0131 kestirdim. Ama, 21 y\u0131ll\u0131k \u00f6mr\u00fcmde sa\u00e7lar\u0131m\u0131 zaten hi\u00e7 uzatmad\u0131m. Kestirdi\u011fim s\u0131rada sa\u00e7lar\u0131m normal uzunluktayd\u0131&#8221; diye konu\u015ftu.<\/p>\n<p>San\u0131k \u00d6m\u00fcr \u00c7a\u011fda\u015f Ersoy ise olay g\u00fcn\u00fc g\u00f6zalt\u0131na al\u0131nd\u0131ktan sonra polis otob\u00fcs\u00fcnde 6 saat tutuldu\u011funu, bunun 3 saatinde ise d\u00f6v\u00fcld\u00fc\u011f\u00fcn\u00fc \u00f6ne s\u00fcrerek, &#8221;Savc\u0131lar bizi ter\u00f6rist ilan etmek i\u00e7in u\u011fra\u015f\u0131yorlar, ama bize bunlar\u0131 yapanlar\u0131 soru\u015fturmuyorlar&#8221; dedi.<\/p>\n<p>\u0130ddianamede daha \u00f6nce kat\u0131ld\u0131\u011f\u0131 ula\u015f\u0131m zamm\u0131 eylemlerine yer verildi\u011fini anlatan Ersoy, &#8221;Ula\u015f\u0131m zamm\u0131 eylemine vatan\u0131 b\u00f6lmek i\u00e7in de\u011fil, ula\u015f\u0131m pahal\u0131 oldu\u011fu i\u00e7in kat\u0131l\u0131yorum&#8221; diye konu\u015ftu.<\/p>\n<p><strong>Lenin&#8217;in kitab\u0131 dosyaya sunuldu\u00a0<\/strong><\/p>\n<p>San\u0131k Can Kaya da piyasada yasal olarak sat\u0131lan bir\u00e7ok kitab\u0131n iddianamede yer ald\u0131\u011f\u0131na i\u015faret ederek, Lenin&#8217;in &#8221;Emperyalizm-Kapitalizmin En Y\u00fcksek A\u015famas\u0131&#8221; adl\u0131 kitab\u0131 dosyaya konulmak \u00fczere mahkemeye verdi. Kaya, &#8221;Tarihinin en \u00f6zg\u00fcr g\u00fcnlerini ya\u015fad\u0131\u011f\u0131 s\u00f6ylenen T\u00fcrkiye&#8217;de, bu kitab\u0131 d\u0131\u015far\u0131da okumak yasak, ama cezaevinde &#8216;g\u00f6r\u00fcld\u00fc&#8217; damgas\u0131yla okunabiliyor. Bu kitapta da bu damga var&#8221; dedi.<\/p>\n<p>San\u0131k Sevgi S\u00f6nmez ise &#8221;g\u00f6zalt\u0131na al\u0131nd\u0131ktan sonra polis otob\u00fcs\u00fcnde tecav\u00fczle ve \u00f6l\u00fcmle tehdit edildi\u011fi iddias\u0131nda&#8221; bulundu.<\/p>\n<p>San\u0131k \u00d6zge Ayd\u0131n da &#8221;Plastik sopa, dergi ve kitap, \u00f6rg\u00fct \u00fcyeli\u011fimin delili olarak g\u00f6steriliyor&#8221; ifadesini kulland\u0131.<\/p>\n<p>Cumhuriyet Savc\u0131s\u0131 Hakan Y\u00fcksel, san\u0131klardan Ozan S\u00fcrer, Eda Di\u015fkaya, C\u00fcneyt \u00c7ak\u0131r, G\u00f6ksel Ilg\u0131n ve Ferat Konukcu&#8217;nun tahliyesine, di\u011fer san\u0131klar\u0131n ise &#8221;haklar\u0131nda istenilen cezan\u0131n miktar\u0131 ve bir tutuklama gerek\u00e7esinin bulunmas\u0131 nedeniyle tutukluluklar\u0131n\u0131n devam\u0131na&#8221; karar verilmesini istedi.<\/p>\n<p>Savc\u0131 Y\u00fcksel, &#8221;\u015f\u00fcphelileri tespit ettikleri&#8221; belirlenen kolluk g\u00f6revlisi m\u00fc\u015ftekilerin tan\u0131k olarak dinlenmesi i\u00e7in \u00e7a\u011fr\u0131 ka\u011f\u0131d\u0131 \u00e7\u0131kart\u0131lmas\u0131n\u0131 istedi.<\/p>\n<p><strong>San\u0131klar\u0131n tahliyesine karar verildi\u00a0<\/strong><\/p>\n<p>San\u0131k avukatlar\u0131 ise m\u00fcvekkilleri hakk\u0131nda beraat ve tahliye talebinde bulundu.<\/p>\n<p>San\u0131k avukatlardan Sel\u00e7uk Koza\u011fa\u00e7l\u0131, iddianamede san\u0131klar\u0131n &#8221;THKP\/C Devrimci Yol-Devrimci Gen\u00e7lik&#8221; ter\u00f6r \u00f6rg\u00fct\u00fc \u00fcyesi olduklar\u0131n\u0131n \u00f6ne s\u00fcr\u00fcld\u00fc\u011f\u00fcn\u00fc an\u0131msatarak, &#8221;Bu mahkeme i\u00e7in \u00f6nemli olmayabilir, ama bizim i\u00e7in \u00e7ok \u00f6nemli. Sol i\u00e7inde bir\u00e7ok ayr\u0131\u015fma var. Bu nedenle, bu iddia kendi aram\u0131zda espri konusu oluyor&#8221; dedi.<\/p>\n<p>Mahkeme Ba\u015fkan\u0131 D\u00fcndar \u00d6rsdemir, bu s\u00f6zler \u00fczerine &#8221;Belki bu iddianame solu birle\u015ftirir&#8221; diyerek, espri yapt\u0131.<\/p>\n<p><strong>Mahkeme heyeti, ba\u015f ba\u015fa m\u00fczakerenin ard\u0131ndan ara kararlar\u0131 a\u00e7\u0131klad\u0131.\u00a0<\/strong><\/p>\n<p>Mahkeme, tutuklu san\u0131klar Ozan S\u00fcrer, \u00d6zg\u00fcr Atmaca, \u00c7a\u011fr\u0131 Y\u0131lmaz, U\u011fur Uzunp\u0131nar, Tayfun Y\u0131ld\u0131r\u0131m, Can Kaya, Can T\u00fcrky\u0131lmaz, U\u011fur Tuna, Nuri \u00d6z\u00e7elik, Zafer Alg\u00fcl, Hamza Doruk Y\u0131ld\u0131r\u0131m, Hikmet Tan\u0131l, Kadir Aydo\u011fan, Mahir Mansuro\u011flu, C\u00fcneyt \u00c7ak\u0131r, Ozan G\u00fcndo\u011fdu, Soner Torlak, G\u00f6ksel Ilg\u0131n, \u00d6m\u00fcr \u00c7a\u011fda\u015f Ersoy, Demet Y\u0131lan, Eda Di\u015fkaya ve Ferat Konukcu&#8217;nun tahliyesine karar verdi.<\/p>\n<p><strong>Duru\u015fma, eksiklerin giderilmesi i\u00e7in 13 Mart 2012&#8217;ye ertelendi.\u00a0<\/strong><\/p>\n<p>Duru\u015fman\u0131n bir b\u00f6l\u00fcm\u00fcn\u00fc CHP Grup Ba\u015fkanvekili Emine \u00dclker Tarhan, Genel Ba\u015fkan Yard\u0131mc\u0131lar\u0131 Sezgin Tanr\u0131kulu ve G\u00f6khan G\u00fcnayd\u0131n, Tunceli Milletvekili H\u00fcseyin Ayg\u00fcn, Mersin Milletvekili \u0130sa G\u00f6k, \u0130stanbul Milletvekilleri Binnaz Toprak, Umut Oran, Melda Onur, Mahmut Tanal ve S\u00fcleyman \u00c7elebi, \u0130zmir Milletvekili R\u0131za T\u00fcrmen, Sivas Milletvekili Malik Ecder \u00d6zdemir, Hatay Milletvekili Refik Ery\u0131lmaz, Artvin Milletvekili U\u011fur Bayraktutan, BDP Mersin Milletvekili Ertu\u011frul K\u00fcrkc\u00fc, \u00d6DP Genel Ba\u015fkan\u0131 Alper Ta\u015f ve TKP Genel Ba\u015fkan\u0131 Erkan Ba\u015f da izledi.<\/p>\n<p>Mahkemenin karar\u0131n\u0131n ard\u0131ndan san\u0131klara destek i\u00e7in adliye d\u0131\u015f\u0131nda g\u00fcn boyu bekleyen grup, sevin\u00e7 g\u00f6sterilerinde bulundu. Adliyeden, Sakarya Meydan\u0131na y\u00fcr\u00fcyen grup, ellerinde tahliye olan arkada\u015flar\u0131n\u0131n posterlerini ta\u015f\u0131d\u0131.<\/p>\n<p>\u00c7e\u015fitli \u00f6rg\u00fctlerin temsilcilerince yap\u0131lan bas\u0131n a\u00e7\u0131klamas\u0131n\u0131n ard\u0131ndan, gruptan baz\u0131 ki\u015filer tahliyelerine karar verilen arkada\u015flar\u0131n\u0131 kar\u015f\u0131lamak i\u00e7in otob\u00fcsle Sincan Cezaevine hareket etti.<\/p>\n<p><strong>31 May\u0131s&#8217;ta Ne Olmu\u015ftu?\u00a0<\/strong><\/p>\n<p>31 May\u0131s&#8217;ta Ba\u015fbakan Recep Tayyip Erdo\u011fan se\u00e7im mitingi i\u00e7in her zamanki gibi Artvin merkezi de\u011fil, bu kez Hopa&#8217;y\u0131 se\u00e7mi\u015fti. Hopa halk\u0131, mitingin yap\u0131laca\u011f\u0131 yerle aras\u0131ndan &#8220;duble yol&#8221; ge\u00e7en bir mesafede HES&#8217;leri ve \u00e7aydaki s\u00f6m\u00fcr\u00fcy\u00fc protesto etmek i\u00e7in toplanm\u0131\u015f ve binalara pankartlar\u0131n\u0131 asm\u0131\u015ft\u0131. Ancak polis buna imkan vermeyerek halk\u0131 da\u011f\u0131tmak i\u00e7in cop ve biber gaz\u0131 kulland\u0131. Gaz bulutu i\u00e7inde emekli \u00f6\u011fretmen Metin Lokumcu kalp krizi ge\u00e7irerek hayat\u0131n\u0131 kaybetti. Hopa&#8217;daki olaylar\u0131n ard\u0131ndan Tayyip Erdo\u011fan Trabzon&#8217;da ayn\u0131 g\u00fcn yapt\u0131\u011f\u0131 mitingde, protestoda bulunan Hopa halk\u0131na &#8220;e\u015fk\u0131yalar&#8221; dedi.<\/p>\n<p>Halka yap\u0131lan sald\u0131r\u0131n\u0131n ve Metin Lokumcu&#8217;nun \u00f6ld\u00fcr\u00fclmesini protesto etmek i\u00e7in 31 May\u0131s&#8217;ta emek ve meslek \u00f6rg\u00fctlerinin, siyasi partilerin \u00e7a\u011fr\u0131s\u0131yla Ankara&#8217;da protesto y\u00fcr\u00fcy\u00fc\u015f\u00fc d\u00fczenlendi. Y\u00fcr\u00fcy\u00fc\u015f Sakarya Caddesi&#8217;nden ba\u015flayarak AKP \u0130l Binas\u0131 \u00f6n\u00fcne kadar s\u00fcrd\u00fc. AKP&#8217;nin \u00f6n\u00fcne kurulan barikattaki polisler Hopa&#8217;dakine benzer \u015fekilde gaz ve coplarla &#8220;m\u00fcdahalede&#8221; bulundu. Kitlenin da\u011f\u0131lmas\u0131n\u0131n ard\u0131ndan \u00d6DP Ankara \u0130l Ba\u015fkanl\u0131\u011f\u0131 binas\u0131 polis taraf\u0131ndan bas\u0131ld\u0131. Polis 79 ki\u015fiyi g\u00f6zalt\u0131na ald\u0131. Ter\u00f6rle M\u00fccadele \u015eubesi&#8217;nde sorgulanan bu ki\u015filerden 5&#8217;i tutukland\u0131.<\/p>\n<p>Operasyonlar\u0131n ikinci evresi ise 12 Haziran se\u00e7imlerin hemen ard\u0131ndan evlere yap\u0131lan bask\u0131nlarla ba\u015flad\u0131. Ankara&#8217;da ev bask\u0131nlar\u0131 yap\u0131ld\u0131. Evlerden kitaplar, bilgisayarlar topland\u0131. 18 ki\u015fi g\u00f6zalt\u0131na al\u0131nd\u0131 ve 15&#8217;i tutukland\u0131. Bu operasyonlar s\u0131ras\u0131nda \u00d6DP Parti Meclisi \u00fcyesi Ozan S\u00fcrer de tutukland\u0131. Defalarca yap\u0131lan itirazlara ra\u011fmen protestocular 6 ayd\u0131r tutuklu. Bu itirazlara y\u00f6nelik mahkemelerin verdi\u011fi red kararlar\u0131n\u0131n metinlerinin de noktas\u0131 virg\u00fcl\u00fcne kadar ayn\u0131 olmas\u0131, &#8220;copy paste&#8221; (kopyala-yap\u0131\u015ft\u0131r&#8221; ele\u015ftirilerine neden olmu\u015ftu.<\/p>\n<p><strong>Olmayan \u00f6rg\u00fcte \u00fcyelik\u00a0<\/strong><\/p>\n<p>Tutuklananlar\u0131n \u00fcyesi olduklar\u0131 yasal kitle \u00f6rg\u00fctleri, siyasi partilerin yap\u0131s\u0131 hi\u00e7e say\u0131ld\u0131 ve tutuklular THKP-C gibi olmayan bir \u00f6rg\u00fct\u00fcn \u00fcyeleri kabul edildi. Lokumcu&#8217;nun hayat\u0131n\u0131 kaybetti\u011fi eylem esnas\u0131nda ve sonras\u0131nda Hopa&#8217;da g\u00f6zalt\u0131na al\u0131n\u0131p ard\u0131ndan tutuklananlar hakk\u0131nda Ter\u00f6rle M\u00fccadele Kanunu&#8217;na dayand\u0131r\u0131larak olu\u015fturulan su\u00e7, davadan d\u00fc\u015f\u00fcr\u00fcl\u00fcrken, onlara Ankara&#8217;da destek verenlerin TMK kapsam\u0131na sokulmas\u0131 davadaki bir di\u011fer \u00f6nemli hukuksuzluk olarak dikkat \u00e7ekti.<\/p>\n<p><strong>Kitapl\u0131 Ter\u00f6r \u00d6rg\u00fct\u00fc \u00dcyesi\u00a0<\/strong><\/p>\n<p>Ev bask\u0131nlar\u0131, medyaya yans\u0131yan iddialar ve 6 ayd\u0131r tutuklu bulunan \u015f\u00fcphelileri i\u00e7eren soru\u015fturman\u0131n delilleri ise, bask\u0131n yap\u0131lan evlerden toplanan kitaplar\u0131n i\u00e7erikleri.<\/p>\n<p><strong>SOL Yay\u0131nlar\u0131 Halen Yasakl\u0131\u00a0<\/strong><\/p>\n<p>Ev bask\u0131nlar\u0131nda Marksist klasikleri basan &#8220;SOL Yay\u0131nlar\u0131&#8221;na ait kitaplar delil olarak topland\u0131. Bunlar\u0131n d\u0131\u015f\u0131nda \u00fczerinde Marx, Lenin ile Deniz Gezmi\u015f, Mahir \u00c7ayan ve \u0130brahim Kaypakkaya&#8217;n\u0131n ad\u0131 ya da foto\u011fraf\u0131 g\u00f6r\u00fclen t\u00fcm kitaplar bask\u0131nlarda, \u00f6rg\u00fct \u00fcyeli\u011fi delili olarak say\u0131ld\u0131. \u0130ddianemenin b\u00fcy\u00fck b\u00f6l\u00fcm\u00fc sosyalizmden s\u00f6z eden bu kitaplardan olu\u015fuyor.<\/p>\n<p>\u0130ddinamede ayr\u0131ca bu kitaplar\u0131n kimilerine ili\u015fkin yasaklama tarih ve karar say\u0131s\u0131 da bulunuyor. \u00d6rne\u011fin, Lenin&#8217;in &#8220;Gen\u00e7lik \u00dczerine&#8221; kitab\u0131 i\u00e7in 1975\/65, Mahir \u00c7ayan&#8217;\u0131n &#8220;Toplu Yaz\u0131lar&#8221;\u0131 i\u00e7in ise 1979\/34.<\/p>\n<p><strong>A\u011f\u0131r Su\u00e7 Delilleri\u00a0<\/strong><\/p>\n<p><span style=\"text-decoration: underline;\">&#8220;Silahl\u0131 ter\u00f6r \u00f6rg\u00fct\u00fc&#8221; \u00fcyesi olmakla su\u00e7lananlara ili\u015fkin kitaplar d\u0131\u015f\u0131ndaki su\u00e7 delilleri ise \u015funlar:\u00a0<\/span><\/p>\n<p>&#8211; 150 cm uzunlu\u011funda, 2 cm kal\u0131nl\u0131\u011f\u0131nda sert plastik sopa<\/p>\n<p>&#8211; 90*90 \u00e7apta kareli pu\u015fi<\/p>\n<p>&#8211; 4 adet 60 cm tahta sopa<\/p>\n<p>&#8211; \u00dczerinde TTB yazan \u015femsiye<\/p>\n<p>&#8211; Sopas\u0131z flama<\/p>\n<p><a href=\"http:\/\/www.cnnturk.com\/2011\/turkiye\/12\/09\/hopa.davasinda.22.tahliye\/639813.0\/index.html\" target=\"_blank\">Kaynak : CNN T\u00dcRK<\/a><\/p>\n","protected":false},"excerpt":{"rendered":"<p style=\"text-align: center;\">\n<p>Ankara&#8217;daki Hopa g\u00f6sterileriyle ilgili olarak 28 ki\u015fi hakk\u0131nda a\u00e7\u0131lan davada, 22 tutuklu san\u0131\u011f\u0131n tamam\u0131n\u0131n tahliyesine karar verildi.<\/p>\n<p>Ankara&#8217;daki Hopa olaylar\u0131 protestosunun ard\u0131ndan 28 ki\u015fi hakk\u0131nda Ankara 11. A\u011f\u0131r Ceza Mahkemesinde a\u00e7\u0131lan davan\u0131n ilk celsesi tamamland\u0131. Duru\u015fmaya 22&#8217;si tutuklu 28 san\u0131k ile avukatlar\u0131 kat\u0131ld\u0131. Duru\u015fmay\u0131, san\u0131k yak\u0131nlar\u0131n\u0131n yan\u0131 s\u0131ra, baz\u0131 siyaset\u00e7iler ve sivil <\/p>\n","protected":false},"author":1,"featured_media":0,"comment_status":"open","ping_status":"open","sticky":false,"template":"","format":"standard","meta":{"footnotes":""},"categories":[105],"tags":[],"class_list":["post-43920","post","type-post","status-publish","format-standard","hentry","category-gundem","odd"],"_links":{"self":[{"href":"http:\/\/www.korhanyilmaz.com\/index.php?rest_route=\/wp\/v2\/posts\/43920","targetHints":{"allow":["GET"]}}],"collection":[{"href":"http:\/\/www.korhanyilmaz.com\/index.php?rest_route=\/wp\/v2\/posts"}],"about":[{"href":"http:\/\/www.korhanyilmaz.com\/index.php?rest_route=\/wp\/v2\/types\/post"}],"author":[{"embeddable":true,"href":"http:\/\/www.korhanyilmaz.com\/index.php?rest_route=\/wp\/v2\/users\/1"}],"replies":[{"embeddable":true,"href":"http:\/\/www.korhanyilmaz.com\/index.php?rest_route=%2Fwp%2Fv2%2Fcomments&post=43920"}],"version-history":[{"count":0,"href":"http:\/\/www.korhanyilmaz.com\/index.php?rest_route=\/wp\/v2\/posts\/43920\/revisions"}],"wp:attachment":[{"href":"http:\/\/www.korhanyilmaz.com\/index.php?rest_route=%2Fwp%2Fv2%2Fmedia&parent=43920"}],"wp:term":[{"taxonomy":"category","embeddable":true,"href":"http:\/\/www.korhanyilmaz.com\/index.php?rest_route=%2Fwp%2Fv2%2Fcategories&post=43920"},{"taxonomy":"post_tag","embeddable":true,"href":"http:\/\/www.korhanyilmaz.com\/index.php?rest_route=%2Fwp%2Fv2%2Ftags&post=43920"}],"curies":[{"name":"wp","href":"https:\/\/api.w.org\/{rel}","templated":true}]}}