{"id":43914,"date":"2011-12-10T09:51:29","date_gmt":"2011-12-10T07:51:29","guid":{"rendered":"http:\/\/www.korhanyilmaz.com\/?p=43914"},"modified":"2011-12-10T09:52:51","modified_gmt":"2011-12-10T07:52:51","slug":"bdpli-kaplan-kursude-kirdigi-bardagi-firlatti","status":"publish","type":"post","link":"http:\/\/www.korhanyilmaz.com\/?p=43914","title":{"rendered":"BDP&#8217;li Kaplan k\u00fcrs\u00fcde k\u0131rd\u0131\u011f\u0131 barda\u011f\u0131 f\u0131rlatt\u0131!"},"content":{"rendered":"<p style=\"text-align: center;\"><a href=\"http:\/\/www.korhanyilmaz.com\/wp-content\/uploads\/2011\/12\/8010.jpg\"  class=\"lightview\"><img loading=\"lazy\" decoding=\"async\" class=\"aligncenter  wp-image-43915\" src=\"http:\/\/www.korhanyilmaz.com\/wp-content\/uploads\/2011\/12\/8010.jpg\" alt=\"\" width=\"307\" height=\"236\" \/><\/a><\/p>\n<p style=\"text-align: justify;\">BDP Grup Ba\u015fkanvekili Hasip Kaplan, AK Parti Grup Ba\u015fkanvekili Nurettin Canikli&#8217;nin s\u00f6zlerine sinirlenerek, konu\u015fma yapt\u0131\u011f\u0131 k\u00fcrs\u00fcdeki barda\u011f\u0131 k\u0131rarak f\u0131rlatt\u0131.<\/p>\n<p style=\"text-align: justify;\">Cumhurba\u015fkan\u0131 Abdullah G\u00fcl&#8217;\u00fcn bir kez daha g\u00f6r\u00fc\u015f\u00fclmek \u00fczere iade etti\u011fi sporda \u015fike cezalar\u0131n\u0131 indiren kanunun TBMM Genel Kurulundaki g\u00f6r\u00fc\u015fmeleri, Canikli ile Kaplan&#8217;\u0131n tart\u0131\u015fmas\u0131na sahne oldu.\u00a0<!--more--><\/p>\n<p style=\"text-align: justify;\">Kanunun 1. maddesinin g\u00f6r\u00fc\u015fmeleri \u00fczerinde s\u00f6z alan Canikli, kendisinden \u00f6nce konu\u015fan Kaplan&#8217;\u0131n, \u201c\u015fike soru\u015fturmas\u0131na\u201d ili\u015fkin iddianamede ad\u0131n\u0131n ge\u00e7ti\u011fini s\u00f6yledi\u011fini belirtti.<\/p>\n<p style=\"text-align: justify;\">Elindeki iddianameyi g\u00f6steren Canikli, ad\u0131n\u0131n bir yerde, iki eski Giresun Spor Ba\u015fkan\u0131&#8217;n\u0131n telefon konu\u015fmas\u0131nda ge\u00e7ti\u011fini kaydetti. Canikli, ba\u015fkanlardan birinin di\u011ferine, \u201c\u0130ki sefer y\u00f6netim ertelendi, bana b\u0131rak\u0131p gitmedin, Olgun Ayd\u0131n Peker seni tehdit etti\u011fin i\u00e7in gittin. Giresun&#8217;da senin Peker taraf\u0131ndan tehdit edildi\u011fini, ondan dolay\u0131 gitti\u011fini herkes biliyor. Vali&#8217;ye de a\u00e7t\u0131n, Nurettin Canikli&#8217;ye de a\u00e7t\u0131n, beni Peker tehdit etti diye\u201d dedi\u011fini aktard\u0131.<\/p>\n<p style=\"text-align: justify;\">Canikli, \u201ciddianamede ad\u0131 kar\u0131\u015fmak\u201d s\u00f6yleminin, hukuken her anlama gelebilece\u011fini belirterek, \u201cOnurlu insan b\u00f6yle iddiada bulunurken, b\u00fct\u00fcn a\u00e7\u0131kl\u0131\u011f\u0131yla ortaya koyar. Ayak oyunlar\u0131yla, bu \u015fekilde alicanbaz oyunlar\u0131yla, onursuz \u015fekilde olmaz, ay\u0131pt\u0131r. Bir de hukuk\u00e7u oldu\u011funuzu s\u00f6yl\u00fcyorsunuz, b\u00f6yle hukuk\u00e7u olur mu? B\u00f6yle ancak hukuk ter\u00f6risti olur. B\u00f6yle mant\u0131k, insan, milletvekili olur mu? Utan\u0131n, buradan \u00f6z\u00fcr dileyin. B\u00f6yle terbiyesizlik olmaz\u201d diye konu\u015ftu.<\/p>\n<p style=\"text-align: justify;\">Sata\u015fma oldu\u011fu gerek\u00e7esiyle s\u00f6z alan Kaplan, burada, herkesin a\u011fz\u0131ndan \u00e7\u0131kan\u0131n kula\u011f\u0131n\u0131n duymas\u0131 gerekti\u011fini ifade etti.<\/p>\n<p style=\"text-align: justify;\">Canikli&#8217;nin ad\u0131n\u0131, iddianamede kendisinin de\u011fil, savc\u0131lar\u0131n yazd\u0131\u011f\u0131n\u0131 ifade eden Kaplan, \u201c\u0130ddianamede var m\u0131 yok mu? San\u0131kt\u0131r, &#8216;\u015fununla su\u00e7lan\u0131yor&#8217; demedim. H\u00fck\u00fcmetin atad\u0131\u011f\u0131 Federasyon Ba\u015fkan Yard\u0131mc\u0131s\u0131 da san\u0131kt\u0131r, partinizin i\u00e7inde se\u00e7ilmi\u015fler de var; san\u0131kt\u0131r. Say\u0131n Canikli, siz kalk\u0131p bu k\u00fcrs\u00fcde hakaret ediyorsunuz, tehdit ediyorsunuz. S\u00f6zlerinizi geri alman\u0131z laz\u0131m. \u0130ddianame yer ald\u0131n\u0131z m\u0131 almad\u0131n\u0131z m\u0131; iddianamade yer alman\u0131zdan niye gocunuyorsunuz? Do\u011fruyu s\u00f6yledi\u011fimizde k\u00fcrs\u00fcden gelip bize hakaret edip, k\u00fcfredip, tehdit edip, \u00e7o\u011funlu\u011funuza g\u00fcvenerek susturaca\u011f\u0131n\u0131z\u0131 zannediyorsan\u0131z, ona kalk\u0131\u015fmay\u0131n\u201d dedi.<\/p>\n<p style=\"text-align: justify;\">S\u00fcresinin sona ermesine ra\u011fmen konu\u015fmas\u0131na devam eden Kaplan&#8217;\u0131, Meclis Ba\u015fkanvekili Mehmet Sa\u011flam uyard\u0131. Canikli&#8217;nin s\u00f6z\u00fcn\u00fc geri almas\u0131n\u0131 isteyen Kaplan, \u201cHakaret de tehdit de edemezsiniz\u201d dedi. Kaplan, k\u00fcrs\u00fcde bulunan su barda\u011f\u0131n\u0131 alarak sert bir \u015fekilde k\u00fcrs\u00fcye vurdu. Kaplan daha sonra, k\u0131r\u0131lan barda\u011f\u0131n par\u00e7alar\u0131n\u0131 k\u00fcrs\u00fcn\u00fcn \u00f6n\u00fcne do\u011fru f\u0131rlatt\u0131.<\/p>\n<p style=\"text-align: justify;\">Bunun \u00fczerine BDP \u0130stanbul Milletvekili S\u0131rr\u0131 S\u00fcreyya \u00d6nder k\u00fcrs\u00fcye ko\u015farak, Kaplan&#8217;\u0131 sakinle\u015ftirmeye \u00e7al\u0131\u015ft\u0131. BDP&#8217;liler Kaplan&#8217;\u0131 tutmaya \u00e7al\u0131\u015f\u0131rken, Kaplan, \u201c\u00d6z\u00fcr dileyecek, s\u00f6z\u00fcn\u00fc geri alacak\u201d diye ba\u011f\u0131rd\u0131. Sa\u011flam, birle\u015fime ara verdi, Kaplan da milletvekilleri taraf\u0131ndan kulise \u00e7\u0131kar\u0131ld\u0131.<\/p>\n<p style=\"text-align: justify;\"><a href=\"http:\/\/www.cnnturk.com\/2011\/turkiye\/12\/10\/bdpli.kaplan.kursude.kirdigi.bardagi.firlatti\/639950.0\/index.html\" target=\"_blank\">Kaynak : CNN T\u00dcRK<\/a><\/p>\n","protected":false},"excerpt":{"rendered":"<p style=\"text-align: center;\">\n<p style=\"text-align: justify;\">BDP Grup Ba\u015fkanvekili Hasip Kaplan, AK Parti Grup Ba\u015fkanvekili Nurettin Canikli&#8217;nin s\u00f6zlerine sinirlenerek, konu\u015fma yapt\u0131\u011f\u0131 k\u00fcrs\u00fcdeki barda\u011f\u0131 k\u0131rarak f\u0131rlatt\u0131.<\/p>\n<p style=\"text-align: justify;\">Cumhurba\u015fkan\u0131 Abdullah G\u00fcl&#8217;\u00fcn bir kez daha g\u00f6r\u00fc\u015f\u00fclmek \u00fczere iade etti\u011fi sporda \u015fike cezalar\u0131n\u0131 indiren kanunun TBMM Genel Kurulundaki g\u00f6r\u00fc\u015fmeleri, Canikli ile Kaplan&#8217;\u0131n tart\u0131\u015fmas\u0131na sahne oldu. <\/p>\n","protected":false},"author":1,"featured_media":0,"comment_status":"open","ping_status":"open","sticky":false,"template":"","format":"standard","meta":{"footnotes":""},"categories":[105],"tags":[],"class_list":["post-43914","post","type-post","status-publish","format-standard","hentry","category-gundem","odd"],"_links":{"self":[{"href":"http:\/\/www.korhanyilmaz.com\/index.php?rest_route=\/wp\/v2\/posts\/43914","targetHints":{"allow":["GET"]}}],"collection":[{"href":"http:\/\/www.korhanyilmaz.com\/index.php?rest_route=\/wp\/v2\/posts"}],"about":[{"href":"http:\/\/www.korhanyilmaz.com\/index.php?rest_route=\/wp\/v2\/types\/post"}],"author":[{"embeddable":true,"href":"http:\/\/www.korhanyilmaz.com\/index.php?rest_route=\/wp\/v2\/users\/1"}],"replies":[{"embeddable":true,"href":"http:\/\/www.korhanyilmaz.com\/index.php?rest_route=%2Fwp%2Fv2%2Fcomments&post=43914"}],"version-history":[{"count":0,"href":"http:\/\/www.korhanyilmaz.com\/index.php?rest_route=\/wp\/v2\/posts\/43914\/revisions"}],"wp:attachment":[{"href":"http:\/\/www.korhanyilmaz.com\/index.php?rest_route=%2Fwp%2Fv2%2Fmedia&parent=43914"}],"wp:term":[{"taxonomy":"category","embeddable":true,"href":"http:\/\/www.korhanyilmaz.com\/index.php?rest_route=%2Fwp%2Fv2%2Fcategories&post=43914"},{"taxonomy":"post_tag","embeddable":true,"href":"http:\/\/www.korhanyilmaz.com\/index.php?rest_route=%2Fwp%2Fv2%2Ftags&post=43914"}],"curies":[{"name":"wp","href":"https:\/\/api.w.org\/{rel}","templated":true}]}}