{"id":43911,"date":"2011-12-09T18:01:32","date_gmt":"2011-12-09T16:01:32","guid":{"rendered":"http:\/\/www.korhanyilmaz.com\/?p=43911"},"modified":"2011-12-10T09:24:07","modified_gmt":"2011-12-10T07:24:07","slug":"kilicdaroglundan-hsyk-aciklamasi","status":"publish","type":"post","link":"http:\/\/www.korhanyilmaz.com\/?p=43911","title":{"rendered":"K\u0131l\u0131\u00e7daro\u011flu&#8217;ndan HSYK a\u00e7\u0131klamas\u0131"},"content":{"rendered":"<p style=\"text-align: justify;\"><a href=\"http:\/\/www.korhanyilmaz.com\/wp-content\/uploads\/2011\/12\/8009.jpg\"  class=\"lightview\"><img loading=\"lazy\" decoding=\"async\" class=\"aligncenter size-full wp-image-43912\" title=\"\" src=\"http:\/\/www.korhanyilmaz.com\/wp-content\/uploads\/2011\/12\/8009.jpg\" alt=\"\" width=\"292\" height=\"201\" \/><\/a><\/p>\n<p style=\"text-align: justify;\">CHP Genel Ba\u015fkan\u0131 Kemal K\u0131l\u0131\u00e7daro\u011flu, &#8220;HSKY&#8217;ya bizim sayg\u0131m\u0131z var. Devletin her kurumuna sayg\u0131m\u0131z var. Yeter ki her kurum yasalarla tan\u0131mlanm\u0131\u015f g\u00f6revlerini yerine getirsin&#8221; dedi.<\/p>\n<p style=\"text-align: justify;\">K\u0131l\u0131\u00e7daro\u011flu, Adana Gen\u00e7 \u0130\u015fadamlar\u0131 Derne\u011fi (AG\u0130AD) taraf\u0131ndan Seyhan Otel&#8217;de d\u00fczenlenen &#8220;T\u00fcrkiye&#8217;nin Siyasi Liderleri Adana&#8217;da Bulu\u015fuyor, \u015eehrin Gelece\u011fini Konu\u015fuyor&#8221; isimli toplant\u0131ya kat\u0131ld\u0131.\u00a0<!--more--><\/p>\n<p style=\"text-align: justify;\">Toplant\u0131da kat\u0131l\u0131mc\u0131lar\u0131n sorular\u0131n\u0131 yan\u0131tlayan K\u0131l\u0131\u00e7daro\u011flu, &#8220;H\u00fck\u00fcmetin Suriye konusundaki politikalar\u0131n\u0131 nas\u0131l de\u011ferlendirdi\u011finin&#8221; sorulmas\u0131 \u00fczerine, \u00f6zellikle kom\u015fu \u00fclkelerle bar\u0131\u015f i\u00e7inde ya\u015famak istediklerini belirtti. Hi\u00e7 kimse ile kavga etmek istemediklerini belirten K\u0131l\u0131\u00e7daro\u011flu, \u015f\u00f6yle devam etti:<\/p>\n<p style=\"text-align: justify;\">&#8220;Mustafa Kemal Atat\u00fcrk&#8217;\u00fcn &#8216;Yurtta Sulh Cihanda Sulh&#8217; s\u00f6z\u00fc vard\u0131r. Suriye ile ili\u015fkilerimiz iyiydi. Cumhurba\u015fkan\u0131 gitti, Say\u0131n Ba\u015fbakan \u015eam sokaklar\u0131nda bayraklara kar\u015f\u0131land\u0131. S\u0131n\u0131r ticareti a\u00e7\u0131ld\u0131. Bir sabah kalkt\u0131k Suriye d\u00fc\u015fman oldu. Ni\u00e7in? Hangi gerek\u00e7eyle. Daha bir Allah&#8217;\u0131n kulu \u00e7\u0131k\u0131p bunun gerek\u00e7esini bana a\u00e7\u0131klam\u0131\u015f de\u011fil. &#8216;Efendim Suriye&#8217;de demokrasi yok&#8217;. Suriye&#8217;de demokrasi olmad\u0131\u011f\u0131n\u0131 sen \u015eam sokaklar\u0131n\u0131 gezerken fark\u0131nda de\u011fil miydin? O zaman ba\u015fka birisi mi vard\u0131 orada. Oray\u0131 d\u00fc\u015fman ilan etmek bizim geleneksel d\u0131\u015f politikam\u0131za da ayk\u0131r\u0131.&#8221;<\/p>\n<p style=\"text-align: justify;\">Arap bahar\u0131n\u0131 &#8220;enerji kaynaklar\u0131n\u0131n payla\u015f\u0131lma, insanlar\u0131n \u00f6ld\u00fcr\u00fclme bahar\u0131&#8221; olarak tan\u0131mlayan K\u0131l\u0131\u00e7daro\u011flu, &#8220;Demokrasiye evet ama o insanlara demokrasi \u00f6zg\u00fcrl\u00fc\u011f\u00fc getirece\u011fim diye enerji kaynaklar\u0131na el koymay\u0131 biz i\u00e7imize sindiremiyoruz. Irak meydandad\u0131r. Oray\u0131 herkes g\u00f6rs\u00fcn. Oraya da demokrasi gelecekti. 1 milyonun \u00fcst\u00fcnde M\u00fcsl\u00fcman \u00f6ld\u00fcr\u00fcld\u00fc. 100 binlerce kad\u0131na tecav\u00fcz edildi. T\u00fcrkiye Cumhuriyeti H\u00fck\u00fcmeti&#8217;nin sesi \u00e7\u0131kt\u0131 m\u0131? Niye \u00e7\u0131km\u0131yor. O nedenle Suriye konusunda egemen g\u00fc\u00e7lerin Ortado\u011fu&#8217;daki ta\u015feronlu\u011funa soyunan bir h\u00fck\u00fcmet oldu\u011fu i\u00e7in biz egemen g\u00fc\u00e7lerin ta\u015feronlu\u011funu yapan de\u011fil ba\u011f\u0131ms\u0131z T\u00fcrkiye&#8217;yi kuran bir siyasal parti olarak buna kar\u015f\u0131 \u00e7\u0131k\u0131yoruz&#8221; diye konu\u015ftu.<\/p>\n<p style=\"text-align: justify;\">&#8220;\u00dclkesinin de\u011fil ba\u015fkalar\u0131n\u0131n \u00e7\u0131karlar\u0131n\u0131 d\u00fc\u015f\u00fcnen siyaset anlay\u0131\u015f\u0131n\u0131 iyi tan\u0131y\u0131n&#8221; diyen K\u0131l\u0131\u00e7daro\u011flu, &#8220;Biz her \u00fclkeye sayg\u0131 duyar\u0131z. O \u00fclkenin i\u00e7 i\u015flerine sayg\u0131 duyar\u0131z. Onlarla ticari ve insani ili\u015fkilerimizi geli\u015ftirmek isteriz. O \u00fclkelere demokrasi gelecekse her t\u00fcrl\u00fc katk\u0131y\u0131 veririz. Ama ba\u015fka bir \u00fclkenin i\u00e7i\u015flerine kar\u0131\u015fmak istemeyiz&#8221; \u015feklinde konu\u015ftu.<\/p>\n<p style=\"text-align: justify;\"><strong>HSYK tart\u0131\u015fmalar\u0131\u00a0<\/strong><\/p>\n<p style=\"text-align: justify;\">K\u0131l\u0131\u00e7daro\u011flu, Hakimler ve Savc\u0131lar Y\u00fcksek Kurulu&#8217;na (HSYK) ile ili\u015fkilerinin sorulmas\u0131 \u00fczerine, \u015f\u00f6yle konu\u015ftu:<\/p>\n<p style=\"text-align: justify;\">&#8220;HSKY&#8217;ya bizim sayg\u0131m\u0131z var. Devletin her kurumuna sayg\u0131m\u0131z var. Yeter ki her kurum yasalarla tan\u0131mlanm\u0131\u015f g\u00f6revlerini yerine getirsin. Ba\u015fka bir g\u00f6r\u00fc\u015f\u00fcm\u00fcz yok. Ama bu HSYK adalet da\u011f\u0131tan bir kurum de\u011fil. Adaleti bozan bir kurum, tuzu kokutan bir kurum. Silivri&#8217;deki davalardan birine bakan bir yarg\u0131\u00e7 vard\u0131. &#8216;\u00dczerimde kurumsal bask\u0131 var&#8217; dedi ve ayr\u0131ld\u0131. Hi\u00e7 bir HSYK \u00fcyesi \u00e7\u0131k\u0131p &#8216;Arkada\u015f sana bu bask\u0131y\u0131 yapan kim&#8217; diye sormad\u0131. Yarg\u0131ya bask\u0131 yap\u0131l\u0131yor ama sormuyorlar. Neden? \u00c7\u00fcnk\u00fc o bask\u0131y\u0131 yapan kendisiyle ayn\u0131 d\u00fc\u015f\u00fcncede olan ki\u015filer. Bu HSYK&#8217;ya sayg\u0131 duyar m\u0131s\u0131n\u0131z? Ben duymuyorum. Kusura bakmas\u0131nlar.&#8221;<\/p>\n<p style=\"text-align: justify;\">Kendisi i\u00e7in &#8220;\u00d6z\u00fcr dile&#8221; denildi\u011fini hat\u0131rlatan K\u0131l\u0131\u00e7daro\u011flu, &#8220;Senin neyinden \u00f6z\u00fcr dileyece\u011fim. Sen adaleti da\u011f\u0131tt\u0131n da ben hay\u0131r m\u0131 dedim&#8221; dedi.<\/p>\n<p style=\"text-align: justify;\">K\u0131l\u0131\u00e7daro\u011flu, Adalet Bakan\u0131&#8217;n\u0131n unvan\u0131n &#8220;Ali Dibo&#8221; oldu\u011funu iddia ederek, \u015f\u00f6yle devam etti:<\/p>\n<p style=\"text-align: justify;\">&#8220;Milletvekiliyken ihale da\u011f\u0131tan adam. Yani ihaleye fesat kar\u0131\u015ft\u0131ran adam \u00e7a\u011fda\u015f bir \u00fclkede Adalet Bakan\u0131 olabilir mi? B\u0131rak\u0131n Adalet Bakan\u0131 olmay\u0131 siyasette g\u00f6rev alamaz. Bu Adalet Bakan\u0131na b\u00f6yle bir HSYK yak\u0131\u015f\u0131r. Ba\u015fka bir \u015fey olamaz.&#8221;<\/p>\n<p style=\"text-align: justify;\">K\u0131l\u0131\u00e7daro\u011flu, yarg\u0131n\u0131n ba\u011f\u0131ms\u0131z ve tarafs\u0131z olmas\u0131 gerekti\u011fini belirterek, yarg\u0131\u00e7lar\u0131n karar\u0131n\u0131 \u00f6nce kendi vicdan\u0131nda tartmas\u0131 gerekti\u011fini s\u00f6yledi.<\/p>\n<p style=\"text-align: justify;\">Adaletin bozulmas\u0131 halinde devletin b\u00fcy\u00fck yara alaca\u011f\u0131n\u0131 belirten K\u0131l\u0131\u00e7daro\u011flu, &#8220;Onun i\u00e7in diyorlar zaten; adalet bozulursa tuz kokar. Kim su\u00e7lan\u0131rsa adil bir \u015fekilde yarg\u0131lans\u0131n. \u0130tiraz\u0131m\u0131z yok&#8221; diye konu\u015ftu. Hopa&#8217;da \u00e7\u0131kan olaylarla ilgili, Ankara&#8217;da d\u00fczenlenen g\u00f6sterilere dair ba\u015flat\u0131lan soru\u015fturma kapsam\u0131nda \u00f6\u011frencilerin tutuklanmas\u0131n\u0131 hat\u0131rlatan K\u0131l\u0131\u00e7daro\u011flu, &#8220;Tam HSKY&#8217;ya uygun bir davran\u0131\u015f&#8221; diye konu\u015ftu.<\/p>\n<p style=\"text-align: justify;\">Siyasi iktidar\u0131n emrinde bir yarg\u0131 olamayaca\u011f\u0131n\u0131 belirten K\u0131l\u0131\u00e7daro\u011flu, &#8220;HSYK b\u00fct\u00fcn siyasi kayg\u0131lardan ar\u0131nmal\u0131. Siyasetin d\u0131\u015f\u0131na \u00e7\u0131kmal\u0131. Do\u011fru karar vermeli. Hukuk yerini bulmal\u0131&#8221; ifadesini kulland\u0131. K\u0131l\u0131\u00e7daro\u011flu, tutuklu milletvekilleri konusuna da de\u011finerek, \u015funlar\u0131 s\u00f6yledi:<\/p>\n<p style=\"text-align: justify;\">&#8220;Uzun tutukluluk s\u00fcrelerinden Cumhurba\u015fkan\u0131 \u015fikayet\u00e7i, Meclis Ba\u015fkan\u0131 \u015fikayet\u00e7i, \u015fikayet\u00e7i olmayan kimse yok. Kimle konu\u015fsan\u0131z &#8216;Evet bu do\u011fru de\u011fil&#8217; diyor. \u00c7\u00f6zelim diyorsunuz, &#8216;\u00c7\u00f6zmeyelim&#8217;&#8230; O zaman kim samimi. Halk\u0131n oyuyla se\u00e7ilmi\u015f bir milletvekili hapise at\u0131l\u0131r m\u0131? H\u00fck\u00fcm giyse eyvallah diyece\u011fiz. H\u00fck\u00fcm giymemi\u015f tutuklu. Bunlar bizim demokrasimizin ay\u0131p y\u00f6nleri. Bu ay\u0131plarla m\u00fccadele edece\u011fiz.&#8221;<\/p>\n<p style=\"text-align: justify;\"><a href=\"http:\/\/www.cnnturk.com\/2011\/turkiye\/12\/09\/kilicdaroglundan.hsyk.aciklamasi\/639899.0\/index.html\" target=\"_blank\">Kaynak : CNN T\u00dcRK<\/a><\/p>\n","protected":false},"excerpt":{"rendered":"<p style=\"text-align: justify;\">\n<p style=\"text-align: justify;\">CHP Genel Ba\u015fkan\u0131 Kemal K\u0131l\u0131\u00e7daro\u011flu, &#8220;HSKY&#8217;ya bizim sayg\u0131m\u0131z var. Devletin her kurumuna sayg\u0131m\u0131z var. Yeter ki her kurum yasalarla tan\u0131mlanm\u0131\u015f g\u00f6revlerini yerine getirsin&#8221; dedi.<\/p>\n<p style=\"text-align: justify;\">K\u0131l\u0131\u00e7daro\u011flu, Adana Gen\u00e7 \u0130\u015fadamlar\u0131 Derne\u011fi (AG\u0130AD) taraf\u0131ndan Seyhan Otel&#8217;de d\u00fczenlenen &#8220;T\u00fcrkiye&#8217;nin Siyasi Liderleri Adana&#8217;da Bulu\u015fuyor, \u015eehrin Gelece\u011fini Konu\u015fuyor&#8221; isimli toplant\u0131ya kat\u0131ld\u0131. <\/p>\n","protected":false},"author":1,"featured_media":0,"comment_status":"open","ping_status":"open","sticky":false,"template":"","format":"standard","meta":{"footnotes":""},"categories":[105],"tags":[],"class_list":["post-43911","post","type-post","status-publish","format-standard","hentry","category-gundem","odd"],"_links":{"self":[{"href":"http:\/\/www.korhanyilmaz.com\/index.php?rest_route=\/wp\/v2\/posts\/43911","targetHints":{"allow":["GET"]}}],"collection":[{"href":"http:\/\/www.korhanyilmaz.com\/index.php?rest_route=\/wp\/v2\/posts"}],"about":[{"href":"http:\/\/www.korhanyilmaz.com\/index.php?rest_route=\/wp\/v2\/types\/post"}],"author":[{"embeddable":true,"href":"http:\/\/www.korhanyilmaz.com\/index.php?rest_route=\/wp\/v2\/users\/1"}],"replies":[{"embeddable":true,"href":"http:\/\/www.korhanyilmaz.com\/index.php?rest_route=%2Fwp%2Fv2%2Fcomments&post=43911"}],"version-history":[{"count":0,"href":"http:\/\/www.korhanyilmaz.com\/index.php?rest_route=\/wp\/v2\/posts\/43911\/revisions"}],"wp:attachment":[{"href":"http:\/\/www.korhanyilmaz.com\/index.php?rest_route=%2Fwp%2Fv2%2Fmedia&parent=43911"}],"wp:term":[{"taxonomy":"category","embeddable":true,"href":"http:\/\/www.korhanyilmaz.com\/index.php?rest_route=%2Fwp%2Fv2%2Fcategories&post=43911"},{"taxonomy":"post_tag","embeddable":true,"href":"http:\/\/www.korhanyilmaz.com\/index.php?rest_route=%2Fwp%2Fv2%2Ftags&post=43911"}],"curies":[{"name":"wp","href":"https:\/\/api.w.org\/{rel}","templated":true}]}}