{"id":4391,"date":"2009-03-02T09:03:45","date_gmt":"2009-03-02T07:03:45","guid":{"rendered":"http:\/\/www.korhanyilmaz.com\/?p=4391"},"modified":"2009-03-02T09:03:45","modified_gmt":"2009-03-02T07:03:45","slug":"abdden-urkuten-aciklama","status":"publish","type":"post","link":"http:\/\/www.korhanyilmaz.com\/?p=4391","title":{"rendered":"ABD&#8217;den \u00fcrk\u00fcten a\u00e7\u0131klama"},"content":{"rendered":"<p><img loading=\"lazy\" decoding=\"async\" class=\"aligncenter size-full wp-image-4392\" title=\"020320090937325442578\" src=\"http:\/\/www.korhanyilmaz.com\/wp-content\/uploads\/2009\/03\/020320090937325442578.jpg\" alt=\"020320090937325442578\" width=\"320\" height=\"100\" \/><strong><\/strong><\/p>\n<p style=\"text-align: justify;\"><strong>ABD Genelkurmay Ba\u015fkan\u0131, \u0130ran&#8217;\u0131n atom bombas\u0131 yapaca\u011f\u0131n\u0131 s\u00f6yledi<\/strong>.<\/p>\n<p style=\"text-align: justify;\">ABD Genelkurmay Ba\u015fkan\u0131 Oramiral Mike Mullen, CNN&#8217;de kat\u0131ld\u0131\u011f\u0131 bir programda, &#8220;\u0130ran&#8217;\u0131n n\u00fckleer silah i\u00e7in yeteri malzemeye sahip olup olmad\u0131\u011f\u0131na&#8221; ili\u015fkin bir soruya, Tahran&#8217;\u0131n atom bombas\u0131 yapaca\u011f\u0131ndan &#8220;neredeyse emin olduklar\u0131&#8221; yan\u0131t\u0131n\u0131 verdi.ABD&#8217;nin, \u0130ran&#8217;\u0131n atom bombas\u0131 yapmak i\u00e7in yeterince malzemeye sahip oldu\u011funa inand\u0131\u011f\u0131 belirtildi.ABD Genelkurmay Ba\u015fkan\u0131 Oramiral Mike Mullen, Tahran&#8217;\u0131n atom bombas\u0131 yapaca\u011f\u0131ndan &#8220;neredeyse emin olduklar\u0131&#8221; n\u0131 s\u00f6yledi.<br \/>\nWashington y\u00f6netimi \u0130ran&#8217;\u0131n n\u00fckleer program\u0131n\u0131n nihai amac\u0131n\u0131n atom bombas\u0131 yapmak oldu\u011funu ileri s\u00fcrerken, Tahran n\u00fckleer program\u0131n\u0131n bar\u0131\u015f\u00e7\u0131l ama\u00e7l\u0131, sadece enerji ihtiyac\u0131n\u0131 kar\u015f\u0131lamaya y\u00f6nelik oldu\u011funu belirtiyor.\n<\/p>\n<p style=\"text-align: justify;\"><span style=\"color: #888888;\">AA<\/span><\/p>\n","protected":false},"excerpt":{"rendered":"<\/p>\n<p style=\"text-align: justify;\">ABD Genelkurmay Ba\u015fkan\u0131, \u0130ran&#8217;\u0131n atom bombas\u0131 yapaca\u011f\u0131n\u0131 s\u00f6yledi.<\/p>\n<p style=\"text-align: justify;\">ABD Genelkurmay Ba\u015fkan\u0131 Oramiral Mike Mullen, CNN&#8217;de kat\u0131ld\u0131\u011f\u0131 bir programda, &#8220;\u0130ran&#8217;\u0131n n\u00fckleer silah i\u00e7in yeteri malzemeye sahip olup olmad\u0131\u011f\u0131na&#8221; ili\u015fkin bir soruya, Tahran&#8217;\u0131n atom bombas\u0131 yapaca\u011f\u0131ndan &#8220;neredeyse emin olduklar\u0131&#8221; yan\u0131t\u0131n\u0131 verdi.ABD&#8217;nin, \u0130ran&#8217;\u0131n atom bombas\u0131 yapmak i\u00e7in yeterince malzemeye sahip oldu\u011funa inand\u0131\u011f\u0131 belirtildi.ABD <\/p>\n","protected":false},"author":1,"featured_media":0,"comment_status":"open","ping_status":"closed","sticky":false,"template":"","format":"standard","meta":{"footnotes":""},"categories":[3],"tags":[],"class_list":["post-4391","post","type-post","status-publish","format-standard","hentry","category-dunya","odd"],"_links":{"self":[{"href":"http:\/\/www.korhanyilmaz.com\/index.php?rest_route=\/wp\/v2\/posts\/4391","targetHints":{"allow":["GET"]}}],"collection":[{"href":"http:\/\/www.korhanyilmaz.com\/index.php?rest_route=\/wp\/v2\/posts"}],"about":[{"href":"http:\/\/www.korhanyilmaz.com\/index.php?rest_route=\/wp\/v2\/types\/post"}],"author":[{"embeddable":true,"href":"http:\/\/www.korhanyilmaz.com\/index.php?rest_route=\/wp\/v2\/users\/1"}],"replies":[{"embeddable":true,"href":"http:\/\/www.korhanyilmaz.com\/index.php?rest_route=%2Fwp%2Fv2%2Fcomments&post=4391"}],"version-history":[{"count":0,"href":"http:\/\/www.korhanyilmaz.com\/index.php?rest_route=\/wp\/v2\/posts\/4391\/revisions"}],"wp:attachment":[{"href":"http:\/\/www.korhanyilmaz.com\/index.php?rest_route=%2Fwp%2Fv2%2Fmedia&parent=4391"}],"wp:term":[{"taxonomy":"category","embeddable":true,"href":"http:\/\/www.korhanyilmaz.com\/index.php?rest_route=%2Fwp%2Fv2%2Fcategories&post=4391"},{"taxonomy":"post_tag","embeddable":true,"href":"http:\/\/www.korhanyilmaz.com\/index.php?rest_route=%2Fwp%2Fv2%2Ftags&post=4391"}],"curies":[{"name":"wp","href":"https:\/\/api.w.org\/{rel}","templated":true}]}}