{"id":43907,"date":"2011-12-09T19:25:39","date_gmt":"2011-12-09T17:25:39","guid":{"rendered":"http:\/\/www.korhanyilmaz.com\/?p=43907"},"modified":"2011-12-10T09:19:28","modified_gmt":"2011-12-10T07:19:28","slug":"israilli-bakan-gulun-konusmasini-dinlemedi","status":"publish","type":"post","link":"http:\/\/www.korhanyilmaz.com\/?p=43907","title":{"rendered":"\u0130srailli Bakan G\u00fcl&#8217;\u00fcn konu\u015fmas\u0131n\u0131 dinlemedi"},"content":{"rendered":"<p style=\"text-align: center;\"><a href=\"http:\/\/www.korhanyilmaz.com\/wp-content\/uploads\/2011\/12\/8008.jpg\"  class=\"lightview\"><img loading=\"lazy\" decoding=\"async\" class=\"aligncenter  wp-image-43908\" src=\"http:\/\/www.korhanyilmaz.com\/wp-content\/uploads\/2011\/12\/8008.jpg\" alt=\"\" width=\"360\" height=\"180\" \/><\/a><\/p>\n<p style=\"text-align: justify;\">Cumhurba\u015fkan\u0131 Abdullah G\u00fcl&#8217;\u00fcn D\u00fcnya Siyaset Konferans\u0131&#8217;n\u0131n a\u00e7\u0131l\u0131\u015f\u0131nda yapaca\u011f\u0131 konu\u015fma \u00f6ncesinde \u0130srail Savunma Bakan\u0131 Ehud Barak, salonu terk etti.<\/p>\n<p style=\"text-align: justify;\">Avusturya\u2019n\u0131n ba\u015fkenti Viyana\u2019da d\u00fczenlenen 4. D\u00fcnya Siyaset Konferans\u0131&#8217;nda a\u00e7\u0131\u015f konu\u015fmas\u0131n\u0131 Cumhurba\u015fkan\u0131 Abdullah G\u00fcl yapt\u0131. G\u00fcl\u2019\u00fcn bug\u00fcnk\u00fc program\u0131nda beklenmeyen de\u011fi\u015fiklikler yap\u0131ld\u0131. Konferans \u00f6ncesi G\u00fcl ile \u0130srail Savunma Bakan\u0131 Ehud Barak aras\u0131nda kar\u015f\u0131l\u0131kl\u0131 protestolar g\u00f6zlendi.\u00a0<!--more--><\/p>\n<p style=\"text-align: justify;\"><strong>A\u0130LE FOTOGRAFINA DA G\u0130RMED\u0130\u00a0<\/strong><\/p>\n<p style=\"text-align: justify;\">Konferans \u00f6ncesinde yine konuk devlet ve h\u00fck\u00fcmet ba\u015fkanlar\u0131n\u0131n kat\u0131l\u0131m\u0131yla yap\u0131lacak aile foto\u011fraf\u0131 \u00e7ekimine , \u0130srail Savunma Bakan\u0131 Ehud Barak da kat\u0131ld\u0131. Cumhurba\u015fkan\u0131 G\u00fcl, foto\u011fraf \u00e7ekimine kat\u0131lmayarak \u0130srailli Bakan ile ayn\u0131 karede yer almad\u0131.<\/p>\n<p style=\"text-align: justify;\"><strong>BU KEZ BARAK G\u00dcL\u2019E TAVIR KOYDU\u00a0<\/strong><\/p>\n<p style=\"text-align: justify;\">Barak ve beraberindeki \u0130srailli heyet ise Cumhurba\u015fkan\u0131 G\u00fcl&#8217;\u00fcn, konferans\u0131n a\u00e7\u0131l\u0131\u015f\u0131nda yapt\u0131\u011f\u0131 konu\u015fmadan hemen \u00f6nce salondan ayr\u0131ld\u0131. Avusturya Cumhurba\u015fkan\u0131 Fischer\u2019in k\u0131sa bir ho\u015fgeldiniz konu\u015fmas\u0131n\u0131n ard\u0131ndan sunucunun Abdullah G\u00fcl\u2019\u00fc k\u00fcrs\u00fcye davet edece\u011fi s\u0131rada, \u0130srail Savunma Bakan\u0131 salonu terkederek G\u00fcl\u2019e tav\u0131r koydu. Avusturya\u2019daki \u00e7al\u0131\u015fmalar\u0131n\u0131 bitiren G\u00fcl bu ak\u015fam Ankara\u2019ya d\u00f6necek.<\/p>\n<p style=\"text-align: justify;\"><strong>G\u00dcL YEME\u011eE KATILMADI\u00a0<\/strong><\/p>\n<p style=\"text-align: justify;\">Avusturya Cumhurba\u015fkan\u0131 Dr.Heinz Fisher&#8217;in 4. Konferansa kat\u0131lan davetlilerin onuruna verdi\u011fi yemekte, \u0130srail Savunma Bakan\u0131 Ehud Barak&#8217;\u0131n da yer alaca\u011f\u0131n\u0131n \u00f6\u011frenilmesi \u00fczerine Abdullah G\u00fcl bu yeme\u011fe kat\u0131lmad\u0131. Yeme\u011fe kat\u0131lmayan G\u00fcl AT\u0130B (Avusturya T\u00fcrk \u0130slam Birli\u011fi) camiine giderek burada vatanda\u015flar ile birlikte Cuma namaz\u0131 k\u0131lmay\u0131 tercih etti.<\/p>\n<p style=\"text-align: justify;\"><a href=\"http:\/\/haber.gazetevatan.com\/israilli-bakan-gulun-konusmasini-dinlemedi\/416710\/1\/Gundem\" target=\"_blank\">Kaynak : VATAN Gazetesi<\/a><\/p>\n","protected":false},"excerpt":{"rendered":"<p style=\"text-align: center;\">\n<p style=\"text-align: justify;\">Cumhurba\u015fkan\u0131 Abdullah G\u00fcl&#8217;\u00fcn D\u00fcnya Siyaset Konferans\u0131&#8217;n\u0131n a\u00e7\u0131l\u0131\u015f\u0131nda yapaca\u011f\u0131 konu\u015fma \u00f6ncesinde \u0130srail Savunma Bakan\u0131 Ehud Barak, salonu terk etti.<\/p>\n<p style=\"text-align: justify;\">Avusturya\u2019n\u0131n ba\u015fkenti Viyana\u2019da d\u00fczenlenen 4. D\u00fcnya Siyaset Konferans\u0131&#8217;nda a\u00e7\u0131\u015f konu\u015fmas\u0131n\u0131 Cumhurba\u015fkan\u0131 Abdullah G\u00fcl yapt\u0131. G\u00fcl\u2019\u00fcn bug\u00fcnk\u00fc program\u0131nda beklenmeyen de\u011fi\u015fiklikler yap\u0131ld\u0131. Konferans \u00f6ncesi G\u00fcl ile \u0130srail Savunma Bakan\u0131 Ehud Barak aras\u0131nda <\/p>\n","protected":false},"author":1,"featured_media":0,"comment_status":"open","ping_status":"open","sticky":false,"template":"","format":"standard","meta":{"footnotes":""},"categories":[105],"tags":[],"class_list":["post-43907","post","type-post","status-publish","format-standard","hentry","category-gundem","odd"],"_links":{"self":[{"href":"http:\/\/www.korhanyilmaz.com\/index.php?rest_route=\/wp\/v2\/posts\/43907","targetHints":{"allow":["GET"]}}],"collection":[{"href":"http:\/\/www.korhanyilmaz.com\/index.php?rest_route=\/wp\/v2\/posts"}],"about":[{"href":"http:\/\/www.korhanyilmaz.com\/index.php?rest_route=\/wp\/v2\/types\/post"}],"author":[{"embeddable":true,"href":"http:\/\/www.korhanyilmaz.com\/index.php?rest_route=\/wp\/v2\/users\/1"}],"replies":[{"embeddable":true,"href":"http:\/\/www.korhanyilmaz.com\/index.php?rest_route=%2Fwp%2Fv2%2Fcomments&post=43907"}],"version-history":[{"count":0,"href":"http:\/\/www.korhanyilmaz.com\/index.php?rest_route=\/wp\/v2\/posts\/43907\/revisions"}],"wp:attachment":[{"href":"http:\/\/www.korhanyilmaz.com\/index.php?rest_route=%2Fwp%2Fv2%2Fmedia&parent=43907"}],"wp:term":[{"taxonomy":"category","embeddable":true,"href":"http:\/\/www.korhanyilmaz.com\/index.php?rest_route=%2Fwp%2Fv2%2Fcategories&post=43907"},{"taxonomy":"post_tag","embeddable":true,"href":"http:\/\/www.korhanyilmaz.com\/index.php?rest_route=%2Fwp%2Fv2%2Ftags&post=43907"}],"curies":[{"name":"wp","href":"https:\/\/api.w.org\/{rel}","templated":true}]}}