{"id":43899,"date":"2011-12-10T00:03:50","date_gmt":"2011-12-09T22:03:50","guid":{"rendered":"http:\/\/www.korhanyilmaz.com\/?p=43899"},"modified":"2011-12-10T09:11:16","modified_gmt":"2011-12-10T07:11:16","slug":"yan-bakanlar","status":"publish","type":"post","link":"http:\/\/www.korhanyilmaz.com\/?p=43899","title":{"rendered":"&#8220;Yan bakanlar&#8230;&#8221;"},"content":{"rendered":"<p style=\"text-align: center;\"><a href=\"http:\/\/www.korhanyilmaz.com\/wp-content\/uploads\/2011\/12\/8006.jpg\"  class=\"lightview\"><img loading=\"lazy\" decoding=\"async\" class=\"aligncenter  wp-image-43900\" src=\"http:\/\/www.korhanyilmaz.com\/wp-content\/uploads\/2011\/12\/8006.jpg\" alt=\"\" width=\"396\" height=\"180\" \/><\/a><\/p>\n<p style=\"text-align: justify;\">CHP lideri Kemal K\u0131l\u0131\u00e7daro\u011flu, bakan yard\u0131mc\u0131s\u0131 olarak atanan AKP eski milletvekillerine \u2018\u2019Yan Bakan\u2019\u2019 ad\u0131n\u0131 takt\u0131.<\/p>\n<p style=\"text-align: justify;\">ANKARA &#8211; CHP lideri Kemal K\u0131l\u0131\u00e7daro\u011flu, bakan yard\u0131mc\u0131s\u0131 olarak atanan AKP eski milletvekillerine \u2018\u2019Yan Bakan\u2019\u2019 ad\u0131n\u0131 takt\u0131. K\u0131l\u0131\u00e7daro\u011flu, \u2018\u2019 Bakanl\u0131klarda arpal\u0131klar olu\u015fturuyorsunuz. Yan bakanlar kurdunuz. Eski milletvekili se\u00e7ilememi\u015f, \u015fimdi bakan yard\u0131mc\u0131s\u0131 oluyor. Para verecek ba\u015fka bir yol bulamad\u0131n\u0131z m\u0131?\u2019\u2019 diye sordu.\u00a0<!--more--><\/p>\n<p style=\"text-align: justify;\">K\u0131l\u0131\u00e7daro\u011flu\u2019nun b\u00fct\u00e7e g\u00f6r\u00fc\u015fmelerinde \u00fczerinde durdu\u011fu bir konu da, bakan yard\u0131mc\u0131lar\u0131 oldu. CHP lideri \u2018\u2019 \u2018\u2019K\u0130T\u2019ler \u00f6zelle\u015ftirildi, arpal\u0131klar bitti, \u015fimdi bakanl\u0131klarda arpal\u0131klar olu\u015fturuyorsunuz. Orada m\u00fcste\u015far yok mu? Bakan yok mu? Ne i\u015f yapacak bu, neye m\u00fcdahale edecek, g\u00f6revi ne bunun? Bir masa, bir sandalye, bir sekreter, bir araba ve dolgun ayl\u0131k. Bu ay\u0131p de\u011fil mi ve bunu kanun h\u00fckm\u00fcnde kararnameyle yap\u0131yorsunuz. Yanda\u015flar\u0131n\u0131za koltuk ayarlamaya ba\u015fl\u0131yorsunuz\u2019\u2019 dedi.<\/p>\n<p style=\"text-align: justify;\"><strong>9 BAKAN YARDIMCISI<\/strong><\/p>\n<p style=\"text-align: justify;\">Se\u00e7imlerde aday yap\u0131lmayan ya da se\u00e7imi kaybeden eski milletvekilleri Bakan yard\u0131mc\u0131s\u0131 oluyor. Eski milletvekilleri 5 bin liral\u0131k emekli vekil maa\u015flar\u0131n\u0131n yan\u0131 s\u0131ra, 9 bin lira da Bakan yard\u0131mc\u0131l\u0131\u011f\u0131 maa\u015f\u0131na kavu\u015ftu. Bug\u00fcne kadar atanan eski AKP milletvekili bakan yard\u0131mc\u0131lar\u0131 \u015f\u00f6yle:<\/p>\n<p style=\"text-align: justify;\">\u2018\u2019Antalya eski milletvekili Abdurrahman Ar\u0131c\u0131 K\u00fclt\u00fcr Turizm Bakanl\u0131\u011f\u0131) Konya eski milletvekili Orhan Erdem (Milli E\u011fitim Bakanl\u0131\u011f\u0131) Kahramanmara\u015f eski milletvekili Veysi Kaynak (Adalet Bakanl\u0131\u011f\u0131) \u0130stanbul eski milletvekili Kemal Yard\u0131mc\u0131 (Milli Savunma Bakanl\u0131\u011f\u0131) \u00c7orum eski milletvekili Agah Kafkas (Sa\u011fl\u0131k Bakanl\u0131\u011f\u0131) Diyarbak\u0131r eski milletvekili Kudbettin Arzu (G\u0131da Tar\u0131m Bakanl\u0131\u011f\u0131) , Rize eski milletvekili Ali Bayramo\u011flu (Enerji Bakanl\u0131\u011f\u0131) Ankara eski milletvekili A\u015fk\u0131n Asan (Aile Bakanl\u0131\u011f\u0131) Karab\u00fck eski milletvekili Mehmet Ceylan (Kalk\u0131nma Bakanl\u0131\u011f\u0131)<\/p>\n<p style=\"text-align: justify;\"><a href=\"http:\/\/www.gazeteport.com.tr\/haber\/67487\/quotyan_bakanlarquot\" target=\"_blank\">Kaynak : GAZETEPORT<\/a><\/p>\n","protected":false},"excerpt":{"rendered":"<p style=\"text-align: center;\">\n<p style=\"text-align: justify;\">CHP lideri Kemal K\u0131l\u0131\u00e7daro\u011flu, bakan yard\u0131mc\u0131s\u0131 olarak atanan AKP eski milletvekillerine \u2018\u2019Yan Bakan\u2019\u2019 ad\u0131n\u0131 takt\u0131.<\/p>\n<p style=\"text-align: justify;\">ANKARA &#8211; CHP lideri Kemal K\u0131l\u0131\u00e7daro\u011flu, bakan yard\u0131mc\u0131s\u0131 olarak atanan AKP eski milletvekillerine \u2018\u2019Yan Bakan\u2019\u2019 ad\u0131n\u0131 takt\u0131. K\u0131l\u0131\u00e7daro\u011flu, \u2018\u2019 Bakanl\u0131klarda arpal\u0131klar olu\u015fturuyorsunuz. Yan bakanlar kurdunuz. Eski milletvekili se\u00e7ilememi\u015f, \u015fimdi bakan yard\u0131mc\u0131s\u0131 oluyor. Para <\/p>\n","protected":false},"author":1,"featured_media":0,"comment_status":"open","ping_status":"open","sticky":false,"template":"","format":"standard","meta":{"footnotes":""},"categories":[105],"tags":[],"class_list":["post-43899","post","type-post","status-publish","format-standard","hentry","category-gundem","odd"],"_links":{"self":[{"href":"http:\/\/www.korhanyilmaz.com\/index.php?rest_route=\/wp\/v2\/posts\/43899","targetHints":{"allow":["GET"]}}],"collection":[{"href":"http:\/\/www.korhanyilmaz.com\/index.php?rest_route=\/wp\/v2\/posts"}],"about":[{"href":"http:\/\/www.korhanyilmaz.com\/index.php?rest_route=\/wp\/v2\/types\/post"}],"author":[{"embeddable":true,"href":"http:\/\/www.korhanyilmaz.com\/index.php?rest_route=\/wp\/v2\/users\/1"}],"replies":[{"embeddable":true,"href":"http:\/\/www.korhanyilmaz.com\/index.php?rest_route=%2Fwp%2Fv2%2Fcomments&post=43899"}],"version-history":[{"count":0,"href":"http:\/\/www.korhanyilmaz.com\/index.php?rest_route=\/wp\/v2\/posts\/43899\/revisions"}],"wp:attachment":[{"href":"http:\/\/www.korhanyilmaz.com\/index.php?rest_route=%2Fwp%2Fv2%2Fmedia&parent=43899"}],"wp:term":[{"taxonomy":"category","embeddable":true,"href":"http:\/\/www.korhanyilmaz.com\/index.php?rest_route=%2Fwp%2Fv2%2Fcategories&post=43899"},{"taxonomy":"post_tag","embeddable":true,"href":"http:\/\/www.korhanyilmaz.com\/index.php?rest_route=%2Fwp%2Fv2%2Ftags&post=43899"}],"curies":[{"name":"wp","href":"https:\/\/api.w.org\/{rel}","templated":true}]}}