{"id":43895,"date":"2011-12-09T22:06:50","date_gmt":"2011-12-09T20:06:50","guid":{"rendered":"http:\/\/www.korhanyilmaz.com\/?p=43895"},"modified":"2011-12-10T09:05:35","modified_gmt":"2011-12-10T07:05:35","slug":"kilicdaroglu-hitler-donemine-benzetti","status":"publish","type":"post","link":"http:\/\/www.korhanyilmaz.com\/?p=43895","title":{"rendered":"K\u0131l\u0131\u00e7daro\u011flu Hitler d\u00f6nemine benzetti"},"content":{"rendered":"<p style=\"text-align: center;\"><a href=\"http:\/\/www.korhanyilmaz.com\/wp-content\/uploads\/2011\/12\/8001.jpg\"  class=\"lightview\"><img loading=\"lazy\" decoding=\"async\" class=\"aligncenter  wp-image-43896\" src=\"http:\/\/www.korhanyilmaz.com\/wp-content\/uploads\/2011\/12\/8001.jpg\" alt=\"\" width=\"307\" height=\"236\" \/><\/a><\/p>\n<p style=\"text-align: justify;\">CHP Genel Ba\u015fkan\u0131 Kemal K\u0131l\u0131\u00e7daro\u011flu, &#8220;Hitler&#8217;in toplama kamp\u0131n\u0131n 21. y\u00fczy\u0131l versiyonu \u015fu anda T\u00fcrkiye&#8217;de ya\u015fan\u0131yor. Gazetecisi, ayd\u0131n\u0131, yazar\u0131, \u00f6\u011frencisi, doktoru, karikat\u00fcristi, \u00e7izeri, futbolcusu hapiste, herkes hapiste&#8221; dedi.\u00a0<!--more--><\/p>\n<p style=\"text-align: justify;\">K\u0131l\u0131\u00e7daro\u011flu, Adana&#8217;daki temaslar\u0131 kapsam\u0131nda partisinin \u00c7ukurova \u0130l\u00e7e Ba\u015fkanl\u0131\u011f\u0131n\u0131 ziyaretinde, T\u00fcrkiye&#8217;nin \u00e7ok ciddi sorunlar\u0131 oldu\u011funu, bunlar\u0131n en \u00f6nemlilerinden birisinin de &#8220;\u00f6zg\u00fcrl\u00fck sorunu&#8221; oldu\u011funu kaydetti.<\/p>\n<p style=\"text-align: justify;\">T\u00fcrkiye&#8217;nin adeta &#8220;toplama kamp\u0131&#8221; gibi oldu\u011funu ifade eden K\u0131l\u0131\u00e7daro\u011flu, \u015funlar\u0131 kaydetti: &#8220;Hitler&#8217;in toplama kamp\u0131n\u0131n 21. y\u00fczy\u0131l versiyonu \u015fu anda T\u00fcrkiye&#8217;de ya\u015fan\u0131yor. Gazetecisi, ayd\u0131n\u0131, yazar\u0131, \u00f6\u011frencisi, doktoru, karikat\u00fcristi, \u00e7izeri, futbolcusu hapiste, herkes hapiste. B\u00fct\u00fcn bu hapistekilerin bir tek ortak paydas\u0131 var, iktidara kar\u015f\u0131 olmak. Demek ki \u00f6zg\u00fcrl\u00fck istemenin, \u00f6zg\u00fcrl\u00fckleri geli\u015ftirmenin bir bedeli var. Bu bedeli \u00f6demekten hi\u00e7bir CHP partilisi ka\u00e7\u0131nmamal\u0131. O bedeli \u00f6demek gerekiyorsa, ba\u015fta genel ba\u015fkan olarak ben her t\u00fcrl\u00fc bedeli \u00f6demeye haz\u0131r\u0131m. Yeter ki bu \u00fclke ayd\u0131nlans\u0131n.&#8221;<\/p>\n<p style=\"text-align: justify;\">K\u0131l\u0131\u00e7daro\u011flu, &#8220;\u00c7ukurova Belediyesi Prof. Dr. T\u00fcrkan Saylan Spor Kompleksi&#8221;nin a\u00e7\u0131l\u0131\u015f\u0131ndaki konu\u015fmas\u0131nda ise \u00c7ukurova Belediyesinin, y\u00fcr\u00fcy\u00fc\u015f parkuru ve tenis kortuyla vatanda\u015fa g\u00fczel bir tesis sundu\u011funu, bu g\u00fczelli\u011fi T\u00fcrkan Saylan&#8217;\u0131n ismini vererek daha da art\u0131rd\u0131\u011f\u0131n\u0131 belirtti.<\/p>\n<p style=\"text-align: justify;\">T\u00fcrkan Saylan&#8217;\u0131 \u015f\u00fckran ve minnetle and\u0131\u011f\u0131n\u0131 belirten K\u0131l\u0131\u00e7daro\u011flu, \u015f\u00f6yle devam etti: &#8220;T\u00fcrken Saylan, insan\u0131m\u0131za b\u00fcy\u00fck art\u0131lar verdi. K\u0131z \u00e7ocuklar\u0131m\u0131z\u0131n okumas\u0131 i\u00e7in \u00e7aba harcad\u0131. O, g\u00fcn\u00fcm\u00fcz\u00fcn S\u0131d\u0131ka Avar&#8217;\u0131yd\u0131. T\u00fcrkan Saylan, hayat\u0131ndan fedakarl\u0131klar yaparak, k\u0131z \u00e7ocuklar\u0131m\u0131z\u0131n okumas\u0131 i\u00e7in ola\u011fan\u00fcst\u00fc \u00e7aba harcad\u0131, gecesini g\u00fcnd\u00fcz\u00fcne katt\u0131. Birileri onun bu fedakarl\u0131\u011f\u0131n\u0131 cezaland\u0131rmak istedi ama toplum onlar\u0131 mahkum etti.<\/p>\n<p style=\"text-align: justify;\">Ben S\u0131d\u0131ka Avar&#8217;dan ba\u015flay\u0131p gelen, b\u00fct\u00fcn ya\u015fam\u0131 boyunca k\u0131z \u00e7ocuklar\u0131n\u0131n okumas\u0131 i\u00e7in \u00e7aba harcayan b\u00fct\u00fcn \u00f6\u011fretmenlere ve onlar\u0131n son miras\u00e7\u0131s\u0131 olan T\u00fcrkan Saylan&#8217;a, ondan sonra bunu s\u00fcrd\u00fcrmek isteyen \u00c7a\u011fda\u015f Ya\u015fam\u0131 Destekleme Derne\u011fi Genel Ba\u015fkan\u0131 Aysel \u00c7elikel ile arkada\u015flar\u0131na \u015f\u00fcrkan bor\u00e7luyum. Bizim ve belediye ba\u015fkan\u0131m\u0131z\u0131n yapt\u0131\u011f\u0131 bir kadir\u015finasl\u0131k. Onun ismini bu vesileyle hep anaca\u011f\u0131z.&#8221;<\/p>\n<p style=\"text-align: justify;\"><strong>Y\u0131pranma hakk\u0131 ve tutuklu gazeteciler\u00a0<\/strong><\/p>\n<p style=\"text-align: justify;\">K\u0131l\u0131\u00e7daro\u011flu ard\u0131ndan, \u00c7ukurova Gazeteciler Cemiyeti&#8217;ne (\u00c7GC) giderek, T\u00fcrkiye Gazeteciler Sendikas\u0131 Adana \u015eubesi Ba\u015fkan\u0131 ve \u00c7GC Genel Sekreteri Mustafa G\u00fcm\u00fc\u015fdamla&#8217;n\u0131n ge\u00e7ti\u011fimiz haftalardaki vefat\u0131 nedeniyle, \u00c7GC Ba\u015fkan\u0131 Cafer Esendemir&#8217;e ve G\u00fcm\u00fc\u015fdamla&#8217;n\u0131n ailesine taziye ziyaretinde bulundu.<\/p>\n<p style=\"text-align: justify;\">K\u0131l\u0131\u00e7daro\u011flu, buradaki a\u00e7\u0131klamas\u0131nda, yayg\u0131n medyada \u00f6zellikle siyasal iktidarlar\u0131n bask\u0131s\u0131 nedeniyle gazetecilerin \u00f6zg\u00fcrce haber yapamad\u0131klar\u0131n\u0131 ve k\u00f6\u015fe yazamad\u0131klar\u0131n\u0131, yerel medyan\u0131n ise daha dinamik, aktif, \u00f6zg\u00fcr ve bask\u0131lara daha kolayca g\u00f6\u011f\u00fcs geren bir yap\u0131ya sahip oldu\u011funu ifade ederek, &#8220;Yerel medyan\u0131n kendine \u00f6zg\u00fc sorunlar\u0131 var ama bunlar\u0131n \u00e7\u00f6z\u00fclmesi i\u00e7in elimizden gelen her t\u00fcrl\u00fc \u00e7abay\u0131 g\u00f6stermeye haz\u0131r\u0131z. Daha \u00f6nce yerel medyaya baz\u0131 ilan k\u0131s\u0131tlamalar\u0131 getirilecekti, bunlar\u0131n do\u011fru olmayaca\u011f\u0131n\u0131 ifade ettik. \u00c7\u00fcnk\u00fc yerel medyan\u0131n \u00f6zg\u00fcrl\u00fc\u011f\u00fc b\u00fcy\u00fck \u00f6l\u00e7\u00fcde ekonomik \u00f6zg\u00fcrl\u00fc\u011f\u00fcn\u00fc sa\u011flamaktan ge\u00e7iyor&#8221; dedi.<\/p>\n<p style=\"text-align: justify;\">Gazetecili\u011fin zor bir meslek oldu\u011funu vurgulayan K\u0131l\u0131\u00e7daro\u011flu, &#8220;Zor bir meslekse, gazetecinin y\u0131pranma hakk\u0131n\u0131 vermek gerekiyor. Gazetecilerin daha \u00f6nce var olan y\u0131pranma haklar\u0131 ellerinden al\u0131nd\u0131. Bu hakk\u0131n iade edilmesi i\u00e7in elimizden gelen her t\u00fcrl\u00fc katk\u0131y\u0131 vermeye haz\u0131r\u0131z. Kanun teklifi verebiliriz, verece\u011fiz, ama \u00f6nemli olan partilerin bu konuda g\u00f6r\u00fc\u015f birli\u011fi i\u00e7inde olmas\u0131, medya mensuplar\u0131na hak ettikleri y\u0131pranma hakk\u0131n\u0131 vermeleridir&#8221; dedi.<\/p>\n<p style=\"text-align: justify;\"><strong>70&#8217;e yak\u0131n gazeteci\u00a0<\/strong><\/p>\n<p style=\"text-align: justify;\">K\u0131l\u0131\u00e7daro\u011flu, 70&#8217;e yak\u0131n gazetecinin cezaevlerinde oldu\u011funu ifade ederek, &#8220;Biz &#8216;tutuklu gazeteci&#8217; diyoruz, Adalet Bakan\u0131 h\u00fck\u00fcm yemi\u015f gazetecilerden s\u00f6z ediyor. Ak\u0131l var, mant\u0131k var, nas\u0131l bir Adalet Bakan\u0131, nas\u0131l bir hukuk e\u011fitimi alm\u0131\u015f? Bizim s\u00f6ylemlerimizi bu kadar \u00e7arp\u0131tan ba\u015fka bir bakan do\u011frusu g\u00f6rmedim. Art\u0131k b\u00fct\u00fcn d\u00fcnya biliyor ki T\u00fcrkiye&#8217;de bas\u0131n \u00f6zg\u00fcrl\u00fc\u011f\u00fc yoktur, s\u0131n\u0131rl\u0131d\u0131r. 70&#8217;e yak\u0131n gazeteci ne yapt\u0131, eline silah al\u0131p adam m\u0131 \u00f6ld\u00fcrd\u00fc? Bunlar\u0131n \u00e7o\u011fu haber yazd\u0131klar\u0131 i\u00e7in tutuklu ve ortaya \u00e7\u0131kan iddianamelere bak\u0131nca, daha garip bir \u015fey g\u00f6r\u00fcyorsunuz. \u00c7o\u011fu, CHP milletvekillerinin soru \u00f6nergelerini haber yapt\u0131klar\u0131 i\u00e7in su\u00e7lan\u0131yorlar. Bu ne zamandan beri su\u00e7 olmaya ba\u015flad\u0131? Ger\u00e7i 21. y\u00fczy\u0131l\u0131n T\u00fcrkiyesinde iktidar\u0131 ele\u015ftirdi\u011fi i\u00e7in milletvekili hakk\u0131nda da fezleke d\u00fczenliyorlar. Medya mensuplar\u0131 \u00fczerindeki bask\u0131lar, dolayl\u0131 olarak parlamenterler \u00fczerinde de g\u00f6r\u00fcl\u00fcyor.&#8221;<\/p>\n<p style=\"text-align: justify;\"><strong>T\u00fcrkiye Cumhuriyeti&#8217;nin kahramanlar\u0131\u00a0<\/strong><\/p>\n<p style=\"text-align: justify;\">K\u0131l\u0131\u00e7daro\u011flu, bir bas\u0131n mensubunun, &#8220;T\u00fcrkiye Cumhuriyeti Devletini kuran kahramanlar\u0131n g\u00fcn\u00fcm\u00fczde tart\u0131\u015f\u0131lmaya a\u00e7\u0131lmas\u0131n\u0131 nas\u0131l kar\u015f\u0131l\u0131yorsunuz?&#8221; \u015feklindeki sorusu \u00fczerine, \u015funlar\u0131 s\u00f6yledi: &#8220;Do\u011fru bulmuyorum. Bu \u00fclkeyi kuranlar\u0131, ba\u011f\u0131ms\u0131zl\u0131\u011f\u0131 ve \u00f6zg\u00fcrl\u00fc\u011f\u00fc i\u00e7in m\u00fccadele edenleri bug\u00fcn tart\u0131\u015f\u0131lmaya a\u00e7anlar, kendi ge\u00e7mi\u015flerinde karan\u0131k nokta bulunanlard\u0131r. Ge\u00e7mi\u015finde karanl\u0131k nokta bulunanlar, ge\u00e7mi\u015fi ayd\u0131nl\u0131k olan insanlara her zaman sald\u0131rm\u0131\u015flard\u0131r, insanl\u0131k tarihi bunun \u00f6rnekleriyle doludur.<\/p>\n<p style=\"text-align: justify;\">Biz Mustafa Kemal&#8217;i de \u0130smet \u0130n\u00f6n\u00fc&#8217;y\u00fc de Celal Bayar&#8217;\u0131 da Adnan Menderes&#8217;i de yani bu \u00fclkeye katk\u0131 veren, \u00e7aba harcayan herkesi \u015f\u00fckran ve minnetle anar\u0131z. Onlar\u0131n d\u00fc\u015f\u00fcncelerine kat\u0131l\u0131r\u0131z veya kat\u0131lmay\u0131z ama onlar bizim tarihimizin, k\u00fclt\u00fcr\u00fcm\u00fcz\u00fcn birer ayr\u0131lmaz par\u00e7alar\u0131d\u0131r. Biz kendi tarihimizle, k\u00fclt\u00fcr\u00fcm\u00fczle \u00f6v\u00fcn\u00e7 duyar\u0131z. Birileri kendi tarihi ve k\u00fclt\u00fcr\u00fcnden utan\u00e7 duyuyorsa, bu onlar\u0131n gelecekte almalar\u0131 gereken \u00e7ok daha ciddi dersler oldu\u011funu g\u00f6steriyor.&#8221;<\/p>\n","protected":false},"excerpt":{"rendered":"<p style=\"text-align: center;\">\n<p style=\"text-align: justify;\">CHP Genel Ba\u015fkan\u0131 Kemal K\u0131l\u0131\u00e7daro\u011flu, &#8220;Hitler&#8217;in toplama kamp\u0131n\u0131n 21. y\u00fczy\u0131l versiyonu \u015fu anda T\u00fcrkiye&#8217;de ya\u015fan\u0131yor. Gazetecisi, ayd\u0131n\u0131, yazar\u0131, \u00f6\u011frencisi, doktoru, karikat\u00fcristi, \u00e7izeri, futbolcusu hapiste, herkes hapiste&#8221; dedi. <\/p>\n","protected":false},"author":1,"featured_media":0,"comment_status":"open","ping_status":"open","sticky":false,"template":"","format":"standard","meta":{"footnotes":""},"categories":[105],"tags":[],"class_list":["post-43895","post","type-post","status-publish","format-standard","hentry","category-gundem","odd"],"_links":{"self":[{"href":"http:\/\/www.korhanyilmaz.com\/index.php?rest_route=\/wp\/v2\/posts\/43895","targetHints":{"allow":["GET"]}}],"collection":[{"href":"http:\/\/www.korhanyilmaz.com\/index.php?rest_route=\/wp\/v2\/posts"}],"about":[{"href":"http:\/\/www.korhanyilmaz.com\/index.php?rest_route=\/wp\/v2\/types\/post"}],"author":[{"embeddable":true,"href":"http:\/\/www.korhanyilmaz.com\/index.php?rest_route=\/wp\/v2\/users\/1"}],"replies":[{"embeddable":true,"href":"http:\/\/www.korhanyilmaz.com\/index.php?rest_route=%2Fwp%2Fv2%2Fcomments&post=43895"}],"version-history":[{"count":0,"href":"http:\/\/www.korhanyilmaz.com\/index.php?rest_route=\/wp\/v2\/posts\/43895\/revisions"}],"wp:attachment":[{"href":"http:\/\/www.korhanyilmaz.com\/index.php?rest_route=%2Fwp%2Fv2%2Fmedia&parent=43895"}],"wp:term":[{"taxonomy":"category","embeddable":true,"href":"http:\/\/www.korhanyilmaz.com\/index.php?rest_route=%2Fwp%2Fv2%2Fcategories&post=43895"},{"taxonomy":"post_tag","embeddable":true,"href":"http:\/\/www.korhanyilmaz.com\/index.php?rest_route=%2Fwp%2Fv2%2Ftags&post=43895"}],"curies":[{"name":"wp","href":"https:\/\/api.w.org\/{rel}","templated":true}]}}