{"id":43891,"date":"2011-12-09T00:12:45","date_gmt":"2011-12-08T22:12:45","guid":{"rendered":"http:\/\/www.korhanyilmaz.com\/?p=43891"},"modified":"2011-12-09T09:08:17","modified_gmt":"2011-12-09T07:08:17","slug":"egemen-bagisa-yumurtali-protesto","status":"publish","type":"post","link":"http:\/\/www.korhanyilmaz.com\/?p=43891","title":{"rendered":"Egemen Ba\u011f\u0131\u015f&#8217;a yumurtal\u0131 protesto"},"content":{"rendered":"<p style=\"text-align: center;\"><a href=\"http:\/\/www.korhanyilmaz.com\/wp-content\/uploads\/2011\/12\/7488.jpg\"  class=\"lightview\"><img loading=\"lazy\" decoding=\"async\" class=\"aligncenter  wp-image-43892\" src=\"http:\/\/www.korhanyilmaz.com\/wp-content\/uploads\/2011\/12\/7488.jpg\" alt=\"\" width=\"300\" height=\"230\" \/><\/a><\/p>\n<p style=\"text-align: justify;\">Avrupa Birli\u011fi Bakan\u0131 Egemen Ba\u011f\u0131\u015f, Ege \u00dcniversitesi&#8217;ndeki bir etkinlikte yumurtal\u0131 sald\u0131r\u0131ya u\u011frad\u0131. Yumurta bakan\u0131n y\u00fcz\u00fcne isabet etti.<\/p>\n<p style=\"text-align: justify;\">(DHA) &#8212; AB Bakan\u0131 ve Ba\u015fm\u00fczakereci Egemen Ba\u011f\u0131\u015f, Ege \u00dcniversitesi taraf\u0131ndan d\u00fczenlenen EgeArt Sanat G\u00fcnleri kapsam\u0131nda kamp\u00fcs i\u00e7inde ger\u00e7ekle\u015ftirilen, Danimarkal\u0131 Sanat\u00e7\u0131 Nina Hole&#8217;\u00fcn seramik \u00e7amurundan yapt\u0131\u011f\u0131 &#8216;Yanan Heykel&#8217;in a\u00e7\u0131l\u0131\u015f t\u00f6renine kat\u0131ld\u0131.\u00a0<!--more--><\/p>\n<p style=\"text-align: justify;\">T\u00f6rende Bakan Ba\u011f\u0131\u015f daha k\u00fcrs\u00fcye \u00e7\u0131kmadan, kendisinden \u00f6nceki konu\u015fmac\u0131y\u0131 dinlerken, iki \u00f6\u011frenci, &#8216;AKP \u00fcniversiteden defol&#8217; diye slogan att\u0131 ve Bakan Ba\u011f\u0131\u015f&#8217;a yumurta f\u0131rlatt\u0131.<\/p>\n<p style=\"text-align: justify;\">Bakan Ba\u011f\u0131\u015f&#8217;\u0131n korumalar\u0131 yumurta at\u0131lmas\u0131na kar\u015f\u0131 \u015femsiyeleri a\u00e7sa da yumurta sa\u011f yana\u011f\u0131na, g\u00f6z\u00fcn\u00fcn alt taraf\u0131na isabet etti.<\/p>\n<p style=\"text-align: justify;\">Korumalar Bakan&#8217;\u0131n etraf\u0131na etten duvar \u00f6r\u00fcp g\u00f6r\u00fcnt\u00fc al\u0131nmas\u0131na izin vermezken, k\u00fcrs\u00fcye \u00e7\u0131kan Bakan Ba\u011f\u0131\u015f&#8217;\u0131n sa\u011f ya\u011f\u0131nda k\u00fc\u00e7\u00fck bir noktan\u0131n kan toplad\u0131\u011f\u0131 ve hafif \u015fi\u015fti\u011fi, paltosunda da yumurta lekeleri oldu\u011fu g\u00f6r\u00fcld\u00fc.<\/p>\n<p style=\"text-align: justify;\"><strong>&#8220;Zavall\u0131 zihniyetlerin ma\u015falar\u0131&#8221;\u00a0<\/strong><\/p>\n<p style=\"text-align: justify;\">Yumurtay\u0131 atan \u00f6\u011frenciler A.B. ve E.\u00c7. polis taraf\u0131ndan g\u00f6zalt\u0131na al\u0131n\u0131rken, konu\u015fmas\u0131nda protestoya tepki g\u00f6stererek, gen\u00e7lere k\u0131zmad\u0131\u011f\u0131n\u0131 onlara ac\u0131d\u0131\u011f\u0131n\u0131 s\u00f6yleyen Bakan Ba\u011f\u0131\u015f \u015funlar\u0131 s\u00f6yledi:<\/p>\n<p style=\"text-align: justify;\">&#8220;\u00d6zg\u00fcn bir sanat eserinin a\u00e7\u0131l\u0131\u015f\u0131n\u0131 ger\u00e7ekletirirken tats\u0131z bir olay ya\u015fad\u0131k. Zavall\u0131 zihniyetlerin ma\u015falar\u0131 gencecik zihinler, T\u00fcrkiye Cumhuriyeti&#8217;nin bir bakan\u0131na yumurta atmay\u0131 maharet zannettiler. Ke\u015fke o yumurtalar\u0131 beslenmelerinde de\u011ferlendirseler, protein ihtiya\u00e7lar\u0131n\u0131 kar\u015f\u0131larlar. O sald\u0131r\u0131y\u0131 ger\u00e7ekle\u015ftiren gen\u00e7 karde\u015flerime k\u0131zm\u0131yorum, ac\u0131yorum. Onlar\u0131 tetik\u00e7i gibi kullananlar\u0131n piyonu olduklar\u0131 i\u00e7in ac\u0131yorum. Bu \u00fclkenin karde\u015flik dokusunu g\u00fc\u00e7lendirmek i\u00e7in, bu \u00fclkeyi daha \u00e7ok nas\u0131l kalk\u0131nd\u0131rabiliriz diye d\u00fc\u015f\u00fcneceklerine kendilerini birilerine kulland\u0131r\u0131yorlar.<\/p>\n<p style=\"text-align: justify;\">Bu nedenle Cumhuriyet tarihinde hi\u00e7 g\u00f6r\u00fclmemi\u015f kadar e\u011fitime b\u00fct\u00e7e ay\u0131rd\u0131k. Farkl\u0131l\u0131klar\u0131 zenginlik olarak g\u00f6rmeye tahamm\u00fcl dahi edemeyen stat\u00fckonun son temsilcisi zihniyetlerin bu gen\u00e7li\u011fi zehirlemesi hepimizin birlikte d\u00fc\u015f\u00fcnmesi gereken bir s\u00fcre\u00e7. AB s\u00fcrecinde de farkl\u0131l\u0131klara tahamm\u00fcl edemeyen haddini a\u015fmaya kalkan bir parlamentere m\u00fcnasip bir cevab\u0131 verdik. Din, dil, \u0131rk farkl\u0131l\u0131k siyasi g\u00f6r\u00fc\u015f g\u00f6zetmeden t\u00fcm insanlar\u0131 sevmek i\u00e7in hizmet a\u015fk\u0131yla dolu bir Ba\u015fbakan&#8217;\u0131n \u00e7al\u0131\u015fma arkada\u015flar\u0131y\u0131z. Bu t\u00fcr olaylar, giri\u015fimler bizi hi\u00e7bir \u015fekilde bu millete hizmet a\u015fk\u0131ndan al\u0131koyamaz, daha \u00e7ok kam\u00e7\u0131lar.&#8221;<\/p>\n<p style=\"text-align: justify;\"><strong>Yanan heykel y\u0131k\u0131ld\u0131\u00a0<\/strong><\/p>\n<p style=\"text-align: justify;\">Bakan Ba\u011f\u0131\u015f, yap\u0131m\u0131 \u00fc\u00e7 ayda tamamlanan, seramik hamurundan yap\u0131lan ve kurumas\u0131 i\u00e7in i\u00e7i \u00fc\u00e7 g\u00fcnd\u00fcr odun ate\u015fiyle yak\u0131lan, Danimarkal\u0131 sanat\u00e7\u0131 Nina Hole&#8217;\u00fcn &#8216;Yanan Heykel&#8217; isimli eserinin a\u00e7\u0131l\u0131\u015f\u0131n\u0131 ger\u00e7ekle\u015ftirdi.<\/p>\n<p style=\"text-align: justify;\">A\u00e7\u0131l\u0131\u015f, i\u00e7inde ate\u015f yanan heykelin etraf\u0131ndaki elyaf sarg\u0131n\u0131n uzun demir \u00e7ubuklarla kald\u0131r\u0131lmas\u0131yla oldu.<\/p>\n<p style=\"text-align: justify;\">Ancak elyaf malzeme s\u00f6k\u00fcl\u00fcrken seramik heykel y\u0131k\u0131ld\u0131. Heykelin y\u0131k\u0131lmas\u0131yla ortal\u0131k yang\u0131n yerine d\u00f6nd\u00fc.<\/p>\n<p style=\"text-align: justify;\">Y\u0131k\u0131l\u0131rken etrafa sa\u00e7\u0131lan k\u0131v\u0131lc\u0131m ve kumlara kar\u015f\u0131, Bakan Ba\u011f\u0131\u015f&#8217;\u0131n korumalar\u0131 \u00e7evresinde \u00f6nlem ald\u0131. Bakan Ba\u011f\u0131\u015f ve a\u00e7\u0131l\u0131\u015fa kat\u0131lanlar heykelin tamamen y\u0131k\u0131lmas\u0131n\u0131 hayretle izledi.<\/p>\n<p style=\"text-align: justify;\">Heykelin y\u0131k\u0131lmas\u0131nda seramik \u00e7amurunun kurumam\u0131\u015f olmas\u0131n\u0131n etkili oldu\u011fu bildirildi.<\/p>\n<p style=\"text-align: justify;\"><a href=\"http:\/\/www.cnnturk.com\/2011\/turkiye\/12\/08\/egemen.bagisa.yumurtali.protesto\/639777.0\/index.html\" target=\"_blank\">Kaynak : CNN T\u00dcRK<\/a><\/p>\n","protected":false},"excerpt":{"rendered":"<p style=\"text-align: center;\">\n<p style=\"text-align: justify;\">Avrupa Birli\u011fi Bakan\u0131 Egemen Ba\u011f\u0131\u015f, Ege \u00dcniversitesi&#8217;ndeki bir etkinlikte yumurtal\u0131 sald\u0131r\u0131ya u\u011frad\u0131. Yumurta bakan\u0131n y\u00fcz\u00fcne isabet etti.<\/p>\n<p style=\"text-align: justify;\">(DHA) &#8212; AB Bakan\u0131 ve Ba\u015fm\u00fczakereci Egemen Ba\u011f\u0131\u015f, Ege \u00dcniversitesi taraf\u0131ndan d\u00fczenlenen EgeArt Sanat G\u00fcnleri kapsam\u0131nda kamp\u00fcs i\u00e7inde ger\u00e7ekle\u015ftirilen, Danimarkal\u0131 Sanat\u00e7\u0131 Nina Hole&#8217;\u00fcn seramik \u00e7amurundan yapt\u0131\u011f\u0131 &#8216;Yanan Heykel&#8217;in a\u00e7\u0131l\u0131\u015f t\u00f6renine kat\u0131ld\u0131. <\/p>\n","protected":false},"author":1,"featured_media":0,"comment_status":"open","ping_status":"open","sticky":false,"template":"","format":"standard","meta":{"footnotes":""},"categories":[105],"tags":[],"class_list":["post-43891","post","type-post","status-publish","format-standard","hentry","category-gundem","odd"],"_links":{"self":[{"href":"http:\/\/www.korhanyilmaz.com\/index.php?rest_route=\/wp\/v2\/posts\/43891","targetHints":{"allow":["GET"]}}],"collection":[{"href":"http:\/\/www.korhanyilmaz.com\/index.php?rest_route=\/wp\/v2\/posts"}],"about":[{"href":"http:\/\/www.korhanyilmaz.com\/index.php?rest_route=\/wp\/v2\/types\/post"}],"author":[{"embeddable":true,"href":"http:\/\/www.korhanyilmaz.com\/index.php?rest_route=\/wp\/v2\/users\/1"}],"replies":[{"embeddable":true,"href":"http:\/\/www.korhanyilmaz.com\/index.php?rest_route=%2Fwp%2Fv2%2Fcomments&post=43891"}],"version-history":[{"count":0,"href":"http:\/\/www.korhanyilmaz.com\/index.php?rest_route=\/wp\/v2\/posts\/43891\/revisions"}],"wp:attachment":[{"href":"http:\/\/www.korhanyilmaz.com\/index.php?rest_route=%2Fwp%2Fv2%2Fmedia&parent=43891"}],"wp:term":[{"taxonomy":"category","embeddable":true,"href":"http:\/\/www.korhanyilmaz.com\/index.php?rest_route=%2Fwp%2Fv2%2Fcategories&post=43891"},{"taxonomy":"post_tag","embeddable":true,"href":"http:\/\/www.korhanyilmaz.com\/index.php?rest_route=%2Fwp%2Fv2%2Ftags&post=43891"}],"curies":[{"name":"wp","href":"https:\/\/api.w.org\/{rel}","templated":true}]}}