{"id":43887,"date":"2011-12-08T19:36:55","date_gmt":"2011-12-08T17:36:55","guid":{"rendered":"http:\/\/www.korhanyilmaz.com\/?p=43887"},"modified":"2011-12-08T23:32:15","modified_gmt":"2011-12-08T21:32:15","slug":"samil-tayyardan-ilginc-aciklamalar","status":"publish","type":"post","link":"http:\/\/www.korhanyilmaz.com\/?p=43887","title":{"rendered":"\u015eamil Tayyar&#8217;dan ilgin\u00e7 a\u00e7\u0131klamalar"},"content":{"rendered":"<p style=\"text-align: center;\"><a href=\"http:\/\/www.korhanyilmaz.com\/wp-content\/uploads\/2011\/12\/7487.jpg\"  class=\"lightview\"><img loading=\"lazy\" decoding=\"async\" class=\"aligncenter  wp-image-43888\" src=\"http:\/\/www.korhanyilmaz.com\/wp-content\/uploads\/2011\/12\/7487.jpg\" alt=\"\" width=\"396\" height=\"180\" \/><\/a><\/p>\n<p style=\"text-align: justify;\">&#8220;Bu kanun \u00e7\u0131k\u0131nca \u00fclke \u00e7ok zarar g\u00f6recek Ben Tayyip beyi Allah i\u00e7in seviyorum, ba\u015fkalar\u0131 koltuk i\u00e7in Kimse beni ikna i\u00e7in aramad\u0131, beni kendi halime b\u0131rakt\u0131lar Ak Parti&#8217;de tek bir realite var, o da Recep Tayyip Erdo\u011fan.&#8221;<!--more--><\/p>\n<p style=\"text-align: justify;\">ANKARA &#8211; \u015eike yasas\u0131na muhalefet eden Ak Partililerin ba\u015f\u0131nda yer alan Gaziantep Milletvekili \u015eamil Tayyar, &#8220;\u0130n\u015fallah haks\u0131z \u00e7\u0131kar\u0131m. Haks\u0131z \u00e7\u0131kmay\u0131 \u00e7ok istiyorum. O zaman da kamuoyundan \u00f6z\u00fcr dilerim. Bu kanunun aynen ge\u00e7mesi halinde bu \u00fclkenin g\u00f6rece\u011fi \u00e7ok zarar var&#8221; dedi. Ba\u015fbakan ve parti y\u00f6netiminden kendisini ikna i\u00e7in kimsenin aramad\u0131\u011f\u0131n\u0131 belirten Tayyar, &#8220;beni kendi halime b\u0131rakt\u0131lar&#8221; dedi. Tayyar, &#8220;Ak Parti&#8217;de tek bir realite var, o da Recep Tayyip Erdo\u011fan. \u00d6tesinde ne hizip, ne klip olur, ne ba\u015fka \u015fey olur, hi\u00e7bir \u015fey olmaz&#8221; diye konu\u015ftu.<\/p>\n<p style=\"text-align: justify;\">Yasan\u0131n g\u00f6r\u00fc\u015f\u00fclece\u011fi Adalet Komisyonu&#8217;na ve TBMM g\u00f6r\u00fc\u015fmelerine kat\u0131lmayaca\u011f\u0131n\u0131 belirten Tayyar, &#8220;&#8216;Genel Kurul&#8217;a niye gelip ret oyu vermiyor&#8217; diye soruyorlar. Bu \u015f\u0131k olmaz. Benim gelip burada (Genel Kurul) kendi partimle \u00e7at\u0131\u015f\u0131yormu\u015fum gibi&#8230; Benim ret oyu vererek de\u011fi\u015ftirece\u011fim bir \u015fey yok. Ben sadece kamuoyunu bilgilendirme g\u00f6revi yap\u0131yorum. Tarihe not d\u00fc\u015f\u00fcyorum. \u0130n\u015fallah haks\u0131z \u00e7\u0131kar\u0131m. Haks\u0131z \u00e7\u0131kmay\u0131 \u00e7ok istiyorum. O zaman da kamuoyundan \u00f6z\u00fcr dilerim. Bu kanunun aynen ge\u00e7mesi halinde bu \u00fclkenin g\u00f6rece\u011fi \u00e7ok zarar var. \u0130n\u015fallah yan\u0131l\u0131yorumdur. Ama \u00f6yle olmayacak gibi g\u00f6r\u00fcn\u00fcyor&#8221; dedi. Teklifin g\u00f6r\u00fc\u015fmelerinde de oylamaya kat\u0131lmad\u0131\u011f\u0131n\u0131, yasan\u0131n pazar g\u00fcn\u00fc yap\u0131lacak g\u00f6r\u00fc\u015fmelerine de kat\u0131lmayaca\u011f\u0131n\u0131 belirten Tayyar, &#8220;Ba\u015fbakan arad\u0131 m\u0131&#8221; sorusuna, &#8220;Hay\u0131r. Partiden kimse aramad\u0131, beni kendi halime b\u0131rakt\u0131lar&#8221; yan\u0131t\u0131n\u0131 verdi.<\/p>\n<p style=\"text-align: justify;\"><strong>&#8220;\u0130mza Ba\u015fbakan&#8217;a ait&#8221; demeliydiler<\/strong><\/p>\n<p style=\"text-align: justify;\">Tayyar, &#8220;Parti disiplinine ayk\u0131r\u0131 hareket etti\u011finizi s\u00f6yleyenler var&#8221; s\u00f6zlerine, &#8220;Ak Parti ba\u015f\u0131ndan beri \u00e7ok seslili\u011fi savunan bir parti. Ayr\u0131ca benim a\u00e7\u0131klamalar\u0131mda parti disiplinine ayk\u0131r\u0131 bir \u015fey yok ki. Grup karar\u0131 yok ki&#8221; kar\u015f\u0131l\u0131\u011f\u0131n\u0131 verdi. Bir gazetecinin, &#8220;Ba\u015fbakan Yard\u0131mc\u0131s\u0131 Bekir Bozda\u011f, &#8216;Teklifteki imza asl\u0131nda Ba\u015fbakan&#8217;\u0131n imzas\u0131d\u0131r&#8217; diyor&#8221; demesi \u00fczerine Tayyar, &#8220;Ke\u015fke o zamanlar s\u00f6yleselerdi bunu. Biz de bu imzan\u0131n kime ait olmu\u015f oldu\u011funu bilirdik. Ba\u015fbakan Yard\u0131mc\u0131s\u0131, Enerji Bakan\u0131 konu\u015ftu, Devlet Bakan\u0131 konu\u015ftu. Bug\u00fcne kadar o imzan\u0131n kime ait oldu\u011funu niye s\u00f6ylemediler?&#8221; ifadesini kulland\u0131.<\/p>\n<p style=\"text-align: justify;\"><strong>Ne cemaat ne K\u00f6\u015fk se\u00e7imi<\/strong><\/p>\n<p style=\"text-align: justify;\">&#8220;Ya\u015fanan tart\u0131\u015fman\u0131n Cumhurba\u015fkan\u0131 se\u00e7imiyle alakal\u0131 oldu\u011fu s\u00f6yleniyor&#8221; ifadesi \u00fczerine Tayyar, \u015funlar\u0131 s\u00f6yledi: &#8220;Hi\u00e7bir alakas\u0131 yok. \u015eu ana kadar konu\u015fan hi\u00e7 kimseyle temas\u0131m olmad\u0131. Say\u0131n Ar\u0131n\u00e7, Enerji Bakan\u0131 ya da di\u011ferleriyle. T\u00fcm\u00fcyle vicdani rahats\u0131zl\u0131k bu. Yok K\u00f6\u015fk hesab\u0131, yok cemaat mesafeli. Bunlar\u0131n hepsi hikaye. AK Parti&#8217;de tek bir realite var, o da Recep Tayyip Erdo\u011fan. \u00d6tesinde ne hizip, ne klip olur, ne ba\u015fka \u015fey olur, hi\u00e7bir \u015fey olmaz. Bu yasayla ilgili ki\u015fisel vicdani rahats\u0131zl\u0131k, yoksa burada bir otorite sorgulamas\u0131 yok. Kimse buna cesaret de edemez. Kald\u0131 ki Tayyip Bey&#8217;e kar\u015f\u0131 parti i\u00e7inde b\u00f6yle bir \u015fey asla olmaz. Ki\u015fisel olarak benim hi\u00e7 olmaz. Ben Tayyip Bey&#8217;i Allah i\u00e7in seviyorum, ba\u015fkalar\u0131 koltuk i\u00e7in seviyordur onu bilemem.&#8221;<\/p>\n<p style=\"text-align: justify;\"><a href=\"http:\/\/www.gazeteport.com.tr\/haber\/67299\/samil_tayyardan_ilginc_aciklamalar\" target=\"_blank\">Kaynak : GAZETEPORT<\/a><\/p>\n","protected":false},"excerpt":{"rendered":"<p style=\"text-align: center;\">\n<p style=\"text-align: justify;\">&#8220;Bu kanun \u00e7\u0131k\u0131nca \u00fclke \u00e7ok zarar g\u00f6recek Ben Tayyip beyi Allah i\u00e7in seviyorum, ba\u015fkalar\u0131 koltuk i\u00e7in Kimse beni ikna i\u00e7in aramad\u0131, beni kendi halime b\u0131rakt\u0131lar Ak Parti&#8217;de tek bir realite var, o da Recep Tayyip Erdo\u011fan.&#8221;<\/p>\n","protected":false},"author":1,"featured_media":0,"comment_status":"open","ping_status":"open","sticky":false,"template":"","format":"standard","meta":{"footnotes":""},"categories":[105],"tags":[],"class_list":["post-43887","post","type-post","status-publish","format-standard","hentry","category-gundem","odd"],"_links":{"self":[{"href":"http:\/\/www.korhanyilmaz.com\/index.php?rest_route=\/wp\/v2\/posts\/43887","targetHints":{"allow":["GET"]}}],"collection":[{"href":"http:\/\/www.korhanyilmaz.com\/index.php?rest_route=\/wp\/v2\/posts"}],"about":[{"href":"http:\/\/www.korhanyilmaz.com\/index.php?rest_route=\/wp\/v2\/types\/post"}],"author":[{"embeddable":true,"href":"http:\/\/www.korhanyilmaz.com\/index.php?rest_route=\/wp\/v2\/users\/1"}],"replies":[{"embeddable":true,"href":"http:\/\/www.korhanyilmaz.com\/index.php?rest_route=%2Fwp%2Fv2%2Fcomments&post=43887"}],"version-history":[{"count":0,"href":"http:\/\/www.korhanyilmaz.com\/index.php?rest_route=\/wp\/v2\/posts\/43887\/revisions"}],"wp:attachment":[{"href":"http:\/\/www.korhanyilmaz.com\/index.php?rest_route=%2Fwp%2Fv2%2Fmedia&parent=43887"}],"wp:term":[{"taxonomy":"category","embeddable":true,"href":"http:\/\/www.korhanyilmaz.com\/index.php?rest_route=%2Fwp%2Fv2%2Fcategories&post=43887"},{"taxonomy":"post_tag","embeddable":true,"href":"http:\/\/www.korhanyilmaz.com\/index.php?rest_route=%2Fwp%2Fv2%2Ftags&post=43887"}],"curies":[{"name":"wp","href":"https:\/\/api.w.org\/{rel}","templated":true}]}}