{"id":43884,"date":"2011-12-08T20:42:10","date_gmt":"2011-12-08T18:42:10","guid":{"rendered":"http:\/\/www.korhanyilmaz.com\/?p=43884"},"modified":"2011-12-08T23:29:43","modified_gmt":"2011-12-08T21:29:43","slug":"sike-yasasi-aynen-meclise","status":"publish","type":"post","link":"http:\/\/www.korhanyilmaz.com\/?p=43884","title":{"rendered":"\u015eike yasas\u0131 aynen Meclis&#8217;e"},"content":{"rendered":"<p style=\"text-align: center;\"><a href=\"http:\/\/www.korhanyilmaz.com\/wp-content\/uploads\/2011\/12\/7486.jpg\"  class=\"lightview\"><img loading=\"lazy\" decoding=\"async\" class=\"aligncenter  wp-image-43885\" src=\"http:\/\/www.korhanyilmaz.com\/wp-content\/uploads\/2011\/12\/7486.jpg\" alt=\"\" width=\"396\" height=\"180\" \/><\/a><\/p>\n<p style=\"text-align: justify;\">Cumhurba\u015fkan\u0131 G\u00fcl&#8217;den veto yiyen \u015fike yasas\u0131 Adalet Komisyonu&#8217;ndan de\u011fi\u015ftirilmeden ge\u00e7ti. Yasa yar\u0131n Meclis Genel Kurulu&#8217;nda g\u00f6r\u00fc\u015f\u00fclecek.<\/p>\n<p style=\"text-align: justify;\">ANKARA &#8211; TBMM Adalet Komisyonu, Cumhurba\u015fkan\u0131 Abdullah G\u00fcl taraf\u0131ndan bir kez daha g\u00f6r\u00fc\u015f\u00fclmek \u00fczere TBMM&#8217;ye iade edilen \u015fike cezalar\u0131nda indirim \u00f6ng\u00f6ren kanunu aynen kabul etti.\u00a0<!--more--><\/p>\n<p style=\"text-align: justify;\">Komisyon toplant\u0131s\u0131na kat\u0131lan Gen\u00e7lik ve Spor Bakan\u0131 Suat K\u0131l\u0131\u00e7, yasasn\u0131n yar\u0131n Meclis Genel Kurulu&#8217;nda g\u00f6r\u00fc\u015f\u00fclece\u011fini a\u00e7\u0131klad\u0131.<\/p>\n<p style=\"text-align: justify;\">AK Parti, CHP ve MHP&#8217;nin mutabakata vard\u0131\u011f\u0131 yasan\u0131n, Genel Kurul&#8217;dan da ge\u00e7mesi ve G\u00fcl&#8217;\u00fcn onay\u0131na sunulmas\u0131 bekleniyor.<\/p>\n<p style=\"text-align: justify;\">Bakan K\u0131l\u0131\u00e7, komisyondan ge\u00e7en yasan\u0131n yar\u0131n b\u00fct\u00e7e g\u00f6r\u00fc\u015fmelerinin ard\u0131ndan Genel Kurul&#8217;a getirilece\u011fini a\u00e7\u0131klarken, G\u00fcl&#8217;\u00fcn yasay\u0131 ikinci kez veto hakk\u0131 bulunmuyor.<\/p>\n<p style=\"text-align: justify;\">Cumhurba\u015fkan\u0131&#8217;n\u0131n yasan\u0131n iptali ve y\u00fcr\u00fcrl\u00fc\u011f\u00fcn\u00fcn durdurulmas\u0131 istemiyle Anasaya Mahkemesi&#8217;ne dava a\u00e7ma yetkisi var ancak Ankara kulislerinde G\u00fcl&#8217;\u00fcn bu yola ba\u015fvurmayaca\u011f\u0131 konu\u015fuluyor.<\/p>\n<p style=\"text-align: justify;\"><a href=\"http:\/\/www.gazeteport.com.tr\/haber\/67307\/sike_yasasi_aynen_meclise\" target=\"_blank\">Kaynak : GAZETEPORT<\/a><\/p>\n","protected":false},"excerpt":{"rendered":"<p style=\"text-align: center;\">\n<p style=\"text-align: justify;\">Cumhurba\u015fkan\u0131 G\u00fcl&#8217;den veto yiyen \u015fike yasas\u0131 Adalet Komisyonu&#8217;ndan de\u011fi\u015ftirilmeden ge\u00e7ti. Yasa yar\u0131n Meclis Genel Kurulu&#8217;nda g\u00f6r\u00fc\u015f\u00fclecek.<\/p>\n<p style=\"text-align: justify;\">ANKARA &#8211; TBMM Adalet Komisyonu, Cumhurba\u015fkan\u0131 Abdullah G\u00fcl taraf\u0131ndan bir kez daha g\u00f6r\u00fc\u015f\u00fclmek \u00fczere TBMM&#8217;ye iade edilen \u015fike cezalar\u0131nda indirim \u00f6ng\u00f6ren kanunu aynen kabul etti. <\/p>\n","protected":false},"author":1,"featured_media":0,"comment_status":"open","ping_status":"open","sticky":false,"template":"","format":"standard","meta":{"footnotes":""},"categories":[105],"tags":[],"class_list":["post-43884","post","type-post","status-publish","format-standard","hentry","category-gundem","odd"],"_links":{"self":[{"href":"http:\/\/www.korhanyilmaz.com\/index.php?rest_route=\/wp\/v2\/posts\/43884","targetHints":{"allow":["GET"]}}],"collection":[{"href":"http:\/\/www.korhanyilmaz.com\/index.php?rest_route=\/wp\/v2\/posts"}],"about":[{"href":"http:\/\/www.korhanyilmaz.com\/index.php?rest_route=\/wp\/v2\/types\/post"}],"author":[{"embeddable":true,"href":"http:\/\/www.korhanyilmaz.com\/index.php?rest_route=\/wp\/v2\/users\/1"}],"replies":[{"embeddable":true,"href":"http:\/\/www.korhanyilmaz.com\/index.php?rest_route=%2Fwp%2Fv2%2Fcomments&post=43884"}],"version-history":[{"count":0,"href":"http:\/\/www.korhanyilmaz.com\/index.php?rest_route=\/wp\/v2\/posts\/43884\/revisions"}],"wp:attachment":[{"href":"http:\/\/www.korhanyilmaz.com\/index.php?rest_route=%2Fwp%2Fv2%2Fmedia&parent=43884"}],"wp:term":[{"taxonomy":"category","embeddable":true,"href":"http:\/\/www.korhanyilmaz.com\/index.php?rest_route=%2Fwp%2Fv2%2Fcategories&post=43884"},{"taxonomy":"post_tag","embeddable":true,"href":"http:\/\/www.korhanyilmaz.com\/index.php?rest_route=%2Fwp%2Fv2%2Ftags&post=43884"}],"curies":[{"name":"wp","href":"https:\/\/api.w.org\/{rel}","templated":true}]}}