{"id":43876,"date":"2011-12-08T22:11:17","date_gmt":"2011-12-08T20:11:17","guid":{"rendered":"http:\/\/www.korhanyilmaz.com\/?p=43876"},"modified":"2011-12-08T23:00:12","modified_gmt":"2011-12-08T21:00:12","slug":"gulen-cemaatini-arastirin","status":"publish","type":"post","link":"http:\/\/www.korhanyilmaz.com\/?p=43876","title":{"rendered":"&#8220;G\u00fclen cemaatini ara\u015ft\u0131r\u0131n&#8221;"},"content":{"rendered":"<p style=\"text-align: center;\"><a href=\"http:\/\/www.korhanyilmaz.com\/wp-content\/uploads\/2011\/12\/7483.jpg\"  class=\"lightview\"><img loading=\"lazy\" decoding=\"async\" class=\"aligncenter  wp-image-43877\" src=\"http:\/\/www.korhanyilmaz.com\/wp-content\/uploads\/2011\/12\/7483.jpg\" alt=\"\" width=\"322\" height=\"241\" \/><\/a><\/p>\n<p style=\"text-align: justify;\">\u0130nternet eylemleriyle tan\u0131nan Anonymous grubu, son videosunda T\u00fcrkiye&#8217;deki tutuklu gazetecilerin durumuna dikkat \u00e7ekti ve d\u00fcnyadaki gazetecileri G\u00fclen cemaatini ara\u015ft\u0131rmaya \u00e7a\u011f\u0131rd\u0131.<!--more--><\/p>\n<p style=\"text-align: justify;\">\u0130stanbul- Sol Haber Portal\u0131&#8217;nda yer alan habere g\u00f6re, videodaki mesaj\u0131n T\u00fcrk\u00e7esi \u015f\u00f6yle:<\/p>\n<p style=\"text-align: justify;\">&#8220;Merhabalar,<\/p>\n<p style=\"text-align: justify;\">Bu \u00f6zg\u00fcr d\u00fcnyan\u0131n t\u00fcm gazetecilerine bir a\u00e7\u0131k mektuptur. Sizleri T\u00fcrkiye&#8217;de tutuklanan gazeteci dostlar\u0131n\u0131zla dayan\u0131\u015fmaya \u00e7a\u011f\u0131r\u0131yoruz. \u015eu an bas\u0131n ve anaak\u0131m medyada tutuklananlar\u0131n say\u0131s\u0131 117&#8217;ye ula\u015fm\u0131\u015f durumda. Bu sadece T\u00fcrkiye de\u011fil, ayn\u0131 zamanda d\u00fcnyadaki t\u00fcm vatanda\u015flar i\u00e7in ifade \u00f6zg\u00fcrl\u00fc\u011f\u00fc ve demokrasiye kar\u015f\u0131 bir sald\u0131r\u0131d\u0131r.<\/p>\n<p style=\"text-align: justify;\"><strong>&#8220;G\u00fclen&#8217;e muhalifsen ter\u00f6ristsin&#8221;\u00a0<\/strong><\/p>\n<p style=\"text-align: justify;\">D\u00fcnya medyas\u0131 ve gazetecilerine cemaat lideri Fethullah G\u00fclen ve t\u00fcm d\u00fcnyada okullar ve \u015firketler a\u00e7arak yerle\u015fmekte olan takip\u00e7ilerini ara\u015ft\u0131rmaya ve soru\u015fturmaya \u00e7a\u011f\u0131r\u0131yoruz. G\u00fclen ve cemaat \u00fcyeleri d\u00fcnyan\u0131n e\u011fitim sistemini domine etmeyi hedefliyor ve s\u0131zd\u0131klar\u0131 hi\u00e7bir \u00fclkede hukuk, g\u00fcvenlik ve hak e\u015fitli\u011fini g\u00f6z \u00f6n\u00fcnde bulundurmaks\u0131z\u0131n her y\u0131l milyarlarca dolar kazan\u0131yor. Zaman, onlardan bunun hesab\u0131n\u0131 sorma zaman\u0131d\u0131r. G\u00fclen&#8217;in T\u00fcrkiye&#8217;de muazzam bir siyasi etkisi var ve cemaat \u00fcyeleri, kendilerine kar\u015f\u0131 duranlar\u0131, kendilerine kar\u015f\u0131 yaz\u0131 yazanlar\u0131 ter\u00f6rist ilan ederek tutuklanmalar\u0131n\u0131 talep ediyorlar ve kamuya hizmet etmenin ayr\u0131cal\u0131klar\u0131n\u0131 suistimal ediyorlar.<\/p>\n<p style=\"text-align: justify;\"><strong>&#8220;Demokrasiyi kalkan olarak kullan\u0131yorlar&#8221;\u00a0<\/strong><\/p>\n<p style=\"text-align: justify;\">G\u00fclen halihaz\u0131rda kendi \u00fclkesinde kendisine ya da g\u00fcndemine hakaret ettikleri iddias\u0131yla binden fazla ki\u015fiye dava a\u00e7m\u0131\u015f bulunuyor. Demokrasiyi, onlar\u0131n kar\u0131\u015f\u0131na dikilen herkesi korkutmak ve sindirmek i\u00e7in bir taktik olarak kullan\u0131yorlar. Buna g\u00f6z yumulmamal\u0131. Hep birlikte buna kar\u015f\u0131 m\u00fccadele vermeliyiz. O da kendi \u00f6zel medya b\u00fclteni, Today&#8217;s Zaman \u00fczerinden takip\u00e7ilerine ayn\u0131s\u0131n\u0131 s\u00f6yledi. Ancak \u00f6zg\u00fcr ve ger\u00e7ekten demokratik bir \u00fclkede G\u00fclen medyay\u0131 kontrol etmeye muktedir de\u011fildir. Sessiz kalmayaca\u011f\u0131z. T\u00fcrkiye&#8217;deki protestocular ve d\u00fcnyadaki habercilerle birlikteyiz.<\/p>\n<p style=\"text-align: justify;\"><strong>&#8220;\u0130nternet filtresi G\u00fclen&#8217;in i\u015fi&#8221;\u00a0<\/strong><\/p>\n<p style=\"text-align: justify;\">G\u00fclen, yak\u0131n zamanda takip\u00e7ileri i\u00e7in yapt\u0131\u011f\u0131 haftal\u0131k video yay\u0131nlar\u0131ndan birinde bilgi ak\u0131\u015f\u0131n\u0131 ve yarat\u0131c\u0131 gazetecili\u011fi k\u00f6stekleyecek \u015fekilde internetin sans\u00fcrlenmesi fikrini savunuyordu. \u0130nternet sitelerinin filtrelenmesini, sans\u00fcrlenmesini ve h\u00fck\u00fcmet kontrol\u00fcndeki izleme sistemlerinin s\u0131radan yurtta\u015flar\u0131 takip etmesini onayl\u0131yor. D\u00fcnya genelindeki gazetecileri, d\u00fcnyan\u0131n t\u00fcm \u00fclkelerinde Fethullah G\u00fclen cemaati ve hedefleri konusunda daha fazla ara\u015ft\u0131rmaya ve yazmaya \u00e7a\u011f\u0131r\u0131yoruz. Sizden, d\u00fcnya medyas\u0131ndan dayan\u0131\u015fma g\u00f6stermenizi ve gazetecilerin sal\u0131verilmesini talep etmenizi bekliyoruz. Radyo, televizyon, gazeteler, blogcu ve twit\u00e7iler bizi takip etmelerini ve bu mesaj\u0131 m\u00fcmk\u00fcn olan t\u00fcm medya b\u00fcltenlerinde payla\u015fmalar\u0131n\u0131 istiyoruz.<\/p>\n<p style=\"text-align: justify;\"><strong>&#8220;G\u00fclen hareketini te\u015fhir edelim&#8221;\u00a0<\/strong><\/p>\n<p style=\"text-align: justify;\">Anonymous her zaman d\u00fcnya genelinde bilginin \u00f6zg\u00fcr ak\u0131\u015f\u0131ndan, insan haklar\u0131ndan, ifade \u00f6zg\u00fcrl\u00fc\u011f\u00fcnden ve demokrasiden yana olacakt\u0131r. Kalemin k\u0131l\u0131\u00e7tan keskin oldu\u011funu kan\u0131tlaman\u0131n vaktidir. \u0130nternet ve t\u00fcm d\u00fcnyan\u0131n gazetecileri, sizlerin yan\u0131n\u0131zday\u0131z. Bizimle birlikte tepki g\u00f6stermenizi ve yozla\u015fm\u0131\u015f G\u00fclen hareketi ve ger\u00e7ek ama\u00e7lar\u0131n\u0131 ortaya koyman\u0131z\u0131 bekliyoruz. K\u00fcresel fark\u0131ndal\u0131\u011f\u0131n y\u00fckseltilmesini istiyoruz. \u00c7ocuklar\u0131m\u0131z\u0131 yanl\u0131\u015f bilgi verenlerden kurtarman\u0131z\u0131 istiyoruz. Kamuoyunun yozla\u015fmas\u0131na olanak verenlerden hesap sorman\u0131z\u0131 istiyoruz. Dost Anonymous \u00fcyeleri bu mesaj\u0131 olabildi\u011fi kadar fazla medya b\u00fcltenine yaymaya yard\u0131m etmeyi s\u00fcrd\u00fcrecektir.<\/p>\n<p style=\"text-align: justify;\"><a href=\"http:\/\/www.cumhuriyet.com.tr\/?hn=299058&amp;kw=%22G%FClen+cemaatini+ara%FEt%FDr%FDn%22\" target=\"_blank\">Kaynak : Cumhuriyet Haber Portal\u0131<\/a><\/p>\n","protected":false},"excerpt":{"rendered":"<p style=\"text-align: center;\">\n<p style=\"text-align: justify;\">\u0130nternet eylemleriyle tan\u0131nan Anonymous grubu, son videosunda T\u00fcrkiye&#8217;deki tutuklu gazetecilerin durumuna dikkat \u00e7ekti ve d\u00fcnyadaki gazetecileri G\u00fclen cemaatini ara\u015ft\u0131rmaya \u00e7a\u011f\u0131rd\u0131.<\/p>\n","protected":false},"author":1,"featured_media":0,"comment_status":"open","ping_status":"open","sticky":false,"template":"","format":"standard","meta":{"footnotes":""},"categories":[105],"tags":[],"class_list":["post-43876","post","type-post","status-publish","format-standard","hentry","category-gundem","odd"],"_links":{"self":[{"href":"http:\/\/www.korhanyilmaz.com\/index.php?rest_route=\/wp\/v2\/posts\/43876","targetHints":{"allow":["GET"]}}],"collection":[{"href":"http:\/\/www.korhanyilmaz.com\/index.php?rest_route=\/wp\/v2\/posts"}],"about":[{"href":"http:\/\/www.korhanyilmaz.com\/index.php?rest_route=\/wp\/v2\/types\/post"}],"author":[{"embeddable":true,"href":"http:\/\/www.korhanyilmaz.com\/index.php?rest_route=\/wp\/v2\/users\/1"}],"replies":[{"embeddable":true,"href":"http:\/\/www.korhanyilmaz.com\/index.php?rest_route=%2Fwp%2Fv2%2Fcomments&post=43876"}],"version-history":[{"count":0,"href":"http:\/\/www.korhanyilmaz.com\/index.php?rest_route=\/wp\/v2\/posts\/43876\/revisions"}],"wp:attachment":[{"href":"http:\/\/www.korhanyilmaz.com\/index.php?rest_route=%2Fwp%2Fv2%2Fmedia&parent=43876"}],"wp:term":[{"taxonomy":"category","embeddable":true,"href":"http:\/\/www.korhanyilmaz.com\/index.php?rest_route=%2Fwp%2Fv2%2Fcategories&post=43876"},{"taxonomy":"post_tag","embeddable":true,"href":"http:\/\/www.korhanyilmaz.com\/index.php?rest_route=%2Fwp%2Fv2%2Ftags&post=43876"}],"curies":[{"name":"wp","href":"https:\/\/api.w.org\/{rel}","templated":true}]}}