{"id":43865,"date":"2011-12-08T20:35:26","date_gmt":"2011-12-08T18:35:26","guid":{"rendered":"http:\/\/www.korhanyilmaz.com\/?p=43865"},"modified":"2011-12-08T21:17:19","modified_gmt":"2011-12-08T19:17:19","slug":"basbakan-erdoganin-ameliyatiyla-ilgili-carpici-ayrintilar","status":"publish","type":"post","link":"http:\/\/www.korhanyilmaz.com\/?p=43865","title":{"rendered":"Ba\u015fbakan Erdo\u011fan&#8217;\u0131n ameliyat\u0131yla ilgili \u00e7arp\u0131c\u0131 ayr\u0131nt\u0131lar"},"content":{"rendered":"<p style=\"text-align: center;\"><a href=\"http:\/\/www.korhanyilmaz.com\/wp-content\/uploads\/2011\/12\/7481.jpg\"  class=\"lightview\"><img loading=\"lazy\" decoding=\"async\" class=\"aligncenter  wp-image-43866\" src=\"http:\/\/www.korhanyilmaz.com\/wp-content\/uploads\/2011\/12\/7481.jpg\" alt=\"\" width=\"380\" height=\"189\" \/><\/a><\/p>\n<p style=\"text-align: justify;\">Ba\u015fbakan Erdo\u011fan\u2019\u0131n kamuoyundan s\u0131r gibi saklanan ameliyat\u0131nda yer alan cerrahlardan, DE\u00dc Rekt\u00f6r\u00fc Prof. Dr. F\u00fcz\u00fcn, Ba\u015fbakan Erdo\u011fan&#8217;\u0131n ge\u00e7irdi\u011fi operasyona ili\u015fkin \u00e7arp\u0131c\u0131 bilgiler verdi.<!--more--><\/p>\n<p style=\"text-align: justify;\">Ba\u015fbakan Recep Tayyip Erdo\u011fan\u2019\u0131n 26 Kas\u0131m Cumartesi g\u00fcn\u00fc Marmara \u00dcniversitesi T\u0131p Fak\u00fcltesi Pendik E\u011fitim ve Ara\u015ft\u0131rma Hastanesi\u2019nde ge\u00e7irdi\u011fi operasyonun ayr\u0131nt\u0131lar\u0131 netle\u015fiyor. T\u00fcrkiye\u2019nin iki g\u00fcn sonra \u00f6\u011frendi\u011fi ve hala kamuoyuna net bir bilginin verilmedi\u011fi operasyonda haz\u0131r bulunan doktorlardan birinin Dokuz Eyl\u00fcl \u00dcniversitesi Rekt\u00f6r\u00fc ve \u00fclkenin \u00f6nde gelen cerrahlar\u0131ndan biri kabul edilen Mehmet F\u00fcz\u00fcn oldu\u011fu ortaya \u00e7\u0131kt\u0131. Ba\u015fbakan Erdo\u011fan\u2019\u0131n davetiyle \u00fc\u00e7 saat s\u00fcren operasyonunda haz\u0131r bulunan ve iki g\u00fcn\u00fc \u0130stanbul\u2019da ge\u00e7iren F\u00fcz\u00fcn, operasyonun i\u00e7eri\u011fini ve Erdo\u011fan\u2019\u0131n sa\u011fl\u0131k durumunu egedesonsoz.com\u2019a anlatt\u0131.<\/p>\n<p style=\"text-align: justify;\"><strong>AMEL\u0130YATIN ARDINDAN SONU\u00c7LARA BAKTIK: TERTEM\u0130Z<\/strong><\/p>\n<p style=\"text-align: justify;\">Ba\u015fbakan\u2019\u0131n sindirim sistemlerine y\u00f6nelik operasyonu ger\u00e7ekle\u015ftiren Prof. Dr. Dursun Bu\u011fra ve Do\u00e7. Dr. Emre Bal\u0131k\u2019\u0131n da 9 Eyl\u00fcl \u00dcniversitesi Rekt\u00f6r\u00fc Prof. Dr. Mehmet F\u00fcz\u00fcn taraf\u0131ndan Ba\u015fbakan Erdo\u011fan\u2019a \u00f6nerildi\u011fi \u00f6\u011frenildi. Ba\u015fbakan\u2019a laparoskopik ameliyat yapan ekibin yan\u0131nda bulunan Rekt\u00f6r F\u00fcz\u00fcn, Erdo\u011fan\u2019\u0131n sa\u011fl\u0131\u011f\u0131na d\u00f6n\u00fck spek\u00fclatif haberlere son noktay\u0131 koydu. F\u00fcz\u00fcn, \u201cKolon ve rektum uzman\u0131 olarak oradayd\u0131m. Ameliyattan sonra sonu\u00e7lara bakt\u0131k, inceledik. Yap\u0131lan spek\u00fclasyonlar\u0131 biliyoruz. Ama Ba\u015fbakan Erdo\u011fan kesinlikle kanser de\u011fil. \u00c7\u0131kart\u0131lan polipler iyi huyluydu\u201d dedi.<\/p>\n<p style=\"text-align: justify;\"><strong>BA\u015eBAKAN ERDO\u011eAN TELEFONLA ARADI, G\u0130TT\u0130M<\/strong><\/p>\n<p style=\"text-align: justify;\">Poliplerin insan ya\u015fam\u0131nda fiziksel bir engel olu\u015fturmad\u0131\u011f\u0131n\u0131 s\u00f6yleyen Rekt\u00f6r F\u00fcz\u00fcn, poliplerin bulundu\u011fu yerde kansere neden olmas\u0131yla ancak etkilerinin g\u00f6r\u00fclece\u011fini s\u00f6yledi. Ba\u015fbakan\u0131n yapt\u0131rd\u0131\u011f\u0131 rutin tetkikler ve checkup\u2019tan sonra ba\u011f\u0131rsaklardaki poliplerin tespit edilmi\u015f olabilece\u011fini s\u00f6yleyen F\u00fcz\u00fcn, \u201cSay\u0131n ba\u015fbakan\u0131m\u0131z beni arad\u0131 ve durumu anlatt\u0131. Kendisiyle telefonda \u00f6nceden konuyu konu\u015ftuk. Ameliyat ile ilgili bilgiler verdim. A\u00e7\u0131k ameliyat konusunda T\u00fcrkiye\u2019de bilinen biri oldu\u011fumu, fakat bu i\u015fi kapal\u0131 olarak yapanlar\u0131n da bulundu\u011funu ifade ettim. Ba\u015fbakan\u0131m\u0131za ameliyat\u0131 yapan isim Prof. Dr. Dursun Bu\u011fra hocam\u0131z\u0131 \u00f6nerdim. Dursun Bu\u011fra\u2019n\u0131n bu i\u015fi yapabilece\u011fini s\u00f6yleyerek \u2018benim \u00e7ok yak\u0131n arkada\u015f\u0131md\u0131r\u2019 dedim. Zaten Ba\u015fbakan&#8217;\u0131n ekibi inceleme ve ara\u015ft\u0131rma yapm\u0131\u015f olmal\u0131 ki, beni arad\u0131lar. Daha sonra ameliyat s\u00fcrecine girdik\u201d diye konu\u015ftu.<\/p>\n<p style=\"text-align: justify;\"><strong>POL\u0130PLER \u0130R\u0130YD\u0130 AMA ZARARSIZLAR<\/strong><\/p>\n<p style=\"text-align: justify;\">Ameliyattan sonra Ba\u015fbakan\u2019\u0131n g\u00f6revine d\u00f6nmemesi ve istirahat s\u00fcresini uzatmas\u0131n\u0131n ard\u0131ndan ortaya at\u0131lan \u2018Ba\u015fbakan kanser mi?\u2019 iddialar\u0131na da son noktay\u0131 koyan F\u00fcz\u00fcn, Erdo\u011fan\u2019\u0131n raporlar\u0131ndan ve al\u0131nan par\u00e7ada yap\u0131lan biyopsinin ard\u0131ndan olumsuz bir sonucun \u00e7\u0131kmad\u0131\u011f\u0131n\u0131 s\u00f6yledi. Ba\u015fbakan\u0131n kesinlikle kanser olmad\u0131\u011f\u0131n\u0131 belirten F\u00fcz\u00fcn, \u201cSay\u0131n Ba\u015fbakan ameliyat olmadan \u00f6nce biz bunu biliyorduk. Zaten ameliyata da bu g\u00fcvenle girildi. Kal\u0131n ba\u011f\u0131rsak yakla\u015f\u0131k 1,5 metre uzunlu\u011fundad\u0131r. Ba\u015fbakan\u0131m\u0131z\u0131n ba\u011f\u0131rsa\u011f\u0131ndan 20-25 santimlik bir b\u00f6l\u00fcm al\u0131nd\u0131. Ba\u011f\u0131rsaktaki polipler kolonoskopi y\u00f6ntemiyle al\u0131namad\u0131\u011f\u0131 i\u00e7in ameliyat y\u00f6ntemine ba\u015fvuruldu. Yap\u0131lan operasyonda ald\u0131\u011f\u0131m\u0131z polipler iriydi ama zarars\u0131zd\u0131. Buna halk tabiriyle iyi huylu polipler diyebiliriz. Poliplerin her zaman ba\u011f\u0131rsakta probleme neden olmas\u0131 tehlikesi vard\u0131. Sonu\u00e7ta kar\u015f\u0131m\u0131zda bir ba\u015fbakan var. \u2018G\u00f6rev s\u00fcren bitsin, daha sonra ol\u2019 diyemezdik. Biz bunu almasayd\u0131k, daha sonraki 3-5 y\u0131l i\u00e7inde belki ciddi bir rahats\u0131zl\u0131\u011fa \u00e7evirebilirdi. Yapt\u0131\u011f\u0131m\u0131z incelemede tahliller tertemiz \u00e7\u0131kt\u0131. Kal\u0131n ba\u011f\u0131rsa\u011f\u0131ndaki k\u0131salmalar insan ya\u015fam\u0131 i\u00e7in sorun te\u015fkil etmez. Kal\u0131n ba\u011f\u0131rsa\u011f\u0131 olmadan ya\u015fayanlar bile var. Gerekti\u011finde zaten tamam\u0131 al\u0131n\u0131yor.\u201d diye konu\u015ftu.<\/p>\n<p style=\"text-align: justify;\"><strong>\u00c7OK STRESL\u0130 B\u0130R AMEL\u0130YATTI<\/strong><\/p>\n<p style=\"text-align: justify;\">Kendisinin da bulundu\u011fu ameliyat\u0131n tam \u00fc\u00e7 saat s\u00fcrd\u00fc\u011f\u00fcn\u00fc ifade eden Prof. Dr. F\u00fcz\u00fcn, \u201cBir hastan\u0131n bana dan\u0131\u015fmas\u0131 ve fikrimi almas\u0131, bana g\u00fcvendi\u011fi anlam\u0131na gelir. Say\u0131n Ba\u015fkan\u0131m\u0131z da bana dan\u0131\u015ft\u0131 ve fikirlerimi sordu. Bu da benim i\u00e7in bir onurdur. Ameliyat\u0131 \u00e7ok yak\u0131n arkada\u015f\u0131m Prof. Dr. Dursun Bu\u011fra ve yard\u0131mc\u0131s\u0131 Do\u00e7. Dr. Emre Bal\u0131k yapt\u0131. Ben de ameliyat salonunda onlar\u0131n yan\u0131ndayd\u0131m. Tabii ki s\u0131radan bir insan\u0131n ameliyat\u0131n\u0131 yapm\u0131yorsunuz. Tayyip Erdo\u011fan, D\u00fcnya\u2019n\u0131n say\u0131l\u0131 ilk 3-5 liderinden birisi. O y\u00fczden ameliyatta stres ya\u015fad\u0131k. Ben de arkada\u015flar\u0131ma destek verdim. Onlar\u0131n yan\u0131nda bulunarak s\u00fcrecin iyi y\u00f6netilmesini sa\u011flad\u0131m. Sonu\u00e7 olarak ortaya \u00e7\u0131kan durumdan hepimiz mutlu olduk\u201d dedi.<\/p>\n<p style=\"text-align: justify;\"><strong>G\u00d6REV\u0130NE \u00c7ABUK D\u00d6NER<\/strong><\/p>\n<p style=\"text-align: justify;\">Prof. F\u00fcz\u00fcn, \u201cBen de bu i\u015fi a\u00e7\u0131k ameliyat \u015feklinde yapanlardan birisiyim. Ba\u015fbakan\u0131m\u0131za kapal\u0131 bir ameliyat ger\u00e7ekle\u015ftirildi. Kapal\u0131 olmas\u0131ndaki neden, \u00e7abuk toparlanabilmesi ve i\u015flerine h\u0131zl\u0131 bir \u015fekilde geri d\u00f6nebilmesidir. Zaten biz de kendisine en ge\u00e7 iki hafta i\u00e7inde \u00e7al\u0131\u015fmaya ba\u015flayabilece\u011fini s\u00f6ylemi\u015ftik. Ameliyat e\u011fer a\u00e7\u0131k olsayd\u0131 toparlanmas\u0131 bir ay\u0131 bulabilir hatta ge\u00e7ebilirdi. Ba\u015fbakan k\u0131sa s\u00fcre i\u00e7inde \u00e7al\u0131\u015fmaya d\u00f6necek hale geldi\u201d diye konu\u015ftu.<\/p>\n<p style=\"text-align: justify;\"><strong>POL\u0130PLER STRESTEN DE OLAB\u0130L\u0130R, GENET\u0130K DE<\/strong><\/p>\n<p style=\"text-align: justify;\">F\u00fcz\u00fcn Ba\u015fbakan\u2019\u0131n rahats\u0131zl\u0131\u011f\u0131n\u0131n ve ameliyata neden olan poliplerin neden kaynakland\u0131\u011f\u0131n\u0131 tespit etmelerinin zor oldu\u011funu da s\u00f6zlerine ekleyen F\u00fcz\u00fcn, \u201cBunun bir\u00e7ok nedeni var. Stres, kal\u0131tsal durum, genetik yap\u0131, \u00e7al\u0131\u015fma ko\u015fullar\u0131 ve ald\u0131\u011f\u0131 g\u0131dalar nedeniyle olabilir. Zaten poliplerin genel olarak neden olu\u015ftu\u011fu bilinse kanserin de sebebi ortaya \u00e7\u0131kar. T\u0131p\u2019taki bu konuda yap\u0131lan ara\u015ft\u0131rma ve \u00e7al\u0131\u015fmalar devam ediyor\u201d ifadelerini kulland\u0131.<\/p>\n<p style=\"text-align: justify;\"><a href=\"http:\/\/gundem.milliyet.com.tr\/basbakan-erdogan-in-ameliyatiyla-ilgili-carpici-ayrintilar\/gundem\/gundemdetay\/08.12.2011\/1472970\/default.htm\" target=\"_blank\">Kaynak : Milliyet.com.tr<\/a><\/p>\n","protected":false},"excerpt":{"rendered":"<p style=\"text-align: center;\">\n<p style=\"text-align: justify;\">Ba\u015fbakan Erdo\u011fan\u2019\u0131n kamuoyundan s\u0131r gibi saklanan ameliyat\u0131nda yer alan cerrahlardan, DE\u00dc Rekt\u00f6r\u00fc Prof. Dr. F\u00fcz\u00fcn, Ba\u015fbakan Erdo\u011fan&#8217;\u0131n ge\u00e7irdi\u011fi operasyona ili\u015fkin \u00e7arp\u0131c\u0131 bilgiler verdi.<\/p>\n","protected":false},"author":1,"featured_media":0,"comment_status":"open","ping_status":"open","sticky":false,"template":"","format":"standard","meta":{"footnotes":""},"categories":[105],"tags":[],"class_list":["post-43865","post","type-post","status-publish","format-standard","hentry","category-gundem","odd"],"_links":{"self":[{"href":"http:\/\/www.korhanyilmaz.com\/index.php?rest_route=\/wp\/v2\/posts\/43865","targetHints":{"allow":["GET"]}}],"collection":[{"href":"http:\/\/www.korhanyilmaz.com\/index.php?rest_route=\/wp\/v2\/posts"}],"about":[{"href":"http:\/\/www.korhanyilmaz.com\/index.php?rest_route=\/wp\/v2\/types\/post"}],"author":[{"embeddable":true,"href":"http:\/\/www.korhanyilmaz.com\/index.php?rest_route=\/wp\/v2\/users\/1"}],"replies":[{"embeddable":true,"href":"http:\/\/www.korhanyilmaz.com\/index.php?rest_route=%2Fwp%2Fv2%2Fcomments&post=43865"}],"version-history":[{"count":0,"href":"http:\/\/www.korhanyilmaz.com\/index.php?rest_route=\/wp\/v2\/posts\/43865\/revisions"}],"wp:attachment":[{"href":"http:\/\/www.korhanyilmaz.com\/index.php?rest_route=%2Fwp%2Fv2%2Fmedia&parent=43865"}],"wp:term":[{"taxonomy":"category","embeddable":true,"href":"http:\/\/www.korhanyilmaz.com\/index.php?rest_route=%2Fwp%2Fv2%2Fcategories&post=43865"},{"taxonomy":"post_tag","embeddable":true,"href":"http:\/\/www.korhanyilmaz.com\/index.php?rest_route=%2Fwp%2Fv2%2Ftags&post=43865"}],"curies":[{"name":"wp","href":"https:\/\/api.w.org\/{rel}","templated":true}]}}