{"id":43861,"date":"2011-12-08T16:22:37","date_gmt":"2011-12-08T14:22:37","guid":{"rendered":"http:\/\/www.korhanyilmaz.com\/?p=43861"},"modified":"2011-12-08T21:09:30","modified_gmt":"2011-12-08T19:09:30","slug":"daglica-komutani-bu-goruntuleri-yayinladi","status":"publish","type":"post","link":"http:\/\/www.korhanyilmaz.com\/?p=43861","title":{"rendered":"Da\u011fl\u0131ca Komutan\u0131 bu g\u00f6r\u00fcnt\u00fcleri yay\u0131nlad\u0131"},"content":{"rendered":"<p style=\"text-align: center;\"><a href=\"http:\/\/www.korhanyilmaz.com\/wp-content\/uploads\/2011\/12\/7480.jpg\"  class=\"lightview\"><img loading=\"lazy\" decoding=\"async\" class=\"aligncenter  wp-image-43862\" src=\"http:\/\/www.korhanyilmaz.com\/wp-content\/uploads\/2011\/12\/7480.jpg\" alt=\"\" width=\"424\" height=\"238\" \/><\/a><\/p>\n<p style=\"text-align: justify;\">12 askerin \u015fehit d\u00fc\u015ft\u00fc\u011f\u00fc Da\u011fl\u0131ca sald\u0131r\u0131s\u0131nda Tabur Komutan\u0131 olarak g\u00f6rev yapan Kurmay Yarbay Onur Dirik, ayn\u0131 b\u00f6lgede ya\u015fanan s\u0131cak \u00e7at\u0131\u015fman\u0131n g\u00f6r\u00fcnt\u00fclerini sosyal payla\u015f\u0131m sitesindeki profilinde yay\u0131nlad\u0131.<!--more--><\/p>\n<p style=\"text-align: justify;\">Dirik, PKK&#8217;l\u0131 ter\u00f6ristlerin 21 Ekim 2007 tarihinde d\u00fczenledi\u011fi bask\u0131n s\u0131ras\u0131nda tabur komutan\u0131 olarak g\u00f6rev yap\u0131yordu.<\/p>\n<p style=\"text-align: justify;\">Kurmay Yarbay Onur Dirik, bask\u0131ndan yakla\u015f\u0131k 5 ay sonra ayn\u0131 b\u00f6lgede ya\u015fanan s\u0131cak \u00e7at\u0131\u015fman\u0131n g\u00f6r\u00fcnt\u00fclerini sosyal payla\u015f\u0131m sitesindeki sayfas\u0131ndan yay\u0131nlad\u0131.<\/p>\n<p style=\"text-align: justify;\">G\u00f6r\u00fcnt\u00fclerde Dirik \u00e7at\u0131\u015fma s\u0131ras\u0131nda en \u00f6nde yer oluyor ve s\u0131k s\u0131k telefonla konu\u015fuyor.<\/p>\n<p style=\"text-align: justify;\">Askerlerle yapt\u0131\u011f\u0131 konu\u015fmada \u00e7at\u0131\u015fma s\u0131ras\u0131nda kendisine gelen moral bozucu telefonlardan yak\u0131nan Dirik, b\u00f6lgeyi top at\u0131\u015f\u0131na tutmas\u0131 i\u00e7in askerlere direktiflerde bulunuyor.<\/p>\n<p style=\"text-align: justify;\">Video g\u00f6r\u00fcnt\u00fclerinde taciz at\u0131\u015f\u0131n\u0131n ya\u015fand\u0131\u011f\u0131 b\u00f6lge top at\u0131\u015f\u0131na tutuluyor.<\/p>\n<p style=\"text-align: justify;\">[flv]http:\/\/milliyet.cubecdn.net\/2011\/12\/08\/77493.flv[\/flv]<\/p>\n<p style=\"text-align: justify;\">5 dakika 27 saniyelik g\u00f6r\u00fcnt\u00fcn\u00fcn b\u00fcy\u00fck k\u0131sm\u0131 \u00e7at\u0131\u015fma anlar\u0131n\u0131 i\u00e7erirken, \u00e7at\u0131\u015fman\u0131n ard\u0131ndan Onur Dirik, askerlere hitaben bir konu\u015fma yap\u0131yor. Dirik askerlere yapt\u0131\u011f\u0131 konu\u015fmada \u015fu ifadeleri kullan\u0131yor: &#8220;Bug\u00fcn 7 Nisan 2008. Bir anda Gazitepe b\u00f6lgesinde ke\u015fif ve g\u00f6zetleme yapan unsurumuza iki ayr\u0131 noktadan roket ve makineli t\u00fcfekle taciz yap\u0131ld\u0131. Burada ortam bir anda de\u011fi\u015fti. Taburun haz\u0131rl\u0131k d\u00fczeyinin ne kadar y\u00fcksek oldu\u011funu g\u00f6rd\u00fck. 3 ayn\u0131 noktaya s\u00fcratle sa\u011fda solda bulunan adamlar toplan\u0131p kollar\u0131n\u0131 te\u015fkil edip s\u00fcratle takviye ettiler. Korucular mahallelerden hemen gerekli g\u00f6r\u00fclen noktalara sevk edildi ve \u00fcst komutanlar\u0131m\u0131z\u0131n bize verdikleri emirler do\u011frultusunda \u00c7eri ve Feytepe b\u00f6lgeleri art\u0131 her iki b\u00f6lge aras\u0131ndaki b\u00f6lge takviye edilecek \u015fekilde korucu takviyeli b\u00f6l\u00fckler yukar\u0131 g\u00f6nderildi.<\/p>\n<p style=\"text-align: justify;\">Maalesef burada olmad\u0131klar\u0131 i\u00e7in burada ya\u015fananlar\u0131 g\u00f6remeyen baz\u0131 ki\u015filerin, hala olay esnas\u0131nda bile a\u00e7\u0131k a\u00e7\u0131k bizim moralimizi bozacak ifadeler kulland\u0131klar\u0131n\u0131 \u00e7ok b\u00fcy\u00fck bir \u00fcz\u00fcnt\u00fc ve kah\u0131rla g\u00f6rmekteyim. Son derece. \u0130lgin\u00e7 bir tezah\u00fcrd\u00fcr ki kader arkada\u015fl\u0131\u011f\u0131m\u0131z \u015fu noktada devam ediyor. Allah bize b\u00f6yle bir durumu ya\u015fatt\u0131, bu laflar\u0131 i\u015fitmeyi nasip etti. Allah daima hakl\u0131n\u0131n yan\u0131ndad\u0131r. Daima \u00e7al\u0131\u015fan\u0131n ve d\u00fcr\u00fcst olan\u0131n yan\u0131ndad\u0131r. Diyoruz ve bu g\u00f6r\u00fcnt\u00fcleri hi\u00e7bir yerde yay\u0131nlanmamak \u015fart\u0131yla kayda al\u0131yoruz. Sadece bizim kalbimizde kalacak bu g\u00f6r\u00fcnt\u00fcler&#8230;&#8221;<\/p>\n<p style=\"text-align: justify;\">Da\u011fl\u0131ca bask\u0131n\u0131nda yarbay r\u00fctbesindeyken, daha sonra albay olan Onur Dirik, ter\u00f6ristlerin d\u00f6\u015fedi\u011fi bir may\u0131n\u0131 eliyle imha etmesi i\u00e7in emir vererek bir \u00fcste\u011fmenin \u015fehit olmas\u0131ndan sorumlu tutulmu\u015f ve r\u00fctbeleri s\u00f6k\u00fclm\u00fc\u015ft\u00fc. Onur Dirik 2 Aral\u0131k 2011 tarihinde ihmal iddialar\u0131yla a\u00e7\u0131lan soru\u015fturmada Van Cumhuriyet Savc\u0131l\u0131\u011f\u0131\u2019na iki g\u00fcn ifade vermi\u015fti.<\/p>\n<p style=\"text-align: justify;\"><a href=\"http:\/\/gundem.milliyet.com.tr\/daglica-komutani-bu-goruntuleri-yayinladi\/gundem\/gundemdetay\/08.12.2011\/1472905\/default.htm\" target=\"_blank\">Kaynak : Milliyet.com.tr<\/a><\/p>\n","protected":false},"excerpt":{"rendered":"<p style=\"text-align: center;\">\n<p style=\"text-align: justify;\">12 askerin \u015fehit d\u00fc\u015ft\u00fc\u011f\u00fc Da\u011fl\u0131ca sald\u0131r\u0131s\u0131nda Tabur Komutan\u0131 olarak g\u00f6rev yapan Kurmay Yarbay Onur Dirik, ayn\u0131 b\u00f6lgede ya\u015fanan s\u0131cak \u00e7at\u0131\u015fman\u0131n g\u00f6r\u00fcnt\u00fclerini sosyal payla\u015f\u0131m sitesindeki profilinde yay\u0131nlad\u0131.<\/p>\n","protected":false},"author":1,"featured_media":0,"comment_status":"open","ping_status":"open","sticky":false,"template":"","format":"standard","meta":{"footnotes":""},"categories":[105],"tags":[],"class_list":["post-43861","post","type-post","status-publish","format-standard","hentry","category-gundem","odd"],"_links":{"self":[{"href":"http:\/\/www.korhanyilmaz.com\/index.php?rest_route=\/wp\/v2\/posts\/43861","targetHints":{"allow":["GET"]}}],"collection":[{"href":"http:\/\/www.korhanyilmaz.com\/index.php?rest_route=\/wp\/v2\/posts"}],"about":[{"href":"http:\/\/www.korhanyilmaz.com\/index.php?rest_route=\/wp\/v2\/types\/post"}],"author":[{"embeddable":true,"href":"http:\/\/www.korhanyilmaz.com\/index.php?rest_route=\/wp\/v2\/users\/1"}],"replies":[{"embeddable":true,"href":"http:\/\/www.korhanyilmaz.com\/index.php?rest_route=%2Fwp%2Fv2%2Fcomments&post=43861"}],"version-history":[{"count":0,"href":"http:\/\/www.korhanyilmaz.com\/index.php?rest_route=\/wp\/v2\/posts\/43861\/revisions"}],"wp:attachment":[{"href":"http:\/\/www.korhanyilmaz.com\/index.php?rest_route=%2Fwp%2Fv2%2Fmedia&parent=43861"}],"wp:term":[{"taxonomy":"category","embeddable":true,"href":"http:\/\/www.korhanyilmaz.com\/index.php?rest_route=%2Fwp%2Fv2%2Fcategories&post=43861"},{"taxonomy":"post_tag","embeddable":true,"href":"http:\/\/www.korhanyilmaz.com\/index.php?rest_route=%2Fwp%2Fv2%2Ftags&post=43861"}],"curies":[{"name":"wp","href":"https:\/\/api.w.org\/{rel}","templated":true}]}}