{"id":43857,"date":"2011-12-08T18:14:34","date_gmt":"2011-12-08T16:14:34","guid":{"rendered":"http:\/\/www.korhanyilmaz.com\/?p=43857"},"modified":"2011-12-08T18:14:34","modified_gmt":"2011-12-08T16:14:34","slug":"kilicdaroglu-yanit-verdi-militan-yargi","status":"publish","type":"post","link":"http:\/\/www.korhanyilmaz.com\/?p=43857","title":{"rendered":"K\u0131l\u0131\u00e7daro\u011flu yan\u0131t verdi: &#8220;Militan yarg\u0131&#8221;"},"content":{"rendered":"<p style=\"text-align: justify;\"><a href=\"http:\/\/www.korhanyilmaz.com\/wp-content\/uploads\/2011\/12\/7479.jpg\"  class=\"lightview\"><img loading=\"lazy\" decoding=\"async\" class=\"aligncenter size-full wp-image-43858\" title=\"\" src=\"http:\/\/www.korhanyilmaz.com\/wp-content\/uploads\/2011\/12\/7479.jpg\" alt=\"\" width=\"292\" height=\"224\" \/><\/a><\/p>\n<p style=\"text-align: justify;\">CHP Genel Ba\u015fkan\u0131 Kemal K\u0131l\u0131\u00e7daro\u011flu, \u0130zmir mitinginde Yarg\u0131tay&#8217;a se\u00e7ilen \u00fcyeler i\u00e7in kulland\u0131\u011f\u0131 &#8220;militan yarg\u0131&#8221; ifadesi tart\u0131\u015f\u0131l\u0131yor. K\u0131l\u0131\u00e7daro\u011flu, &#8220;\u00f6z\u00fcr bekliyoruz&#8221; a\u00e7\u0131klamas\u0131 yapan HSYK&#8217;ya &#8220;as\u0131l onlar benden \u00f6z\u00fcr dilesin&#8221; yan\u0131t\u0131n\u0131 verdi; bir kez daha &#8220;yarg\u0131n\u0131n militanla\u015ft\u0131\u011f\u0131n\u0131&#8221; savundu.<!--more--><\/p>\n<p style=\"text-align: justify;\">K\u0131l\u0131\u00e7daro\u011flu, 2012 y\u0131l\u0131 b\u00fct\u00e7e tasar\u0131s\u0131n\u0131n TBMM Genel Kurulundaki g\u00f6r\u00fc\u015fmelerinde yapt\u0131\u011f\u0131 konu\u015fmada,b\u00fct\u00e7elerin, sadece T\u00fcrkiye i\u00e7in de\u011fil, b\u00fct\u00fcn \u00fclkeler i\u00e7in \u00f6nemli belgeler oldu\u011funa i\u015faret etti.<\/p>\n<p style=\"text-align: justify;\">Ba\u015fbakan Recep Tayyip Erdo\u011fan&#8217;\u0131n da bug\u00fcn Genel Kurulda olmas\u0131n\u0131, ele\u015ftirileri dinlemesini istediklerini ifade eden K\u0131l\u0131\u00e7daro\u011flu, Erdo\u011fan&#8217;a, rahats\u0131zl\u0131\u011f\u0131 nedeniyle Allah&#8217;tan \u015fifa dileyerek, bir an \u00f6nce sa\u011fl\u0131\u011f\u0131na kavu\u015fmas\u0131n\u0131 temenni etti.<\/p>\n<p style=\"text-align: justify;\"><strong>&#8220;\u00c7ok ba\u015fl\u0131l\u0131k sa\u011fl\u0131kl\u0131 karar al\u0131nmas\u0131n\u0131 engelliyor&#8221;\u00a0<\/strong><\/p>\n<p style=\"text-align: justify;\">CHP Genel Ba\u015fkan\u0131 K\u0131l\u0131\u00e7daro\u011flu, ekonomi y\u00f6netiminde kaos ve \u00e7ok ba\u015fl\u0131l\u0131k oldu\u011funu ileri s\u00fcrerek, Ekonomi, Kalk\u0131nma, Maliye, Bilim, Sanayi ve Teknoloji, G\u00fcmr\u00fck ve Tekel bakanl\u0131klar\u0131, Hazine&#8217;den sorumlu ba\u015fbakan yard\u0131mc\u0131l\u0131\u011f\u0131 oldu\u011funu an\u0131msatt\u0131.<\/p>\n<p style=\"text-align: justify;\">K\u0131l\u0131\u00e7daro\u011flu, \u00e7ok ba\u015fl\u0131l\u0131\u011f\u0131n s\u00f6ylemlere de yans\u0131d\u0131\u011f\u0131n\u0131 ileri s\u00fcrd\u00fc. Ba\u015fbakan Erdo\u011fan&#8217;\u0131n, 26 Haziranda yapt\u0131\u011f\u0131 konu\u015fmada, &#8220;T\u00fcrkiye \u015fu anda sa\u011flam zeminde y\u00fcr\u00fcyor, krizle i\u015fimiz yok&#8221; dedi\u011fini, AK Parti Genel Ba\u015fkan Yard\u0131mc\u0131s\u0131&#8217;n\u0131n ise &#8220;Ekonomik kriz yolda, fazla para harcamay\u0131n&#8221; uyar\u0131s\u0131nda bulundu\u011funu belirten K\u0131l\u0131\u00e7daro\u011flu, &#8220;Kime inanaca\u011f\u0131z?&#8221; diye sordu. K\u0131l\u0131\u00e7daro\u011flu, bu \u00e7ok ba\u015fl\u0131l\u0131\u011f\u0131n, sa\u011fl\u0131kl\u0131 kararlar\u0131n al\u0131nmas\u0131n\u0131 engelledi\u011fini ifade etti.<\/p>\n<p style=\"text-align: justify;\"><strong>&#8220;6 mali af&#8221;\u00a0<\/strong><\/p>\n<p style=\"text-align: justify;\">BM \u0130nsani Geli\u015fme Endeksi&#8217;ne g\u00f6re 2000&#8217;de d\u00fcnya s\u0131ralamas\u0131nda 80. s\u0131rada olan T\u00fcrkiye&#8217;nin, 2010&#8217;da 92. s\u0131raya geriledi\u011fini belirten K\u0131l\u0131\u00e7daro\u011flu, &#8220;Yaz\u0131k g\u00fcnah de\u011fil mi bu \u00fclkeye? O kadar bor\u00e7land\u0131n\u0131z, d\u00fcnyan\u0131n mal\u0131n\u0131 satt\u0131n\u0131z, geldi\u011finiz sonu\u00e7 bu&#8221; g\u00f6r\u00fc\u015f\u00fcn\u00fc savundu.<\/p>\n<p style=\"text-align: justify;\">Bir ba\u015fka rekorun daha oldu\u011funu ifade eden K\u0131l\u0131\u00e7daro\u011flu, s\u00f6zlerini, &#8220;Cumhuriyet tarihinde AKP d\u0131\u015f\u0131nda hi\u00e7bir h\u00fck\u00fcmete nasip olmad\u0131; 9 y\u0131lda 6 tane mali af. Niye mali af \u00e7\u0131kar; vatanda\u015f borcunu \u00f6deyemiyor diye. Bir \u00e7\u0131kar\u0131yorsun, iki \u00e7\u0131kar\u0131yorsun, \u00fc\u00e7 \u00e7\u0131kar\u0131yorsun; \u00f6deyemiyor. AKP&#8217;li milletvekillerinden rica ediyorum. Yurtd\u0131\u015f\u0131na gittiklerinde sorsunlar hangi h\u00fck\u00fcmet kendi d\u00f6neminde bu kadar mali af \u00e7\u0131karm\u0131\u015ft\u0131r. Bu kadar mali aff\u0131n anlam\u0131, ekonomi iyi y\u00f6netilmiyor. Y\u00f6netilseydi herkes paras\u0131n\u0131 \u00f6derdi&#8221; diye s\u00fcrd\u00fcrd\u00fc.<\/p>\n<p style=\"text-align: justify;\">K\u0131l\u0131\u00e7daro\u011flu, bu kadar af \u00e7\u0131kmas\u0131n\u0131n, vatanda\u015f ile devlet aras\u0131nda g\u00fcven bunal\u0131m\u0131 do\u011furdu\u011funu vurgulayarak, toplumda, &#8220;Niye \u00f6deyeyim, nas\u0131lsa af \u00e7\u0131kacak&#8221; beklentisinin olu\u015ftu\u011funu belirtti. K\u0131l\u0131\u00e7daro\u011flu, H\u00fck\u00fcmetin, bu beklentiyi olu\u015fturdu\u011funu ileri s\u00fcrerek, H\u00fck\u00fcmetin, bu a\u00e7\u0131dan &#8220;defolu&#8221; oldu\u011funu savundu.<\/p>\n<p style=\"text-align: justify;\"><strong>&#8220;Koltu\u011funa \u00e7ivilenmi\u015f&#8221;\u00a0<\/strong><\/p>\n<p style=\"text-align: justify;\">K\u0131l\u0131\u00e7daro\u011flu, her\u015feyin siyaset konusu olabilece\u011fini ancak bilim d\u00fcnyas\u0131na siyasetin giremeyece\u011fini s\u00f6yledi. K\u0131l\u0131\u00e7daro\u011flu, KHK ile &#8220;T\u00dcBA&#8217;ya atamay\u0131 biz yapaca\u011f\u0131z&#8221; denildi\u011fini belirterek, &#8220;Bu \u015funa benzer, (Cumhurba\u015fkanl\u0131\u011f\u0131 Senfoni Orkestras\u0131&#8217;ndaki \u00e7alg\u0131 \u00e7alanlardan 3&#8217;\u00fcn\u00fc ben atayaca\u011f\u0131m , sen atama)&#8221; diye konu\u015ftu.<\/p>\n<p style=\"text-align: justify;\">Kemal K\u0131l\u0131\u00e7daro\u011flu, H\u00fck\u00fcmetin, Van, Erci\u015f depreminde &#8220;\u00e7uvallama rekoru&#8221; k\u0131rd\u0131\u011f\u0131n\u0131, ilk kez bir h\u00fck\u00fcmetin, bir depremde bu kadar \u00e7uvallad\u0131\u011f\u0131n\u0131 ileri s\u00fcrd\u00fc.<\/p>\n<p style=\"text-align: justify;\">Maliye Bakan\u0131 Mehmet \u015eim\u015fek&#8217;in, &#8220;baltay\u0131 ta\u015fa vurdu\u011funu, deprem vergileriyle yol yapt\u0131klar\u0131n\u0131&#8221; s\u00f6yledi\u011fini an\u0131msatan K\u0131l\u0131\u00e7daro\u011flu, &#8220;Bunu s\u00f6yleyen Say\u0131n Bakan, kusura bakmas\u0131n ama verginin ve b\u00fct\u00e7edeki birlik prensibinin ne oldu\u011funu bilmeyen bir bakand\u0131r. A\u00e7s\u0131n b\u00fct\u00fcn \u00fcniversitelerde okutulan b\u00fct\u00e7e kitaplar\u0131na baks\u0131n, bunlar\u0131 okuyan her yurtta\u015f b\u00f6yle bilir&#8221; diye konu\u015ftu.<\/p>\n<p style=\"text-align: justify;\">Ba\u015fbakan Erdo\u011fan&#8217;\u0131n, &#8220;Ruhsatlar\u0131 kim bilir kim izin veriyor?&#8221; dedi\u011fini, bu in\u015faat ruhsatlar\u0131n\u0131 Tabip Odas\u0131, Uganda&#8217;daki belediyenin vermedi\u011fini s\u00f6yledi.<\/p>\n<p style=\"text-align: justify;\">K\u0131l\u0131\u00e7daro\u011flu, Japonya&#8217;da deprem olduktan sonra, bir bakan\u0131n, yapt\u0131\u011f\u0131 a\u00e7\u0131klamayla depremzedeleri k\u0131zd\u0131rd\u0131\u011f\u0131 i\u00e7in istifa etti\u011fini dile getirerek, &#8220;Bizde istifa eden var m\u0131? Hepsi koltu\u011funda \u00e7ivilenmi\u015f vaziyette, asla gitmez&#8221; dedi.<\/p>\n<p style=\"text-align: justify;\"><a href=\"http:\/\/www.cnnturk.com\/2011\/turkiye\/12\/08\/kilicdaroglu.yanit.verdi.militan.yargi\/639755.0\/index.html\" target=\"_blank\">Kaynak : CNN T\u00dcRK<\/a><\/p>\n","protected":false},"excerpt":{"rendered":"<p style=\"text-align: justify;\">\n<p style=\"text-align: justify;\">CHP Genel Ba\u015fkan\u0131 Kemal K\u0131l\u0131\u00e7daro\u011flu, \u0130zmir mitinginde Yarg\u0131tay&#8217;a se\u00e7ilen \u00fcyeler i\u00e7in kulland\u0131\u011f\u0131 &#8220;militan yarg\u0131&#8221; ifadesi tart\u0131\u015f\u0131l\u0131yor. K\u0131l\u0131\u00e7daro\u011flu, &#8220;\u00f6z\u00fcr bekliyoruz&#8221; a\u00e7\u0131klamas\u0131 yapan HSYK&#8217;ya &#8220;as\u0131l onlar benden \u00f6z\u00fcr dilesin&#8221; yan\u0131t\u0131n\u0131 verdi; bir kez daha &#8220;yarg\u0131n\u0131n militanla\u015ft\u0131\u011f\u0131n\u0131&#8221; savundu.<\/p>\n","protected":false},"author":1,"featured_media":0,"comment_status":"open","ping_status":"open","sticky":false,"template":"","format":"standard","meta":{"footnotes":""},"categories":[105],"tags":[],"class_list":["post-43857","post","type-post","status-publish","format-standard","hentry","category-gundem","odd"],"_links":{"self":[{"href":"http:\/\/www.korhanyilmaz.com\/index.php?rest_route=\/wp\/v2\/posts\/43857","targetHints":{"allow":["GET"]}}],"collection":[{"href":"http:\/\/www.korhanyilmaz.com\/index.php?rest_route=\/wp\/v2\/posts"}],"about":[{"href":"http:\/\/www.korhanyilmaz.com\/index.php?rest_route=\/wp\/v2\/types\/post"}],"author":[{"embeddable":true,"href":"http:\/\/www.korhanyilmaz.com\/index.php?rest_route=\/wp\/v2\/users\/1"}],"replies":[{"embeddable":true,"href":"http:\/\/www.korhanyilmaz.com\/index.php?rest_route=%2Fwp%2Fv2%2Fcomments&post=43857"}],"version-history":[{"count":0,"href":"http:\/\/www.korhanyilmaz.com\/index.php?rest_route=\/wp\/v2\/posts\/43857\/revisions"}],"wp:attachment":[{"href":"http:\/\/www.korhanyilmaz.com\/index.php?rest_route=%2Fwp%2Fv2%2Fmedia&parent=43857"}],"wp:term":[{"taxonomy":"category","embeddable":true,"href":"http:\/\/www.korhanyilmaz.com\/index.php?rest_route=%2Fwp%2Fv2%2Fcategories&post=43857"},{"taxonomy":"post_tag","embeddable":true,"href":"http:\/\/www.korhanyilmaz.com\/index.php?rest_route=%2Fwp%2Fv2%2Ftags&post=43857"}],"curies":[{"name":"wp","href":"https:\/\/api.w.org\/{rel}","templated":true}]}}