{"id":43853,"date":"2011-12-08T17:16:36","date_gmt":"2011-12-08T15:16:36","guid":{"rendered":"http:\/\/www.korhanyilmaz.com\/?p=43853"},"modified":"2011-12-08T18:11:07","modified_gmt":"2011-12-08T16:11:07","slug":"farkli-anlamlar-cikarmayalim","status":"publish","type":"post","link":"http:\/\/www.korhanyilmaz.com\/?p=43853","title":{"rendered":"&#8216;Farkl\u0131 anlamlar \u00e7\u0131karmayal\u0131m&#8217;"},"content":{"rendered":"<p style=\"text-align: justify;\"><a href=\"http:\/\/www.korhanyilmaz.com\/wp-content\/uploads\/2011\/12\/7478.jpg\"  class=\"lightview\"><img loading=\"lazy\" decoding=\"async\" class=\"aligncenter size-full wp-image-43854\" title=\"\" src=\"http:\/\/www.korhanyilmaz.com\/wp-content\/uploads\/2011\/12\/7478.jpg\" alt=\"\" width=\"313\" height=\"188\" \/><\/a><\/p>\n<p style=\"text-align: justify;\">Cumhurba\u015fkan\u0131 G\u00fcl, veto etti\u011fi \u015fike yasas\u0131 hakk\u0131nda &#8221;Yetkimi kullanarak Meclis&#8217;e g\u00f6nderdim. Benim g\u00f6r\u00fc\u015flerim ve kanaatim a\u00e7\u0131kt\u0131r. Kanun yap\u0131c\u0131 Meclis&#8217;tir. Farkl\u0131 anlam \u00e7\u0131karman\u0131n faydas\u0131 yok&#8221; dedi.\u00a0<!--more--><\/p>\n<p style=\"text-align: justify;\">G\u00fcl, Avusturya&#8217;ya hareketinden \u00f6nce Atat\u00fcrk Havaliman\u0131 Devlet Konukevi&#8217;nde bas\u0131n mensuplar\u0131n\u0131n \u00e7e\u015fitli konulardaki sorular\u0131n\u0131 cevaplad\u0131.<\/p>\n<p style=\"text-align: justify;\">Bir gazetecinin, \u201c\u015eike Yasas\u0131 yeniden g\u00f6r\u00fc\u015f\u00fcl\u00fcp pazar g\u00fcn\u00fc Cumhurba\u015fkanl\u0131\u011f\u0131na sunulacak. Vetonun Ak Parti&#8217;de \u00e7atlaklara neden oldu\u011fu iddia ediliyor. Bu konudaki g\u00f6r\u00fc\u015f\u00fcn\u00fcz nedir? Yasa aynen gelirse Anayasa Mahkemesine g\u00f6t\u00fcrecek misiniz?\u201d sorusuna G\u00fcl, \u015fu kar\u015f\u0131l\u0131\u011f\u0131 verdi:<\/p>\n<p style=\"text-align: justify;\">\u201cT\u00fcrkiye, demokratik, anayasal demokrasiyle idare edilen bir \u00fclke. Anayasal demokrasilerde kurumlar var ve kurumlar\u0131n yetki ve sorumluluklar\u0131 da a\u00e7\u0131k bir \u015fekilde ortaya konuluyor. Bunlar aras\u0131nda da gayet medeni ili\u015fki, demokratik olgunluk \u00e7er\u00e7evesinde uygulamalar ger\u00e7ekle\u015fiyor. Bu \u00e7er\u00e7eve i\u00e7erisinde bahsetti\u011finiz yasayla ilgili benim kanaatlerim ve g\u00f6r\u00fc\u015flerim kamuoyunun da bildi\u011fi gibi a\u00e7\u0131kt\u0131r. Ben, bu \u00e7er\u00e7eve i\u00e7erisinde yetkimi kulland\u0131m. Yasay\u0131 bir kez daha g\u00f6r\u00fc\u015f\u00fclmesi i\u00e7in meclise g\u00f6nderdim. Kanun yap\u0131c\u0131 meclistir, parlamentodur. Dolay\u0131s\u0131yla parlamentoda yine anayasal demokrasi \u00e7er\u00e7evesi i\u00e7erisinde kendi yetki ve sorumluluklar\u0131n\u0131 demokratik olgunluk i\u00e7erisinde g\u00f6r\u00fc\u015fecek, d\u00fc\u015f\u00fcnecek, kanaatini o \u015fekilde kullanacak. Bunlardan farkl\u0131 anlamlar \u00e7\u0131karman\u0131n faydas\u0131 yok do\u011frusu. Dolay\u0131s\u0131yla, bu s\u00fcre\u00e7ler bu \u015fekilde i\u015fleyecek. Tabii ne olacak, meclisten nas\u0131l ge\u00e7ecek ona bakar\u0131z. Ona g\u00f6re nedir diye incelettiririz. Bunlardan memleketin bug\u00fcnk\u00fc huzurunu ka\u00e7\u0131rmak gibi bir d\u00fc\u015f\u00fcnce i\u00e7ine kimsenin girmemesi gerekir. Demokratik olgunlu\u011fun gere\u011fi neyse \u00f6yle kar\u015f\u0131lamak gerekir. \u201c<\/p>\n<p style=\"text-align: justify;\"><strong>BEDELL\u0130 ASKERL\u0130K<\/strong><\/p>\n<p style=\"text-align: justify;\">G\u00fcl, \u201cKamuoyunun g\u00fcndeminde olan bir di\u011fer d\u00fczenleme de bedelli askerlikle ilgili. Sizin de bu konuda net bir mesaj\u0131n\u0131z vard\u0131. Kamuoyunun vicdan\u0131n\u0131 olumsuz etkilemeyecek bir \u015fekilde o d\u00fczenlemenin ger\u00e7ekle\u015ftirilmesini istiyordunuz. Mevcut tabloya bakt\u0131\u011f\u0131n\u0131zda beklentiniz hayata ge\u00e7mi\u015f durumda m\u0131?\u201d \u015feklindeki soru \u00fczerine, buradan gelecek gelirlerin genel b\u00fct\u00e7eye kat\u0131lmamas\u0131n\u0131n do\u011fru olaca\u011f\u0131n\u0131 s\u00f6yledi\u011fini hat\u0131rlatt\u0131.<\/p>\n<p style=\"text-align: justify;\">Konunun hen\u00fcz incelendi\u011fini aktaran G\u00fcl, \u201cOradan gelecek gelirler de genel b\u00fct\u00e7eye kat\u0131lmayacak \u015fekilde harcanaca\u011f\u0131 yerler tespit edilerek \u00e7\u0131kart\u0131ld\u0131\u201d dedi.<\/p>\n<p style=\"text-align: justify;\"><strong>YAZICIO\u011eLU&#8217;NUN HAYATINI KAYBETT\u0130\u011e\u0130 KAZA\u00a0<\/strong><\/p>\n<p style=\"text-align: justify;\">G\u00fcl, helikopter kazas\u0131nda hayat\u0131n\u0131 kaybeden BBP eski Genel Ba\u015fkan\u0131 Muhsin Yaz\u0131c\u0131o\u011flu&#8217;nun e\u015fi G\u00fclefer Yaz\u0131c\u0131o\u011flu ile BBP Genel Ba\u015fkan\u0131 Mustafa Destici&#8217;nin ziyaretine ili\u015fkin soru da \u015f\u00f6yle cevaplad\u0131:<\/p>\n<p style=\"text-align: justify;\">\u201cRahmetli Muhsin Yaz\u0131c\u0131o\u011flu&#8217;nin e\u015fi ve BBP Genel Ba\u015fkan\u0131 beni ziyaret ettiler. Ellerine baz\u0131 belgelerin ula\u015ft\u0131\u011f\u0131n\u0131 s\u00f6ylediler, ortaya \u00e7\u0131kmam\u0131\u015f, kimsenin elinde olmayan&#8230; Onlar\u0131 bana verdiler, ben de inceletiyorum, do\u011furuluk derecesi nedir diye&#8230;\u201d<\/p>\n<p style=\"text-align: justify;\"><strong>CUMHURBA\u015eKANI&#8217;NIN G\u00d6REV S\u00dcRES\u0130\u00a0<\/strong><\/p>\n<p style=\"text-align: justify;\">Cumhurba\u015fkan\u0131 G\u00fcl, \u201c\u015eike Yasas\u0131 ile ilgili olarak kanaatimi medya biliyor demi\u015ftiniz. Bu kanaatiniz y\u00f6n\u00fcnde bir de\u011fi\u015fiklik olacak m\u0131? Bir de g\u00f6rev s\u00fcrenizin 2014&#8217;te dolmas\u0131yla ilgili olarak yeni \u015eike Yasas\u0131 ile bir daha aday olup olmayaca\u011f\u0131n\u0131z y\u00f6n\u00fcnde de baz\u0131 kamuoyunda tart\u0131\u015fmalar ve dedikodular \u00e7\u0131km\u0131\u015ft\u0131. Sizin yan\u0131t\u0131n\u0131z ne olacak?\u201d \u015feklindeki soruya da \u201cBirinci ile ilgili ilk soruda cevap verdim. \u0130kinci de benim do\u011frusu alan\u0131m de\u011fil. Onu d\u00fc\u015f\u00fcnecekler ba\u015fkalar\u0131\u201d kar\u015f\u0131l\u0131\u011f\u0131n\u0131 verdi.<\/p>\n<p style=\"text-align: justify;\"><a href=\"http:\/\/www.hurriyet.com.tr\/gundem\/19420935.asp\" target=\"_blank\">Kaynak : H\u00fcrriyet.com.tr<\/a><\/p>\n","protected":false},"excerpt":{"rendered":"<p style=\"text-align: justify;\">\n<p style=\"text-align: justify;\">Cumhurba\u015fkan\u0131 G\u00fcl, veto etti\u011fi \u015fike yasas\u0131 hakk\u0131nda &#8221;Yetkimi kullanarak Meclis&#8217;e g\u00f6nderdim. Benim g\u00f6r\u00fc\u015flerim ve kanaatim a\u00e7\u0131kt\u0131r. Kanun yap\u0131c\u0131 Meclis&#8217;tir. Farkl\u0131 anlam \u00e7\u0131karman\u0131n faydas\u0131 yok&#8221; dedi. <\/p>\n","protected":false},"author":1,"featured_media":0,"comment_status":"open","ping_status":"open","sticky":false,"template":"","format":"standard","meta":{"footnotes":""},"categories":[105],"tags":[],"class_list":["post-43853","post","type-post","status-publish","format-standard","hentry","category-gundem","odd"],"_links":{"self":[{"href":"http:\/\/www.korhanyilmaz.com\/index.php?rest_route=\/wp\/v2\/posts\/43853","targetHints":{"allow":["GET"]}}],"collection":[{"href":"http:\/\/www.korhanyilmaz.com\/index.php?rest_route=\/wp\/v2\/posts"}],"about":[{"href":"http:\/\/www.korhanyilmaz.com\/index.php?rest_route=\/wp\/v2\/types\/post"}],"author":[{"embeddable":true,"href":"http:\/\/www.korhanyilmaz.com\/index.php?rest_route=\/wp\/v2\/users\/1"}],"replies":[{"embeddable":true,"href":"http:\/\/www.korhanyilmaz.com\/index.php?rest_route=%2Fwp%2Fv2%2Fcomments&post=43853"}],"version-history":[{"count":0,"href":"http:\/\/www.korhanyilmaz.com\/index.php?rest_route=\/wp\/v2\/posts\/43853\/revisions"}],"wp:attachment":[{"href":"http:\/\/www.korhanyilmaz.com\/index.php?rest_route=%2Fwp%2Fv2%2Fmedia&parent=43853"}],"wp:term":[{"taxonomy":"category","embeddable":true,"href":"http:\/\/www.korhanyilmaz.com\/index.php?rest_route=%2Fwp%2Fv2%2Fcategories&post=43853"},{"taxonomy":"post_tag","embeddable":true,"href":"http:\/\/www.korhanyilmaz.com\/index.php?rest_route=%2Fwp%2Fv2%2Ftags&post=43853"}],"curies":[{"name":"wp","href":"https:\/\/api.w.org\/{rel}","templated":true}]}}