{"id":43849,"date":"2011-12-08T12:17:42","date_gmt":"2011-12-08T10:17:42","guid":{"rendered":"http:\/\/www.korhanyilmaz.com\/?p=43849"},"modified":"2011-12-08T15:50:22","modified_gmt":"2011-12-08T13:50:22","slug":"siz-bu-yaziyi-okudugunuzda-ben-tutuklanmis-olacagim","status":"publish","type":"post","link":"http:\/\/www.korhanyilmaz.com\/?p=43849","title":{"rendered":"&#8216;Siz bu yaz\u0131y\u0131 okudu\u011funuzda ben tutuklanm\u0131\u015f olaca\u011f\u0131m!&#8217;"},"content":{"rendered":"<p style=\"text-align: center;\"><a href=\"http:\/\/www.korhanyilmaz.com\/wp-content\/uploads\/2011\/12\/7476.jpg\"  class=\"lightview\"><img loading=\"lazy\" decoding=\"async\" class=\"aligncenter  wp-image-43850\" src=\"http:\/\/www.korhanyilmaz.com\/wp-content\/uploads\/2011\/12\/7476.jpg\" alt=\"\" width=\"265\" height=\"202\" \/><\/a><\/p>\n<p style=\"text-align: justify;\">Hakk\u0131nda yakalama karar\u0131 \u00e7\u0131kar\u0131lan eski DEP milletvekili Mahmut Al\u0131nak tutukland\u0131<\/p>\n<p style=\"text-align: justify;\">KCK operasyonu kapsam\u0131nda tutuklanan eski DEP milletvekili Mahmut Al\u0131nak, Bianet&#8217;te &#8220;Siz bu yaz\u0131y\u0131 okudu\u011funuzda ben tutuklanm\u0131\u015f olaca\u011f\u0131m&#8221; ba\u015fl\u0131kl\u0131 bir mektup g\u00f6nderdi&#8230;\u00a0<!--more--><\/p>\n<p style=\"text-align: justify;\"><strong>\u0130\u015eTE O YAZI&#8230;\u00a0<\/strong><\/p>\n<p style=\"text-align: justify;\"><strong>Siz Bu Yaz\u0131y\u0131 Okudu\u011funuzda Ben Tutuklanm\u0131\u015f Olaca\u011f\u0131m\u00a0<\/strong><\/p>\n<p style=\"text-align: justify;\">Bir korku imparatorlu\u011fu kurmak isteyen Tayyip Erdo\u011fan diktat\u00f6rl\u00fc\u011f\u00fc Ayetullah Humeyni, Rus \u00c7ar\u0131 \u0130van, ve tarihteki benzer diktat\u00f6rlerin g\u00fcn\u00fcm\u00fcze uyarlanm\u0131\u015f \u015feklidir.<\/p>\n<p style=\"text-align: justify;\">Pervas\u0131zca h\u00fck\u00fcm s\u00fcren Tayyip Erdo\u011fan diktat\u00f6rl\u00fc\u011f\u00fc art\u0131k tarihteki diktat\u00f6rl\u00fckleri aratmaz hale geldi. T\u00fcrk, K\u00fcrt&#8230; t\u00fcm siyasi muhalifleri, bas\u0131n\u0131, k\u00f6\u015fe yazarlar\u0131n\u0131, kitle \u00f6rg\u00fctlerini ve hak arayan herkesi a\u011f\u0131r bir bask\u0131 alt\u0131na alan bu diktat\u00f6rl\u00fck tipik bir Somozo, Ayetullah Humeyni, \u0130di Amin, Belk\u00e7ika kral\u0131 2. Leopald, Pol Pot ve Korkun\u00e7 \u0130van diktat\u00f6rl\u00fc\u011f\u00fcd\u00fcr. Tayyip Erdo\u011fan&#8217;\u0131n talimat\u0131 ile ba\u015flat\u0131lan yarg\u0131 operasyonu \u0130sa&#8217;n\u0131n \u00e7a\u011fa uydurulmu\u015f \u00e7arm\u0131ha gerili\u015fidir. Kerbela cinayetinin bir versiyonudur. Tek fark\u0131 demokrasi ve hukukla maskelenmi\u015f olmas\u0131d\u0131r.<\/p>\n<p style=\"text-align: justify;\">Etnik k\u00f6keni ne olursa olsun diktat\u00f6rl\u00fc\u011fe hizmet etmeyen herkes hedeftir. Gerici cemaate mensupsan\u0131z devletin t\u00fcm imk\u00e2nlar\u0131 ayaklar\u0131n\u0131z\u0131n dibine serilir. De\u011filseniz d\u00fc\u015fman muamelesi g\u00f6r\u00fcrs\u00fcn\u00fcz. G\u00f6z \u00f6n\u00fcnde olan \u015fu ger\u00e7e\u011fi kafam\u0131za iyice sokmam\u0131z gerekir: Faturay\u0131 sadece muhalif K\u00fcrtler de\u011fil, bir \u015fekilde T\u00fcrkler ve \u00f6teki halklar da \u00f6d\u00fcyor. Haklar\u0131n\u0131 arad\u0131klar\u0131nda coplanarak ve biber gaz\u0131 s\u0131k\u0131larak, ekonomik s\u0131k\u0131nt\u0131larla bo\u011fu\u015farak, yoksullukla cebelle\u015ferek, hastane kap\u0131lar\u0131nda s\u00fcr\u00fcnerek, i\u015fsizlik cehenneminde yanarak, \u015fovenizmle zehirlenerek, e\u011fitim ve kitle ileti\u015fim ara\u00e7lar\u0131 ile bilin\u00e7leri \u00e7\u00f6le \u00e7evrilerek \u00f6d\u00fcyorlar. T\u00fcrk insan\u0131 nas\u0131l ac\u0131mas\u0131z bir sald\u0131r\u0131 alt\u0131nda oldu\u011funu g\u00f6rmedik\u00e7e, esenli\u011fe ve \u00f6zg\u00fcrl\u00fc\u011fe kavu\u015famaz. \u00c7\u0131kt\u0131\u011f\u0131m\u0131z bir yolculukta yaral\u0131 koltuk kom\u015fumuz ac\u0131lar i\u00e7inde k\u0131vran\u0131rken -\u015fayet ruh sa\u011fl\u0131\u011f\u0131m\u0131z\u0131 yitirmemi\u015fsek- nas\u0131l \u015fen \u015fakrak mutlu bir yolculuk yapmam\u0131z d\u00fc\u015f\u00fcn\u00fclemezse, d\u00fcnyan\u0131n neresinde olursa olsun bir halk ya da bir \u00fclke cendere alt\u0131ndaysa insanl\u0131\u011f\u0131n mutlu olmas\u0131 m\u00fcmk\u00fcn de\u011fildir. Bu ger\u00e7ek kar\u015f\u0131s\u0131nda t\u00fcm insanl\u0131k, t\u00fcm d\u00fcnya as\u0131rlard\u0131r s\u00fcren K\u00fcrt dram\u0131na kar\u015f\u0131 \u00e7\u0131kmal\u0131d\u0131r. Ger\u00e7ek mutlulu\u011fun anahtar\u0131 burada sakl\u0131d\u0131r. Bunu sadece insani nedenlerle de\u011fil, en ba\u015fta kendi esenli\u011fi i\u00e7in yapmal\u0131d\u0131r. \u0130yi d\u00fc\u015f\u00fcn\u00fcld\u00fc\u011f\u00fcnde g\u00f6r\u00fclece\u011fi gibi, mazlum K\u00fcrt&#8217;\u00fcn \u00f6zg\u00fcrl\u00fc\u011f\u00fc ve mutlulu\u011fu t\u00fcm insanl\u0131\u011f\u0131n, herkesin \u00f6zg\u00fcrl\u00fc\u011f\u00fc ve mutlulu\u011fudur. Yarat\u0131lmak istenen korku imparatorlu\u011fu sadece K\u00fcrtleri de\u011fil onurlu kalmak isteyen herkesi boyunduruk alt\u0131na almay\u0131 ama\u00e7lamaktad\u0131r.<\/p>\n<p style=\"text-align: justify;\">Ba\u015fka bir \u015fey daha: Halk\u0131n dini inan\u00e7lar\u0131n\u0131 dizginsizce s\u00f6m\u00fcren bu diktat\u00f6rl\u00fck, san\u0131ld\u0131\u011f\u0131n\u0131n aksine PKK ile s\u00fcrd\u00fcrd\u00fc\u011f\u00fc sava\u015f\u0131n bitmesini istemiyor. \u00c7\u00fcnk\u00fc bu sava\u015f\u0131 demokratik hak arama \u00f6zg\u00fcrl\u00fc\u011f\u00fcn\u00fc ask\u0131ya almak, ezmek ve halk\u0131 boyunduruk alt\u0131nda tutmak i\u00e7in bir f\u0131rsat olarak kullan\u0131yor. Bu nedenle \u00e7at\u0131\u015fmalarda hayatlar\u0131n\u0131 kaybeden askerler i\u00e7in s\u00f6yledikleri t\u00fcm s\u00f6zleri yalan ve sahtedir. Televizyon kameralar\u0131n\u0131n \u00f6n\u00fcnde y\u00fczlerine tak\u0131nd\u0131klar\u0131 \u00fczg\u00fcn ifadeler ise ustaca resmedilmi\u015f birer maskeden ibarettir. Sava\u015f\u0131n bitmesini istemedikleri i\u00e7indir ki, akan kan\u0131n durmas\u0131 ve gen\u00e7lerin \u00f6lmemesi i\u00e7in giri\u015filen her \u00e7abay\u0131 d\u00fc\u015fmanca kar\u015f\u0131lamaktad\u0131rlar. Benim bu y\u00f6nl\u00fc gayretlerime kar\u015f\u0131 kurduklar\u0131 komplo buna a\u00e7\u0131k bir \u00f6rnektir. Gen\u00e7ler \u00d6lmesin Ocaklar S\u00f6nmesin Giri\u015fimi (GEOS) ad\u0131na \u0130mral\u0131&#8217; ya giderek akan kan\u0131n durmas\u0131 i\u00e7in sivil bir a\u00e7\u0131l\u0131ma katk\u0131da bulunmak istemi\u015ftim. Peki, onlar ne yapt\u0131? \u00d6n\u00fcm\u00fc kesmek i\u00e7in -zerre kadar da olsa hi\u00e7bir bilgi veya belgeye dayanmadan- beni KURYEL\u0130KLE su\u00e7lad\u0131lar! Gel gelelim \u015fimdi ortaya \u00e7\u0131kt\u0131 ki Tayyip Erdo\u011fan&#8217;\u0131n kuryeleri Kandil&#8217;e gitmi\u015f! Ne var ki siz bu sat\u0131rlar\u0131 okudu\u011funuzda ben kuryelik su\u00e7lamas\u0131yla tutuklanm\u0131\u015f olaca\u011f\u0131m! Bu k\u00fc\u00e7\u00fck \u00f6rnek bile nas\u0131l karanl\u0131k bir oyun kurduklar\u0131n\u0131 g\u00fcn gibi ortaya koymaktad\u0131r.<\/p>\n<p style=\"text-align: justify;\">&#8220;Avukatlar\u0131n \u00d6calan&#8217;dan ald\u0131klar\u0131 talimatlar\u0131 Kandil&#8217;e bildirmesi \u00fczerine PKK silahl\u0131 bask\u0131nlar yapt\u0131, muhtelif yerlerde y\u00fczlerce asker hayat\u0131n\u0131 kaybetti&#8221; deniyor. Bu komik iddia do\u011fru ise, demek oluyor ki devlet su\u00e7 ortakl\u0131\u011f\u0131 yapm\u0131\u015f! \u00c7\u00fcnk\u00fc 12 y\u0131ldan beri t\u00fcm avukat-\u00d6calan g\u00f6r\u00fc\u015fmeleri devletin g\u00f6zetimi ve denetimi alt\u0131nda ger\u00e7ekle\u015fiyor. G\u00f6r\u00fc\u015fmelerin her saniyesi ses ve g\u00f6r\u00fcnt\u00fc cihazlar\u0131 ile kay\u0131t alt\u0131na al\u0131n\u0131yor. Avukatlar\u0131n \u00d6calan&#8217;dan talimat ald\u0131\u011f\u0131 ve bunlar\u0131 Kandil&#8217;e bildirdi\u011fi iddias\u0131 do\u011fru ise -ki de\u011fildir- devlet neden tedbir almad\u0131, neden engellemedi, neden sa\u011f\u0131r kesildi, neden 12 y\u0131l tuzak kurup pusuda bekledi? Neden g\u00f6z g\u00f6re g\u00f6re onca askerin \u00f6l\u00fcm\u00fcne g\u00f6z yumdu? Hangi karanl\u0131k emeller i\u00e7in o gen\u00e7leri g\u00f6zden \u00e7\u0131kard\u0131? Neden anne ve babalar\u0131n d\u00fcnyalar\u0131n\u0131 karart\u0131? Neden binlerce oca\u011f\u0131n s\u00f6nmesine seyirci kald\u0131?<\/p>\n<p style=\"text-align: justify;\">Tezg\u00e2hlad\u0131klar\u0131 bu kanl\u0131 siyasetin \u00fcst\u00fc Seyit R\u0131za&#8217;n\u0131n torununu Ba\u015fbakanl\u0131kta a\u011f\u0131rlamakla \u00f6rt\u00fclemez. Bu karanl\u0131k siyaset yabanc\u0131s\u0131 olmad\u0131\u011f\u0131m\u0131z k\u0131rba\u00e7 ve \u015fekerleme siyasetidir. Tayyip Erdo\u011fan bu aldatmacan\u0131n hep b\u00f6yle s\u00fcrece\u011fini san\u0131yorsa aldan\u0131yor. \u015eu ya\u015fl\u0131 d\u00fcnya \u015fimdi yerlerinde yeller esen nice diktat\u00f6rl\u00fckler g\u00f6rd\u00fc, ge\u00e7irdi. Ona \u015funu hi\u00e7 unutmamas\u0131n\u0131 tavsiye ediyorum: Kendisi bug\u00fcn Dersim i\u00e7in nas\u0131l \u00f6z\u00fcr diliyorsa, yar\u0131n ba\u015fkalar\u0131 da \u015fimdi yap\u0131lanlar i\u00e7in \u00f6z\u00fcr dileyecek. Ve onun tarihteki yeri Korkun\u00e7 \u0130van&#8217;la Humeyni&#8217;nin yan\u0131 olacak.<\/p>\n<p style=\"text-align: justify;\">Dostlar; d\u00fcnya d\u00f6n\u00fcyor, hayat s\u00fcr\u00fcyor. Bu karanl\u0131k g\u00fcnler elbette ge\u00e7ecek. Yar\u0131nlarda aynalara kendimizden utanarak de\u011fil g\u00fcl\u00fcmseyerek bakabilmeliyiz. G\u00fcn namuslu, cesur seslerin g\u00fcn\u00fcd\u00fcr. Bu \u00f6l\u00fcml\u00fc d\u00fcnyada \u00e7ocuklar\u0131m\u0131za ve torunlar\u0131m\u0131za b\u0131rakabilece\u011fimiz en \u015ferefli miras zaman okyanusunda cesaretle \u00e7\u0131nlayacak g\u00fcr seslerimiz olacak. Ho\u015f\u00e7akal\u0131n. Sevgilerimle.<\/p>\n<p style=\"text-align: justify;\"><a href=\"http:\/\/haber.gazetevatan.com\/siz-bu-yaziyi-okudugunuzda-ben-tutuklanmis-olacagim\/416374\/1\/Gundem\" target=\"_blank\">Kaynak : VATAN Gazetesi<\/a><\/p>\n","protected":false},"excerpt":{"rendered":"<p style=\"text-align: center;\">\n<p style=\"text-align: justify;\">Hakk\u0131nda yakalama karar\u0131 \u00e7\u0131kar\u0131lan eski DEP milletvekili Mahmut Al\u0131nak tutukland\u0131<\/p>\n<p style=\"text-align: justify;\">KCK operasyonu kapsam\u0131nda tutuklanan eski DEP milletvekili Mahmut Al\u0131nak, Bianet&#8217;te &#8220;Siz bu yaz\u0131y\u0131 okudu\u011funuzda ben tutuklanm\u0131\u015f olaca\u011f\u0131m&#8221; ba\u015fl\u0131kl\u0131 bir mektup g\u00f6nderdi&#8230; <\/p>\n","protected":false},"author":1,"featured_media":0,"comment_status":"open","ping_status":"open","sticky":false,"template":"","format":"standard","meta":{"footnotes":""},"categories":[105],"tags":[],"class_list":["post-43849","post","type-post","status-publish","format-standard","hentry","category-gundem","odd"],"_links":{"self":[{"href":"http:\/\/www.korhanyilmaz.com\/index.php?rest_route=\/wp\/v2\/posts\/43849","targetHints":{"allow":["GET"]}}],"collection":[{"href":"http:\/\/www.korhanyilmaz.com\/index.php?rest_route=\/wp\/v2\/posts"}],"about":[{"href":"http:\/\/www.korhanyilmaz.com\/index.php?rest_route=\/wp\/v2\/types\/post"}],"author":[{"embeddable":true,"href":"http:\/\/www.korhanyilmaz.com\/index.php?rest_route=\/wp\/v2\/users\/1"}],"replies":[{"embeddable":true,"href":"http:\/\/www.korhanyilmaz.com\/index.php?rest_route=%2Fwp%2Fv2%2Fcomments&post=43849"}],"version-history":[{"count":0,"href":"http:\/\/www.korhanyilmaz.com\/index.php?rest_route=\/wp\/v2\/posts\/43849\/revisions"}],"wp:attachment":[{"href":"http:\/\/www.korhanyilmaz.com\/index.php?rest_route=%2Fwp%2Fv2%2Fmedia&parent=43849"}],"wp:term":[{"taxonomy":"category","embeddable":true,"href":"http:\/\/www.korhanyilmaz.com\/index.php?rest_route=%2Fwp%2Fv2%2Fcategories&post=43849"},{"taxonomy":"post_tag","embeddable":true,"href":"http:\/\/www.korhanyilmaz.com\/index.php?rest_route=%2Fwp%2Fv2%2Ftags&post=43849"}],"curies":[{"name":"wp","href":"https:\/\/api.w.org\/{rel}","templated":true}]}}