{"id":43844,"date":"2011-12-08T13:05:56","date_gmt":"2011-12-08T11:05:56","guid":{"rendered":"http:\/\/www.korhanyilmaz.com\/?p=43844"},"modified":"2011-12-08T14:00:10","modified_gmt":"2011-12-08T12:00:10","slug":"zekeriya-ozu-korkuttuysam-ozur-dilerim","status":"publish","type":"post","link":"http:\/\/www.korhanyilmaz.com\/?p=43844","title":{"rendered":"&#8220;Zekeriya \u00d6z&#8217;\u00fc korkuttuysam \u00f6z\u00fcr dilerim&#8221;"},"content":{"rendered":"<p style=\"text-align: justify;\"><a href=\"http:\/\/www.korhanyilmaz.com\/wp-content\/uploads\/2011\/12\/7475.jpg\"  class=\"lightview\"><img loading=\"lazy\" decoding=\"async\" class=\"aligncenter size-full wp-image-43845\" title=\"\" src=\"http:\/\/www.korhanyilmaz.com\/wp-content\/uploads\/2011\/12\/7475.jpg\" alt=\"\" width=\"292\" height=\"224\" \/><\/a><\/p>\n<p style=\"text-align: justify;\">Birinci Ergenekon Davas\u0131 ile birle\u015ftirilen Savc\u0131 Zekeriye \u00d6z&#8217;\u00fcn tehdit edilmesiyle ilgili dosyada san\u0131k \u00d6zkan Kurt ilk kez savunma yapt\u0131. 19 ayd\u0131r tutuklu oldu\u011funu belirten san\u0131k \u00d6zkan Kurt, &#8220;Ben bu eylemi Ergenekon ad\u0131 alt\u0131nda y\u00fcr\u00fct\u00fclen operasyonlar\u0131n haks\u0131z oldu\u011funu d\u00fc\u015f\u00fcnd\u00fc\u011f\u00fcm i\u00e7in protesto etmek ve dikkat \u00e7ekmek amac\u0131yla yapt\u0131m. Zekeriya \u00d6z&#8217;\u00fc korkuttuysam kendisinden \u00f6z\u00fcr dilerim&#8221; dedi.\u00a0<!--more--><\/p>\n<p style=\"text-align: justify;\">San\u0131k Kurt, &#8220;Bir mektup y\u00fcz\u00fcnden mahkeme a\u00e7\u0131lmas\u0131n\u0131nda uygun olmad\u0131\u011f\u0131n\u0131 d\u00fc\u015f\u00fcn\u00fcyorum. Bir mektup Zekeriya \u00d6z&#8217;\u00fc bu kadar m\u0131 korkutmu\u015ftur. Konu\u015ftu\u011fumuz i\u00e7in yarg\u0131lan\u0131yorsak, konu\u015fmamak en iyisi. Ben de herkes gibi sussayd\u0131m adaml\u0131\u011f\u0131m\u0131 ve insanl\u0131\u011f\u0131m\u0131 kaybedecektim&#8221; diye konu\u015ftu.<\/p>\n<p style=\"text-align: justify;\">\u0130stanbul 13. A\u011f\u0131r Ceza Mahkemesi&#8217;nde g\u00f6r\u00fclen 25&#8217;\u0130 tutuklu 108 san\u0131kl\u0131 Birinci Ergenekon Davas\u0131&#8217;n\u0131n 203. duru\u015fmas\u0131n\u0131n g\u00f6r\u00fclmesine devam ediliyor. Silivri Ceza \u0130nfaz Kurumlar\u0131 Yerle\u015fkesi&#8217;nin biti\u015fi\u011finde bulunan duru\u015fma salonunda yap\u0131lan duru\u015fmaya, \u0130\u015f\u00e7i Partisi Genel Ba\u015fkan\u0131 Do\u011fu Perin\u00e7ek, emekli Tu\u011fgeneral Veli K\u00fc\u00e7\u00fck, emekli Y\u00fczba\u015f\u0131 Muzaffer Tekin ile Alparslan Arslan&#8217;\u0131nd a aralar\u0131nda bulundu\u011fu 23 tutuklu san\u0131k kat\u0131ld\u0131. 5 tutuksuz san\u0131\u011f\u0131nda haz\u0131r bulundu\u011fu duru\u015fmada, mahkeme ba\u015fkan\u0131 Hasan H\u00fcseyin \u00d6zese tutuklu san\u0131k \u00d6zkan Kurt&#8217;un savunmas\u0131n\u0131n al\u0131naca\u011f\u0131n\u0131 belirterek k\u00fcrs\u00fcye \u00e7a\u011f\u0131rd\u0131.<\/p>\n<p style=\"text-align: justify;\"><strong>&#8220;Protesto etmek ve dikkat \u00e7ekmek amac\u0131yla yapt\u0131m&#8221;\u00a0<\/strong><\/p>\n<p style=\"text-align: justify;\">\u0130stanbul Cumhuriyet Ba\u015fsavc\u0131vekili Savc\u0131 Zekeriye \u00d6z&#8217;\u00fc, Ergenekon soru\u015fturmalar\u0131n\u0131 y\u00fcr\u00fctt\u00fc\u011f\u00fc s\u0131rada tehdit i\u00e7erikli mektubu fakslad\u0131\u011f\u0131 iddia edilen ve 14. A\u011f\u0131r Ceza Mahkemesi&#8217;nde yarg\u0131lan\u0131rken dava dosyas\u0131 birinci Ergenekon Davas\u0131&#8217;yla birle\u015ftirilen san\u0131k \u00d6zkan Kurt ilk kez savunma yapt\u0131. 24 ya\u015f\u0131nda ve ortaokul mezunu oldu\u011funu s\u00f6yleyerek savunmas\u0131na ba\u015flayan Kurt, hakk\u0131nda tehdit su\u00e7undan 22,5 y\u0131la kadar hapis cezas\u0131 istemiyle dava a\u00e7\u0131ld\u0131\u011f\u0131n\u0131 s\u00f6yledi. San\u0131k Kurt, &#8220;Amac\u0131m Zekeriya \u00d6z&#8217;\u00fc tehdit etmek de\u011fildi. Ben bu eylemi Ergenekon ad\u0131 alt\u0131nda y\u00fcr\u00fct\u00fclen operasyonlar\u0131n haks\u0131z oldu\u011funu d\u00fc\u015f\u00fcnd\u00fc\u011f\u00fcm i\u00e7in protesto etmek ve dikkat \u00e7ekmek amac\u0131yla yapt\u0131m.Ba\u015fka amac\u0131m yoktu. Zekeriya \u00d6z&#8217;\u00fc korkuttuysam kendisinden \u00f6z\u00fcr dilerim&#8221; dedi.<\/p>\n<p style=\"text-align: justify;\"><strong>&#8220;San\u0131klar\u0131 tan\u0131sam bunu s\u00f6yleyecek olgunluktay\u0131m&#8221;\u00a0<\/strong><\/p>\n<p style=\"text-align: justify;\">Hayat\u0131 boyunca yasad\u0131\u015f\u0131 hi\u00e7bir \u00f6rg\u00fcte \u00fcye olmad\u0131\u011f\u0131n\u0131n alt\u0131n\u0131 \u00e7izen San\u0131k Kurt, &#8220;Hi\u00e7bir \u00f6rg\u00fct\u00fcn de sempatizan\u0131 de\u011filim&#8221; ifadelerini kulland\u0131. &#8220;Var oldu\u011fu bile kan\u0131tlanamam\u0131\u015f Ergenekon ter\u00f6r \u00f6rg\u00fct\u00fc ad\u0131na su\u00e7 i\u015fledi\u011fim iddia ediliyor. Bu su\u00e7lamay\u0131 reddediyorum. Hakk\u0131mdaki iddaya ili\u015fkin tek bir delil yoktur.Benim burada san\u0131k olarak yarg\u0131lanan m\u00fcstesna insanlarla aramda fiili ya da herhangi bir \u015fekilde irtibat\u0131m s\u00f6z konusu de\u011fildir. Ben size \u015fahs\u0131ma ait 12 tane telefon numaras\u0131 verdim. Bak\u0131n ara\u015ft\u0131r\u0131n istedim. Benim buradaki insanlarla ba\u011flant\u0131m yok. Do\u011fru bir tanedir. Ba\u015fka do\u011fru yok. Buradaki san\u0131klar\u0131 tan\u0131sam bunu da s\u00f6yleyecek olgunlukta oldu\u011fumu d\u00fc\u015f\u00fcn\u00fcyorum&#8221; dedi.<\/p>\n<p style=\"text-align: justify;\"><strong>&#8220;Ama\u00e7 Ergenekon \u00f6rg\u00fct\u00fcn\u00fcn eylemi denilebilecek bir su\u00e7un dosyaya dahil edilmesi&#8221;\u00a0<\/strong><\/p>\n<p style=\"text-align: justify;\">&#8220;24 ya\u015f\u0131nda \u00f6rg\u00fcte \u00fcye olmam ya da \u00f6rg\u00fct ad\u0131na su\u00e7 i\u015flemem m\u00fcmk\u00fcn de\u011fildir&#8221; diyen san\u0131k Kurt, &#8220;T\u00fcrk Ceza Kanunu&#8217;nda &#8216;tehdit&#8217; su\u00e7unun cezas\u0131 2 y\u0131ldan 5 y\u0131la kadard\u0131r. Yarg\u0131lama yeri ise Asliye Ceza Mahkemesi&#8217;dir. Benim buraya getirilmemdeki ama\u00e7 Ergenekon \u00f6rg\u00fct\u00fcn\u00fcn eylemi denilebilecek bir su\u00e7unda dava dosyaya dahil edilmesi ve benim daha fazla ceza almam\u0131n istenmesidir. Zekeriya \u00d6z&#8217;e mektup yollad\u0131\u011f\u0131m i\u00e7in hakk\u0131mda 10,5 y\u0131ldan 22,5 y\u0131la kadar hapis cezas\u0131 istemiyle yarg\u0131lanmam talep edildi. Art\u0131k bunun takdirini size b\u0131rak\u0131yorum&#8221; diye konu\u015ftu.<\/p>\n<p style=\"text-align: justify;\"><strong>&#8220;San\u0131klar\u0131 bas\u0131ndan tan\u0131r\u0131m&#8221;\u00a0<\/strong><\/p>\n<p style=\"text-align: justify;\">Organizat\u00f6r oldu\u011funu ve kendi ayaklar\u0131 \u00fcst\u00fcnde durabilen bir insan oldu\u011funu belirten san\u0131k Kurt, hi\u00e7kimse ile aras\u0131nda menfaat ve \u00e7\u0131kar ili\u015fkisi bulunmad\u0131\u011f\u0131n\u0131 savundu. Ergenekon Davas\u0131 kapsam\u0131nda yarg\u0131lanan san\u0131klar\u0131 g\u00f6rsel ve yaz\u0131l\u0131 bas\u0131ndan tan\u0131d\u0131\u011f\u0131n\u0131 s\u00f6yleyen san\u0131k Kurt, &#8220;Yarg\u0131lanan san\u0131klar\u0131n bu memleket i\u00e7in yapt\u0131klar\u0131 hizmetleri duydu\u011funda, kendilerine y\u00f6nelik haks\u0131zl\u0131k yap\u0131ld\u0131\u011f\u0131 d\u00fc\u015f\u00fcncesi ile soru\u015fturmay\u0131 protesto etmek i\u00e7in mektup yollamay\u0131 d\u00fc\u015f\u00fcnd\u00fcm&#8221; dedi.<\/p>\n<p style=\"text-align: justify;\"><strong>&#8220;Bir mektup zekeriya \u00d6z&#8217;\u00fc bu kadar m\u0131 korkutmu\u015ftur?&#8221;\u00a0<\/strong><\/p>\n<p style=\"text-align: justify;\">Kurt, &#8220;Bir anl\u0131k k\u0131zg\u0131nl\u0131kla bu eylemi yapt\u0131m. Ancak bu mektubun kar\u015f\u0131l\u0131\u011f\u0131 22,5 y\u0131l olmamal\u0131d\u0131r. Bu hukuksuzluktur. Bir mektup y\u00fcz\u00fcnden mahkeme a\u00e7\u0131lmas\u0131n\u0131nda uygun olmad\u0131\u011f\u0131n\u0131 d\u00fc\u015f\u00fcn\u00fcyorum. Bir mektup Zekeriya \u00d6z&#8217;\u00fc bu kadar m\u0131 korkutmu\u015ftur. Konu\u015ftu\u011fumuz i\u00e7in yarg\u0131lan\u0131yorsak, konu\u015fmamak en iyisi. Ben de herkes gibi sussayd\u0131m adaml\u0131\u011f\u0131m\u0131 ve insanl\u0131\u011f\u0131m\u0131 kaybedecektim&#8221; ifadelerini kulland\u0131.<\/p>\n<p style=\"text-align: justify;\"><strong>&#8220;Bir\u015feylere sesimizin y\u00fckselmemizin kar\u015f\u0131l\u0131\u011f\u0131 bu olmamal\u0131yd\u0131&#8221;\u00a0<\/strong><\/p>\n<p style=\"text-align: justify;\">&#8220;Ufak ve g\u00fcl\u00fcn\u00e7 bir dava nedeniyle kar\u015f\u0131n\u0131zda oldu\u011fum i\u00e7in \u00fczg\u00fcn\u00fcm&#8221; diyen san\u0131k Kurt savunmas\u0131n\u0131 \u015f\u00f6yle s\u00fcrd\u00fcrd\u00fc: &#8220;Bu mektup y\u00fcz\u00fcnden kar\u015f\u0131n\u0131zda oldu\u011fum i\u00e7in utan\u0131yorum. Ancak do\u011frular\u0131 s\u00f6yledi\u011fim i\u00e7in de gurur duyuyorum. Ben kronik rahats\u0131zl\u0131\u011f\u0131 olan biriyim. Hayatta kalabilmek i\u00e7in g\u00fcnde 22 ila\u00e7 yutuyorum ve s\u00fcrekli tedavi g\u00f6r\u00fcyorum. Bir\u015feylere sesimizi y\u00fckselmemizin kar\u015f\u0131l\u0131\u011f\u0131 bu olmamal\u0131yd\u0131. Herkes her\u015feyi s\u00f6yleyebilirse demokrasiden bahsedilebilir. Demokrasi her\u015feyi konu\u015fabilmektir&#8221; dedi.<\/p>\n<p style=\"text-align: justify;\"><strong>&#8220;Yapt\u0131\u011f\u0131m\u0131n do\u011fru oldu\u011funu d\u00fc\u015f\u00fcnd\u00fc\u011f\u00fcm i\u00e7in mektup yazd\u0131m&#8221;\u00a0<\/strong><\/p>\n<p style=\"text-align: justify;\">Bir mektup y\u00fcz\u00fcnden 19 ayd\u0131r tutuklu oldu\u011funu s\u00f6yleyen san\u0131k Kurt, &#8220;D\u00f6rt duvar aras\u0131nda neyin do\u011fru neyin yanl\u0131\u015f oldu\u011funu d\u00fc\u015f\u00fcn\u00fcyorum. Haddimi a\u015fm\u0131\u015f olabilirim. Ancak yerimin buras\u0131 oldu\u011funu d\u00fc\u015f\u00fcnm\u00fcyorum. 2 y\u0131ld\u0131r ailemi demir parmakl\u0131klar ard\u0131ndan g\u00f6rmemi gerektirecek bir \u015fey yapt\u0131\u011f\u0131m\u0131 d\u00fc\u015f\u00fcnm\u00fcyorum. Yapt\u0131\u011f\u0131m do\u011fru oldu\u011funu d\u00fc\u015f\u00fcnd\u00fc\u011f\u00fcm i\u00e7in mektup yazd\u0131m&#8221; diye konu\u015ftu. San\u0131k Kurt dava dosyas\u0131n\u0131n Asliye Ceza Mahkemesi&#8217;ne g\u00f6nderilmesini ve tahliyesine karar verilmesini istedi. Duru\u015fma san\u0131k Kurt&#8217;un savc\u0131l\u0131kta ve mahkemede verdi\u011fi ifadelerin okunmas\u0131yla devam ediyor.<\/p>\n<p style=\"text-align: justify;\"><strong>\u0130ddianame\u00a0<\/strong><\/p>\n<p style=\"text-align: justify;\">\u0130stanbul Cumhuriyet Savc\u0131s\u0131 Rasim I\u015f\u0131kalt\u0131n taraf\u0131ndan haz\u0131rlanan 2 sayfal\u0131k iddianamede, \u015f\u00fcpheli \u00d6zkan Kurt&#8217;un 31 Mart 2010 saat 14.20&#8217;de &#8220;Zekeriya \u00d6z&#8217;\u00fcn dikkatine&#8221; konulu &#8220;Oflu eni\u015fte&#8221; rumuzuyla faks yollad\u0131\u011f\u0131 kaydediliyor. \u0130ddianamede, \u00d6zkan Kurt i\u00e7in &#8220;Ter\u00f6r \u00f6rg\u00fct\u00fcne \u00fcye olmamakla birlikte a\u00e7\u0131k kimlik ve adresi tespit edilemeyen bir ter\u00f6r \u00f6rg\u00fct mensubunun y\u00f6nlendirmesi ile ter\u00f6r \u00f6rg\u00fct\u00fc ad\u0131na Ergenekon ter\u00f6r \u00f6rg\u00fct\u00fc soru\u015fturmas\u0131n\u0131 y\u00fcr\u00fcten Cumhuriyet Savc\u0131s\u0131 Zekeriya \u00d6z&#8217;\u00fc imzas\u0131z faks yaz\u0131s\u0131 ile \u00f6l\u00fcmle tehdit etti\u011fi anla\u015f\u0131lmaktad\u0131r&#8221; deniliyor. Kurt&#8217;un 22,5 y\u0131la kadar hapsi isteniyor. \u00d6zkan Kurt ilk olarak istanbul 14. A\u011f\u0131r Ceza Mahkemesi&#8217;nde yarg\u0131lanmas\u0131na ba\u015flanm\u0131\u015ft\u0131. 6 Nisan 2011&#8217;da ise 14. A\u011f\u0131r Ceza Mahkemesi aralar\u0131nda fiili ve hukuki irtibat bulundu\u011fu gerek\u00e7esi ile dosyan\u0131n Birinci Ergenekon davas\u0131 ile birle\u015ftirilmesine karar vermi\u015fti.<\/p>\n<p style=\"text-align: justify;\"><a href=\"http:\/\/www.cnnturk.com\/2011\/turkiye\/12\/08\/zekeriya.ozu.korkuttuysam.ozur.dilerim\/639697.0\/index.html\" target=\"_blank\">Kaynak : CNN T\u00dcRK<\/a><\/p>\n","protected":false},"excerpt":{"rendered":"<p style=\"text-align: justify;\">\n<p style=\"text-align: justify;\">Birinci Ergenekon Davas\u0131 ile birle\u015ftirilen Savc\u0131 Zekeriye \u00d6z&#8217;\u00fcn tehdit edilmesiyle ilgili dosyada san\u0131k \u00d6zkan Kurt ilk kez savunma yapt\u0131. 19 ayd\u0131r tutuklu oldu\u011funu belirten san\u0131k \u00d6zkan Kurt, &#8220;Ben bu eylemi Ergenekon ad\u0131 alt\u0131nda y\u00fcr\u00fct\u00fclen operasyonlar\u0131n haks\u0131z oldu\u011funu d\u00fc\u015f\u00fcnd\u00fc\u011f\u00fcm i\u00e7in protesto etmek ve dikkat \u00e7ekmek amac\u0131yla yapt\u0131m. Zekeriya \u00d6z&#8217;\u00fc korkuttuysam kendisinden <\/p>\n","protected":false},"author":1,"featured_media":0,"comment_status":"open","ping_status":"open","sticky":false,"template":"","format":"standard","meta":{"footnotes":""},"categories":[105],"tags":[],"class_list":["post-43844","post","type-post","status-publish","format-standard","hentry","category-gundem","odd"],"_links":{"self":[{"href":"http:\/\/www.korhanyilmaz.com\/index.php?rest_route=\/wp\/v2\/posts\/43844","targetHints":{"allow":["GET"]}}],"collection":[{"href":"http:\/\/www.korhanyilmaz.com\/index.php?rest_route=\/wp\/v2\/posts"}],"about":[{"href":"http:\/\/www.korhanyilmaz.com\/index.php?rest_route=\/wp\/v2\/types\/post"}],"author":[{"embeddable":true,"href":"http:\/\/www.korhanyilmaz.com\/index.php?rest_route=\/wp\/v2\/users\/1"}],"replies":[{"embeddable":true,"href":"http:\/\/www.korhanyilmaz.com\/index.php?rest_route=%2Fwp%2Fv2%2Fcomments&post=43844"}],"version-history":[{"count":0,"href":"http:\/\/www.korhanyilmaz.com\/index.php?rest_route=\/wp\/v2\/posts\/43844\/revisions"}],"wp:attachment":[{"href":"http:\/\/www.korhanyilmaz.com\/index.php?rest_route=%2Fwp%2Fv2%2Fmedia&parent=43844"}],"wp:term":[{"taxonomy":"category","embeddable":true,"href":"http:\/\/www.korhanyilmaz.com\/index.php?rest_route=%2Fwp%2Fv2%2Fcategories&post=43844"},{"taxonomy":"post_tag","embeddable":true,"href":"http:\/\/www.korhanyilmaz.com\/index.php?rest_route=%2Fwp%2Fv2%2Ftags&post=43844"}],"curies":[{"name":"wp","href":"https:\/\/api.w.org\/{rel}","templated":true}]}}