{"id":43836,"date":"2011-12-08T11:08:52","date_gmt":"2011-12-08T09:08:52","guid":{"rendered":"http:\/\/www.korhanyilmaz.com\/?p=43836"},"modified":"2011-12-08T13:40:57","modified_gmt":"2011-12-08T11:40:57","slug":"ergenekon-zanlilari-adliyede","status":"publish","type":"post","link":"http:\/\/www.korhanyilmaz.com\/?p=43836","title":{"rendered":"Ergenekon zanl\u0131lar\u0131 adliyede"},"content":{"rendered":"<p style=\"text-align: center;\"><a href=\"http:\/\/www.korhanyilmaz.com\/wp-content\/uploads\/2011\/12\/7473.jpg\"  class=\"lightview\"><img loading=\"lazy\" decoding=\"async\" class=\"aligncenter  wp-image-43837\" src=\"http:\/\/www.korhanyilmaz.com\/wp-content\/uploads\/2011\/12\/7473.jpg\" alt=\"\" width=\"396\" height=\"180\" \/><\/a><\/p>\n<p style=\"text-align: justify;\">Ergenekon soru\u015fturmas\u0131 kapsam\u0131nda g\u00f6zalt\u0131na al\u0131nan Ayd\u0131nl\u0131k gazetesi imtiyaz sahibi Mehmet Sabuncu ile birlikte 4 \u015f\u00fcpheli adliyeye getirildi.<!--more--><\/p>\n<p style=\"text-align: justify;\">\u0130STANBUL- Ergenekon soru\u015fturmas\u0131 kapsam\u0131nda ge\u00e7ti\u011fimiz Sal\u0131 g\u00fcn\u00fc g\u00f6zalt\u0131na al\u0131nan Ayd\u0131nl\u0131k gazetesi imtiyaz sahibi Mehmet Sabuncu, emekli Binba\u015f\u0131 Zafer \u015een, emekli askeri hakim Bahad\u0131r Berk ile \u00c7orlu&#8217;da \u0130\u015f\u00e7i Parti&#8217;si il\u00e7e ba\u015fkan\u0131 olan Ertu\u011frul Orta emniyetteki i\u015flemlerin ard\u0131ndan adliyeye sevk edildi.<\/p>\n<p style=\"text-align: justify;\">Sabah saatlerinde Be\u015fikta\u015f&#8217;taki \u0130stanbul Adliyesi&#8217;ne getirilen \u015f\u00fcphelilerin sa\u011fl\u0131k kontrol\u00fcn\u00fcn ard\u0131ndan savc\u0131 Cihan Kans\u0131z taraf\u0131ndan sorgulanmas\u0131 bekleniyor.<\/p>\n<p style=\"text-align: justify;\"><a href=\"http:\/\/www.gazeteport.com.tr\/haber\/67166\/ergenekon_zanlilari_adliyede\" target=\"_blank\">Kaynak : GAZETEPORT<\/a><\/p>\n","protected":false},"excerpt":{"rendered":"<p style=\"text-align: center;\">\n<p style=\"text-align: justify;\">Ergenekon soru\u015fturmas\u0131 kapsam\u0131nda g\u00f6zalt\u0131na al\u0131nan Ayd\u0131nl\u0131k gazetesi imtiyaz sahibi Mehmet Sabuncu ile birlikte 4 \u015f\u00fcpheli adliyeye getirildi.<\/p>\n","protected":false},"author":1,"featured_media":0,"comment_status":"open","ping_status":"open","sticky":false,"template":"","format":"standard","meta":{"footnotes":""},"categories":[105],"tags":[],"class_list":["post-43836","post","type-post","status-publish","format-standard","hentry","category-gundem","odd"],"_links":{"self":[{"href":"http:\/\/www.korhanyilmaz.com\/index.php?rest_route=\/wp\/v2\/posts\/43836","targetHints":{"allow":["GET"]}}],"collection":[{"href":"http:\/\/www.korhanyilmaz.com\/index.php?rest_route=\/wp\/v2\/posts"}],"about":[{"href":"http:\/\/www.korhanyilmaz.com\/index.php?rest_route=\/wp\/v2\/types\/post"}],"author":[{"embeddable":true,"href":"http:\/\/www.korhanyilmaz.com\/index.php?rest_route=\/wp\/v2\/users\/1"}],"replies":[{"embeddable":true,"href":"http:\/\/www.korhanyilmaz.com\/index.php?rest_route=%2Fwp%2Fv2%2Fcomments&post=43836"}],"version-history":[{"count":0,"href":"http:\/\/www.korhanyilmaz.com\/index.php?rest_route=\/wp\/v2\/posts\/43836\/revisions"}],"wp:attachment":[{"href":"http:\/\/www.korhanyilmaz.com\/index.php?rest_route=%2Fwp%2Fv2%2Fmedia&parent=43836"}],"wp:term":[{"taxonomy":"category","embeddable":true,"href":"http:\/\/www.korhanyilmaz.com\/index.php?rest_route=%2Fwp%2Fv2%2Fcategories&post=43836"},{"taxonomy":"post_tag","embeddable":true,"href":"http:\/\/www.korhanyilmaz.com\/index.php?rest_route=%2Fwp%2Fv2%2Ftags&post=43836"}],"curies":[{"name":"wp","href":"https:\/\/api.w.org\/{rel}","templated":true}]}}