{"id":43831,"date":"2011-12-08T13:26:30","date_gmt":"2011-12-08T11:26:30","guid":{"rendered":"http:\/\/www.korhanyilmaz.com\/?p=43831"},"modified":"2011-12-08T13:26:30","modified_gmt":"2011-12-08T11:26:30","slug":"hopa-davasi-akpnin-gercek-yuzudur","status":"publish","type":"post","link":"http:\/\/www.korhanyilmaz.com\/?p=43831","title":{"rendered":"&#8220;Hopa davas\u0131, AKP&#8217;nin ger\u00e7ek y\u00fcz\u00fcd\u00fcr&#8221;"},"content":{"rendered":"<p style=\"text-align: justify;\"><a href=\"http:\/\/www.korhanyilmaz.com\/wp-content\/uploads\/2011\/12\/7472.jpg\"  class=\"lightview\"><img loading=\"lazy\" decoding=\"async\" class=\"aligncenter size-full wp-image-43833\" title=\"\" src=\"http:\/\/www.korhanyilmaz.com\/wp-content\/uploads\/2011\/12\/7472.jpg\" alt=\"\" width=\"313\" height=\"224\" \/><\/a><\/p>\n<p style=\"text-align: justify;\">CHP Denizli Milletvekili \u0130lhan Cihaner, Hopa&#8217;da \u00e7\u0131kan olaylarla ilgili, Ankara&#8217;da d\u00fczenlenen g\u00f6sterilere dair ba\u015flat\u0131lan soru\u015fturma kapsam\u0131nda, \u00f6zel yetkili Ankara Cumhuriyet Ba\u015fsavc\u0131vekilli\u011fince a\u00e7\u0131lan davay\u0131 ele\u015ftirerek, &#8220;Ankara&#8217;daki Hopa davas\u0131, AKP&#8217;nin ger\u00e7ek y\u00fcz\u00fcd\u00fcr. Bu dava, AKP&#8217;nin demokrasi anlay\u0131\u015f\u0131n\u0131n yans\u0131mas\u0131d\u0131r&#8221; dedi.\u00a0<!--more--><\/p>\n<p style=\"text-align: justify;\">Cihaner, TBMM&#8217;de d\u00fczenledi\u011fi bas\u0131n toplant\u0131s\u0131nda, &#8220;ad\u0131 ne olursa olsun t\u00fcm davalar\u0131n k\u00f6keninde, &#8216;siyasalla\u015fm\u0131\u015f yarg\u0131 anlay\u0131\u015f\u0131&#8217; bulundu\u011funu&#8221; \u00f6ne s\u00fcrd\u00fc. Davlar\u0131n t\u00fcm\u00fcnde &#8220;hukuk d\u0131\u015f\u0131 uygulamalar&#8221; bulundu\u011funu savunan Cihaner, \u015f\u00f6yle devam etti: &#8220;Hedef, mevcut ya da potansiyel g\u00fc\u00e7leri durdurmak veya ezmek. AKP, Hopa&#8217;da, Hayati Yaz\u0131c\u0131&#8217;n\u0131n il\u00e7eye sokulmamas\u0131n\u0131n intikam\u0131n\u0131 alma duygusuyla hareket etti. Miting g\u00fcn\u00fc, intikamc\u0131 duygularla orada polis y\u0131\u011f\u0131na\u011f\u0131 yap\u0131ld\u0131 ve polis de ac\u0131mas\u0131z davrand\u0131. T\u0131pk\u0131 Ankara&#8217;daki g\u00f6steride oldu\u011fu gibi. Ba\u015fbakan, Libya ve Suriye&#8217;deki isyanc\u0131lara g\u00f6sterdi\u011fi \u015fefkati kendi vatanda\u015f\u0131ndan esirgedi.<\/p>\n<p style=\"text-align: justify;\">Ankara&#8217;da g\u00f6steri yapanlar temel insan haklar\u0131n\u0131 kulland\u0131lar. Art\u0131k me\u015fru eylemlere kat\u0131lanlar tutuklan\u0131yor. Ankara&#8217;daki Hopa davas\u0131 ile, &#8216;muhalefet ediyorsan, silahl\u0131 bir ter\u00f6r \u00f6rg\u00fct\u00fcne \u00fcye olmaktan tutuklanabilirsin&#8217; mesaj\u0131 veriliyor. \u0130ktidar\u0131n kendisine y\u00f6nelik hi\u00e7bir tepkiye sabr\u0131 kalmam\u0131\u015f. Stat a\u00e7\u0131l\u0131\u015flar\u0131nda \u00e7al\u0131nan \u0131sl\u0131klar bile ter\u00f6r eylemi olarak kabul ediliyor. Davalarda delil olarak g\u00f6sterilenler, nas\u0131l bir hukuk katliam\u0131 i\u00e7inde bulundu\u011fumuzun g\u00f6stergesidir. 12 Eyl\u00fcl halen devam ediyor. Ankara&#8217;daki Hopa davas\u0131 AKP&#8217;nin ger\u00e7ek y\u00fcz\u00fcd\u00fcr. Bu dava, AKP&#8217;nin demokrasi anlay\u0131\u015f\u0131n\u0131n yans\u0131mas\u0131d\u0131r. Ter\u00f6ristin kim oldu\u011funu yaratt\u0131\u011f\u0131 korku ikliminden te\u015fhis edebiliriz.&#8221;<\/p>\n<p style=\"text-align: justify;\">Cihaner, yar\u0131n g\u00f6r\u00fclecek davay\u0131, CHP Grup Ba\u015fkanvekili Emine \u00dclker Tarhan ile takip edeceklerini bildirerek, &#8220;demokratik haklara sahip \u00e7\u0131kmayan isteyen t\u00fcm vatanda\u015flar\u0131&#8221; davay\u0131 izlemeye davet etti.<\/p>\n<p style=\"text-align: justify;\"><a href=\"http:\/\/www.cnnturk.com\/2011\/turkiye\/12\/08\/hopa.davasi.akpnin.gercek.yuzudur\/639701.0\/index.html\" target=\"_blank\">Kaynak : CNN T\u00dcRK<\/a><\/p>\n","protected":false},"excerpt":{"rendered":"<p style=\"text-align: justify;\">\n<p style=\"text-align: justify;\">CHP Denizli Milletvekili \u0130lhan Cihaner, Hopa&#8217;da \u00e7\u0131kan olaylarla ilgili, Ankara&#8217;da d\u00fczenlenen g\u00f6sterilere dair ba\u015flat\u0131lan soru\u015fturma kapsam\u0131nda, \u00f6zel yetkili Ankara Cumhuriyet Ba\u015fsavc\u0131vekilli\u011fince a\u00e7\u0131lan davay\u0131 ele\u015ftirerek, &#8220;Ankara&#8217;daki Hopa davas\u0131, AKP&#8217;nin ger\u00e7ek y\u00fcz\u00fcd\u00fcr. Bu dava, AKP&#8217;nin demokrasi anlay\u0131\u015f\u0131n\u0131n yans\u0131mas\u0131d\u0131r&#8221; dedi. <\/p>\n","protected":false},"author":1,"featured_media":0,"comment_status":"open","ping_status":"open","sticky":false,"template":"","format":"standard","meta":{"footnotes":""},"categories":[105],"tags":[],"class_list":["post-43831","post","type-post","status-publish","format-standard","hentry","category-gundem","odd"],"_links":{"self":[{"href":"http:\/\/www.korhanyilmaz.com\/index.php?rest_route=\/wp\/v2\/posts\/43831","targetHints":{"allow":["GET"]}}],"collection":[{"href":"http:\/\/www.korhanyilmaz.com\/index.php?rest_route=\/wp\/v2\/posts"}],"about":[{"href":"http:\/\/www.korhanyilmaz.com\/index.php?rest_route=\/wp\/v2\/types\/post"}],"author":[{"embeddable":true,"href":"http:\/\/www.korhanyilmaz.com\/index.php?rest_route=\/wp\/v2\/users\/1"}],"replies":[{"embeddable":true,"href":"http:\/\/www.korhanyilmaz.com\/index.php?rest_route=%2Fwp%2Fv2%2Fcomments&post=43831"}],"version-history":[{"count":0,"href":"http:\/\/www.korhanyilmaz.com\/index.php?rest_route=\/wp\/v2\/posts\/43831\/revisions"}],"wp:attachment":[{"href":"http:\/\/www.korhanyilmaz.com\/index.php?rest_route=%2Fwp%2Fv2%2Fmedia&parent=43831"}],"wp:term":[{"taxonomy":"category","embeddable":true,"href":"http:\/\/www.korhanyilmaz.com\/index.php?rest_route=%2Fwp%2Fv2%2Fcategories&post=43831"},{"taxonomy":"post_tag","embeddable":true,"href":"http:\/\/www.korhanyilmaz.com\/index.php?rest_route=%2Fwp%2Fv2%2Ftags&post=43831"}],"curies":[{"name":"wp","href":"https:\/\/api.w.org\/{rel}","templated":true}]}}