{"id":43823,"date":"2011-12-07T12:45:37","date_gmt":"2011-12-07T10:45:37","guid":{"rendered":"http:\/\/www.korhanyilmaz.com\/?p=43823"},"modified":"2011-12-08T01:06:12","modified_gmt":"2011-12-07T23:06:12","slug":"imrali-kandil-aracisi-kamu-gorevlileri-hakkinda-suc-duyurusu","status":"publish","type":"post","link":"http:\/\/www.korhanyilmaz.com\/?p=43823","title":{"rendered":"\u0130mral\u0131-Kandil arac\u0131s\u0131 kamu g\u00f6revlileri hakk\u0131nda su\u00e7 duyurusu"},"content":{"rendered":"<p style=\"text-align: center;\"><a href=\"http:\/\/www.korhanyilmaz.com\/wp-content\/uploads\/2011\/12\/7470.jpg\"  class=\"lightview\"><img loading=\"lazy\" decoding=\"async\" class=\"aligncenter  wp-image-43824\" src=\"http:\/\/www.korhanyilmaz.com\/wp-content\/uploads\/2011\/12\/7470.jpg\" alt=\"\" width=\"320\" height=\"222\" \/><\/a><\/p>\n<p style=\"text-align: justify;\">MHP Ankara Milletvekili \u00d6zcan Yeni\u00e7eri, &#8220;\u0130mral\u0131-Kandil aras\u0131nda kuryelik yapan avukatlara yap\u0131lan operasyonlar, ayn\u0131 i\u015fi yapan kamu g\u00f6revlilerine ni\u00e7in yap\u0131lmamaktad\u0131r?&#8221; diye sorarak bunlar hakk\u0131nda da yasal i\u015flem yap\u0131lmas\u0131 i\u00e7in su\u00e7 duyurusunda bulundu.<!--more--><\/p>\n<p style=\"text-align: justify;\">ANKARA &#8211; MHP\u2019li Yeni\u00e7eri Meclis\u2019te d\u00fczenledi\u011fi bas\u0131n toplant\u0131s\u0131nda son yap\u0131lan KCK operasyonlar\u0131n\u0131 de\u011ferlendirdi. KCK\u2019ya y\u00f6nelik operasyonlar sonras\u0131 \u201c\u0130mral\u0131 ile Kandil ba\u011flant\u0131s\u0131n\u0131n kesildi\u011fi ve \u00d6calan\u2019\u0131n katliam emirlerini ileten avukatlar\u0131n tutukland\u0131\u011f\u0131\u201d, Ba\u015fbakan Yard\u0131mc\u0131s\u0131 B\u00fclent Ar\u0131n\u00e7\u2019\u0131n \u201cPKK\u2019n\u0131n kafas\u0131 ile g\u00f6vdesi aras\u0131 kopart\u0131l\u0131yor\u201d y\u00f6n\u00fcndeki a\u00e7\u0131klamalar\u0131 hat\u0131rlatan Yeni\u00e7eri, \u201cPKK\u2019n\u0131n kafas\u0131 ile g\u00f6vdesi aras\u0131n\u0131n kopart\u0131lmas\u0131 i\u00e7in neden bu kadar zaman\u0131n ge\u00e7mesi beklendi? H\u00fck\u00fcmet ve yetkililer zaman\u0131nda neden g\u00f6revlerini yapmad\u0131?\u201d diye sordu.<\/p>\n<p style=\"text-align: justify;\">AKP iktidar\u0131n\u0131n \u201cDemokratik a\u00e7\u0131l\u0131m yap\u0131yor ve PKK\u2019ya silah b\u0131rakt\u0131r\u0131yoruz\u201d y\u00f6n\u00fcnde s\u00f6ylemlerle \u0130mral\u0131 ve Kandil\u2019in ileti\u015fimine ve eylemlerine \u00f6zg\u00fcrl\u00fck alan\u0131 a\u00e7t\u0131\u011f\u0131n\u0131 bildiklerini kaydeden Yeni\u00e7eri \u015funlar\u0131 s\u00f6yledi:<\/p>\n<p style=\"text-align: justify;\">\u201cDTK ve KCK\u2019n\u0131n \u00f6rg\u00fctlenmesine de iktidar\u0131n g\u00f6z yumdu\u011fu herkesin bildi\u011fi bir ger\u00e7ektir. Onlar i\u00e7in \u00f6zg\u00fcrl\u00fck alanlar\u0131 a\u00e7\u0131ld\u0131\u011f\u0131n\u0131 bizzat devlet yetkilileri s\u00f6yl\u00fcyor. Devlete ve millete kar\u015f\u0131 i\u015flenen su\u00e7lara bizzat yetkililer seyirci kalm\u0131\u015f, ve bir anlamda da yard\u0131mc\u0131 olmu\u015ftur. \u0130\u015fler kontrolden \u00e7\u0131k\u0131p, var\u0131lan mutabakat bozulunca da iktidar operasyon ba\u015flatm\u0131\u015ft\u0131r. Devletin g\u00f6zetim ve denetimi alt\u0131ndaki \u0130mral\u0131\u2019dan KCK avukatlar\u0131 d\u0131\u015far\u0131ya eylem talimatlar\u0131 ta\u015f\u0131m\u0131\u015f ve bunun sonucunda yap\u0131lan eylemlerde 132 vatanda\u015f hayat\u0131n\u0131 kaybetmi\u015ftir.\u201d<\/p>\n<p style=\"text-align: justify;\"><strong>KAMU G\u00d6REVL\u0130LER\u0130 HAKKINDA SU\u00c7 DUYURUSU<\/strong><\/p>\n<p style=\"text-align: justify;\">Yeni\u00e7eri; derin devlet yap\u0131lanmas\u0131n\u0131n PKK ile olan ili\u015fkilerini sorgulayanlara \u015fu sorular\u0131 y\u00f6neltti:<\/p>\n<p style=\"text-align: justify;\">\u201cBug\u00fcn devlet yetkisini kullananlar, PKK \u00f6rg\u00fct\u00fcne \u2018\u00f6zg\u00fcrl\u00fck alan\u0131\u2019 a\u00e7an ili\u015fkileri ve itiraflar\u0131 neden g\u00f6rmezlikten geliyor? Kamu g\u00f6revlilerine kanunun su\u00e7 sayd\u0131\u011f\u0131 emri verenler hakk\u0131nda gerekli i\u015flemler neden yap\u0131lmaz? \u00d6calan\u2019a kuryelik yapanlar ve ter\u00f6ristlerin birbiriyle ileti\u015fimini sa\u011flayanlar neden sorgulanmaz? \u0130mral\u0131 Kandil aras\u0131nda kuryelik yapan avukatlara yap\u0131lan operasyonlar, ayn\u0131 i\u015fi yapan kamu g\u00f6revlilerine ni\u00e7in yap\u0131lmamaktad\u0131r?\u201d<\/p>\n<p style=\"text-align: justify;\">\u0130mral\u0131\u2019dan ta\u015f\u0131nan talimatlarla 132 g\u00fcvenlik mensubunun \u015fehit olmas\u0131nda sald\u0131r\u0131 talimat\u0131 verenler kadar bunlar\u0131n onlara ula\u015fmas\u0131na g\u00f6z yumanlar\u0131n da sorumlu oldu\u011funu savunan Yeni\u00e7eri, \u201cKanunen su\u00e7 say\u0131lan fiilin kamu g\u00f6revlileri taraf\u0131ndan i\u015flenmesi onun su\u00e7 olmaktan \u00e7\u0131karmaz. Kanunlar\u0131n su\u00e7 sayd\u0131\u011f\u0131 fiilleri i\u015fleyenler, onlara bu su\u00e7u i\u015flemek i\u00e7in emir verenler hakk\u0131nda gerekli i\u015flemin yap\u0131lmas\u0131 hukuk devletinin gere\u011fidir. KCK-DTK yap\u0131lanmas\u0131na g\u00f6z yumanlar\u0131n, \u0130mral\u0131\u2019dan ter\u00f6r \u00f6rg\u00fct\u00fcne talimatlar\u0131n ula\u015ft\u0131r\u0131lmas\u0131n\u0131 sa\u011flayan avukat ya da kamu g\u00f6revlilerinin ter\u00f6r \u00f6rg\u00fct\u00fcne &#8216;\u00f6zg\u00fcrl\u00fck alan\u0131&#8217; a\u00e7t\u0131\u011f\u0131n\u0131 itiraf edenler hakk\u0131nda su\u00e7 duyurusunda bulunuyoruz. Ba\u011f\u0131ms\u0131z ve tarafs\u0131z yarg\u0131y\u0131 geer\u011fini yapmas\u0131 i\u00e7in harekete ge\u00e7meye \u00e7a\u011f\u0131r\u0131yoruz ve tarihe not d\u00fc\u015f\u00fcyoruz\u201d dedi.<\/p>\n<p style=\"text-align: justify;\"><strong>\u201cREFERANDUM \u0130\u015e\u0130 SULANDIRMAK DEMEK\u201d<\/strong><\/p>\n<p style=\"text-align: justify;\">Yeni\u00e7eri, Cumhurba\u015fkan\u0131 Abdullah G\u00fcl\u2019\u00fcn tekrar g\u00f6r\u00fc\u015f\u00fclmesi i\u00e7in Meclis\u2019e g\u00f6nderdi\u011fi \u015fike cezalar\u0131nda indirimi \u00f6ng\u00f6ren yasayla ilgili sorular\u0131 da yan\u0131tlad\u0131. Meclis\u2019e g\u00f6nderilen yasada bir virg\u00fcl dahi de\u011fi\u015fse Cumhurba\u015fkan\u0131na ikinci bir veto hakk\u0131 tan\u0131nm\u0131\u015f olaca\u011f\u0131na dikkat \u00e7eken Yeni\u00e7eri, Cumhurba\u015fkan\u0131n gerek\u00e7elerini do\u011fru bulmad\u0131klar\u0131 i\u00e7in imzalar\u0131n\u0131n arkas\u0131nda durarak aynen g\u00f6ndereceklerini s\u00f6yledi. Yeni\u00e7eri, \u201cVerilen cezalar az de\u011fildir, \u015fahsa \u00f6zg\u00fc de\u011fildir. \u00c7\u0131km\u0131\u015f yasadan kimse d\u0131\u015far\u0131 \u00e7\u0131kmayacakt\u0131r. Yeni yasa da \u00e7ok a\u011f\u0131r h\u00fck\u00fcmler i\u00e7ermektedir. Cumhurba\u015fkan\u0131n\u0131n milleti ayr\u0131\u015ft\u0131ran \u00f6tekile\u015ftiren farkl\u0131la\u015ft\u0131ran yasalara da ayn\u0131 hassasiyeti g\u00f6stermesini bekliyoruz. 301 konusunda tavr\u0131n\u0131 hat\u0131rlatmak isteriz\u201d dedi.<\/p>\n<p style=\"text-align: justify;\">Yeni\u00e7eri, AKP Gaziantep Milletvekili \u015eamil Tayyar\u2019\u0131n referandum \u00f6nerisini de, \u201cBu t\u00fcr tart\u0131\u015fmalar olabilir. Bu konularda referandumdan bahsetmek konuyu suland\u0131rmak anlam\u0131na geliyor. Sonu\u00e7 itibariyle kendisinin de mensup oldu\u011fu siyasi parti bu yasan\u0131n haz\u0131rlanmas\u0131nda, Meclis\u2019ten ge\u00e7mesinde en b\u00fcy\u00fck rol\u00fc oynam\u0131\u015ft\u0131r. Kendi i\u00e7lerinde bunu \u00e7\u00f6z\u00fcmlemeleri gerekirken bunu yapmas\u0131 bence do\u011fru bir yakla\u015f\u0131m de\u011fil\u201d s\u00f6zleriyle de\u011ferlendirdi.<\/p>\n<p style=\"text-align: justify;\">Tutukluluk s\u00fcresinin uzunlu\u011fundan \u015fikayet eden Cumhurba\u015fkan\u0131 G\u00fcl\u2019\u00fcn bu konudaki s\u00f6zlerini hat\u0131rlatan Yeni\u00e7eri, \u201cO yasan\u0131n mevcut halde devam etmesi yasan\u0131n geni\u015f olarak yorumlanmas\u0131 sonucunu do\u011fruyordu, orada baz\u0131 s\u0131n\u0131rlamalar gerekti. Son de\u011fi\u015fiklikteki 1-3 y\u0131l cezalar da az cezalar de\u011fil. Kamuoyunda itibar\u0131 olan, bir yere gelmi\u015f insan\u0131n 3 sene hapiste tutulmas\u0131 cezan\u0131n cayd\u0131r\u0131c\u0131l\u0131\u011f\u0131n\u0131 ortadan kald\u0131rmaz. \u0130tibar\u0131n d\u00fc\u015fmesi bile baz\u0131 insanlar i\u00e7in \u00e7ok \u00f6nemli bir \u015feydir. Konunun \u00e7er\u00e7evesi biraz daha net \u00e7izildi\u201d diyerek de\u011fi\u015fikli\u011fi savundu.<\/p>\n<p style=\"text-align: justify;\"><strong>AKP \u0130\u00c7\u0130NDE HESAPLA\u015eMA \u0130DD\u0130ASI<\/strong><\/p>\n<p style=\"text-align: justify;\">Tutuklulu\u011fu cezaya d\u00f6n\u00fc\u015ft\u00fcrmenin yarg\u0131s\u0131z infaz anlam\u0131na geldi\u011fini kaydeden Yeni\u00e7eri, benzer sorunlar\u0131n ya\u015fand\u0131\u011f\u0131 Ergenekon, Balyoz ve KCK tutuklular\u0131yla ilgili de d\u00fczenlemeler gerekti\u011fini s\u00f6yledi. Yeni\u00e7eri, \u201cK\u00f6\u015fk\u2019le bir hesapla\u015fma m\u0131?\u201d y\u00f6n\u00fcndeki yorumlar\u0131 da \u201cDo\u011fru bir tespit\u201d olarak nitelendirerek, \u201cAKP i\u00e7inde i\u00e7 hesapla\u015fma. Ba\u015fbakan Erdo\u011fan rahats\u0131z. Ba\u015fbakan Erdo\u011fan sonras\u0131na dair bir i\u00e7 hesapla\u015fma var. O da \u015fike \u00fczerinden y\u00fcr\u00fct\u00fcl\u00fcyor. \u015eu an \u015fike ama sonra ba\u015fka konular da \u00e7\u0131kacak. \u015eu sonucu \u00e7\u0131kart\u0131labilir. Ba\u015fbakan ayr\u0131laca\u011f\u0131n\u0131 son d\u00f6nemi oldu\u011funu s\u00f6yledi. Sonras\u0131n\u0131n f\u0131rt\u0131nal\u0131 ge\u00e7ece\u011fini g\u00f6steriyor\u201d dedi.<\/p>\n<p style=\"text-align: justify;\"><a href=\"http:\/\/www.radikal.com.tr\/Radikal.aspx?aType=RadikalDetayV3&amp;ArticleID=1071796&amp;CategoryID=78\" target=\"_blank\">Kaynak : Radikal.com.tr<\/a><\/p>\n","protected":false},"excerpt":{"rendered":"<p style=\"text-align: center;\">\n<p style=\"text-align: justify;\">MHP Ankara Milletvekili \u00d6zcan Yeni\u00e7eri, &#8220;\u0130mral\u0131-Kandil aras\u0131nda kuryelik yapan avukatlara yap\u0131lan operasyonlar, ayn\u0131 i\u015fi yapan kamu g\u00f6revlilerine ni\u00e7in yap\u0131lmamaktad\u0131r?&#8221; diye sorarak bunlar hakk\u0131nda da yasal i\u015flem yap\u0131lmas\u0131 i\u00e7in su\u00e7 duyurusunda bulundu.<\/p>\n","protected":false},"author":1,"featured_media":0,"comment_status":"open","ping_status":"open","sticky":false,"template":"","format":"standard","meta":{"footnotes":""},"categories":[105],"tags":[],"class_list":["post-43823","post","type-post","status-publish","format-standard","hentry","category-gundem","odd"],"_links":{"self":[{"href":"http:\/\/www.korhanyilmaz.com\/index.php?rest_route=\/wp\/v2\/posts\/43823","targetHints":{"allow":["GET"]}}],"collection":[{"href":"http:\/\/www.korhanyilmaz.com\/index.php?rest_route=\/wp\/v2\/posts"}],"about":[{"href":"http:\/\/www.korhanyilmaz.com\/index.php?rest_route=\/wp\/v2\/types\/post"}],"author":[{"embeddable":true,"href":"http:\/\/www.korhanyilmaz.com\/index.php?rest_route=\/wp\/v2\/users\/1"}],"replies":[{"embeddable":true,"href":"http:\/\/www.korhanyilmaz.com\/index.php?rest_route=%2Fwp%2Fv2%2Fcomments&post=43823"}],"version-history":[{"count":0,"href":"http:\/\/www.korhanyilmaz.com\/index.php?rest_route=\/wp\/v2\/posts\/43823\/revisions"}],"wp:attachment":[{"href":"http:\/\/www.korhanyilmaz.com\/index.php?rest_route=%2Fwp%2Fv2%2Fmedia&parent=43823"}],"wp:term":[{"taxonomy":"category","embeddable":true,"href":"http:\/\/www.korhanyilmaz.com\/index.php?rest_route=%2Fwp%2Fv2%2Fcategories&post=43823"},{"taxonomy":"post_tag","embeddable":true,"href":"http:\/\/www.korhanyilmaz.com\/index.php?rest_route=%2Fwp%2Fv2%2Ftags&post=43823"}],"curies":[{"name":"wp","href":"https:\/\/api.w.org\/{rel}","templated":true}]}}