{"id":43816,"date":"2011-12-07T07:43:12","date_gmt":"2011-12-07T05:43:12","guid":{"rendered":"http:\/\/www.korhanyilmaz.com\/?p=43816"},"modified":"2011-12-07T18:47:25","modified_gmt":"2011-12-07T16:47:25","slug":"iklim-bayraktar-yine-sahnede","status":"publish","type":"post","link":"http:\/\/www.korhanyilmaz.com\/?p=43816","title":{"rendered":"\u0130klim Bayraktar yine sahnede"},"content":{"rendered":"<p style=\"text-align: center;\"><a href=\"http:\/\/www.korhanyilmaz.com\/wp-content\/uploads\/2011\/12\/7467.jpg\"  class=\"lightview\"><img loading=\"lazy\" decoding=\"async\" class=\"aligncenter  wp-image-43817\" src=\"http:\/\/www.korhanyilmaz.com\/wp-content\/uploads\/2011\/12\/7467.jpg\" alt=\"\" width=\"462\" height=\"210\" \/><\/a><\/p>\n<p style=\"text-align: justify;\">Deniz Baykal\u2019a taciz su\u00e7lamas\u0131 yap\u0131p, ortal\u0131\u011f\u0131 kar\u0131\u015ft\u0131ran Oda TV san\u0131\u011f\u0131 \u0130klim Bayraktar, Ankara\u2019daki bir \u00f6d\u00fcl gecesinde ortaya \u00e7\u0131kt\u0131. Bayraktar geceye kat\u0131lan 10. Cumhurba\u015fkan\u0131 Sezer ile tan\u0131\u015fmak istedi ancak kendisini tan\u0131yan korumalar\u0131 a\u015famad\u0131.<!--more--><\/p>\n<p style=\"text-align: justify;\">ANKARA- CHP eski lideri Deniz Baykal\u2019\u0131n kendisini taciz etti\u011fini \u00f6ne s\u00fcrerek ortal\u0131\u011f\u0131 kar\u0131\u015ft\u0131ran Oda TV davas\u0131 san\u0131\u011f\u0131 \u0130klim Bayraktar, uzun bir aradan sonra, Sevda-Cenap And M\u00fczik Vakf\u0131\u2019n\u0131n \u00f6d\u00fcl gecesinde ortaya \u00e7\u0131kt\u0131.<\/p>\n<p style=\"text-align: justify;\">Bayraktar, geceye kat\u0131lan 10. Cumhurba\u015fkan\u0131 Ahmet Necdet Sezer ile tan\u0131\u015fmak istedi ve yan\u0131na do\u011fru y\u00f6neldi. Ancak kendisini tan\u0131yan korumalar, Bayraktar\u2019\u0131, Sezer\u2019in yan\u0131na yakla\u015ft\u0131rmad\u0131. Korumalar etrafta set olu\u015ftururken, Bayraktar da u\u011fra\u015fmas\u0131na ra\u011fmen Sezer\u2019in yan\u0131na gidemedi.<\/p>\n<p style=\"text-align: justify;\"><strong>KIZDI \u2018\u2019\u00c7EKMEY\u0130N\u2019\u2019 DED\u0130<\/strong><\/p>\n<p style=\"text-align: justify;\">Ankara\u2019da MEB \u015eura Salonu\u2019ndaki \u00f6d\u00fcl t\u00f6renine ilk davetli olarak gelen \u0130klim Bayraktar bo\u015f salonda yar\u0131m saat oturarak t\u00f6renin ba\u015flamas\u0131n\u0131 bekledi. Bu s\u0131rada foto\u011fraf\u0131n\u0131 \u00e7eken Gazeteport muhabirine sinirlenerek \u2018\u2019\u00c7ekmeyin\u2019\u2019 diye ba\u011f\u0131rd\u0131.<\/p>\n<p style=\"text-align: justify;\">M\u00fczik Vakf\u0131 Y\u00f6netim Kurulu bu y\u0131lki \u00f6d\u00fcl\u00fc \u015fef G\u00fcrer Aykal\u2019a verdi. Bayraktar ge\u00e7en y\u0131l da Ankara M\u00fczik Festivaline kat\u0131lm\u0131\u015f ve konser veren orkestra \u015fefi G\u00fcrer Aykal, \u201cBizim Ergenekoncu\u201d diyerek Bayraktar\u2019\u0131 aln\u0131ndan \u00f6pm\u00fc\u015ft\u00fc. Bayraktar, bu kez \u00f6d\u00fcl t\u00f6renini e\u015fi ile birlikte izlemekle yetindi.<\/p>\n\n\t\t\t\t\t\t\t<style type='text\/css'>\n\t\t\t\t\t\t\t\t#gallery-1 {\n\t\t\t\t\t\t\t\t\tmargin: auto;\n\t\t\t\t\t\t\t\t}\n\t\t\t\t\t\t\t\t#gallery-1 .gallery-item {\n\t\t\t\t\t\t\t\t\tfloat: left;\n\t\t\t\t\t\t\t\t\tmargin-top: 10px;\n\t\t\t\t\t\t\t\t\ttext-align: center;\n\t\t\t\t\t\t\t\t\twidth: 33%;\t\t\t}\n\t\t\t\t\t\t\t\t#gallery-1 img {\n\t\t\t\t\t\t\t\t\tborder: 2px solid #cfcfcf;\n\t\t\t\t\t\t\t\t}\n\t\t\t\t\t\t\t\t#gallery-1 .gallery-caption {\n\t\t\t\t\t\t\t\t\tmargin-left: 0;\n\t\t\t\t\t\t\t\t}\n\t\t\t\t\t\t\t<\/style>\n\t\t\t\t\t\t\t<!-- z-Lightview gallery shortcode, see http:\/\/www.zaikos.com\/wp-plugins\/z-lightview\/ -->\n\t\t\t\t\t\t\t<div id='gallery-1' class='gallery galleryid-43816'><dl class='gallery-item'>\n\t\t\t\t\t<dt class='gallery-icon'>\n\t\t\t\t\t\t<a href='http:\/\/www.korhanyilmaz.com\/wp-content\/uploads\/2011\/12\/7467.jpg'>7467<\/a>\n\t\t\t\t\t<\/dt><\/dl><dl class='gallery-item'>\n\t\t\t\t\t<dt class='gallery-icon'>\n\t\t\t\t\t\t<a href='http:\/\/www.korhanyilmaz.com\/wp-content\/uploads\/2011\/12\/7468.jpg'>7468<\/a>\n\t\t\t\t\t<\/dt><\/dl><dl class='gallery-item'>\n\t\t\t\t\t<dt class='gallery-icon'>\n\t\t\t\t\t\t<a href='http:\/\/www.korhanyilmaz.com\/wp-content\/uploads\/2011\/12\/7469.jpg'>7469<\/a>\n\t\t\t\t\t<\/dt><\/dl><br style=\"clear: both\" \/>\n\t\t\t\t\t<br style='clear: both;' \/>\n\t\t\t\t<\/div>\n\n<p style=\"text-align: justify;\"><a href=\"http:\/\/www.gazeteport.com.tr\/haber\/66841\/iklim_bayraktar_yine_sahnede\" target=\"_blank\">Kaynak : GAZETEPORT<\/a><\/p>\n","protected":false},"excerpt":{"rendered":"<p style=\"text-align: center;\">\n<p style=\"text-align: justify;\">Deniz Baykal\u2019a taciz su\u00e7lamas\u0131 yap\u0131p, ortal\u0131\u011f\u0131 kar\u0131\u015ft\u0131ran Oda TV san\u0131\u011f\u0131 \u0130klim Bayraktar, Ankara\u2019daki bir \u00f6d\u00fcl gecesinde ortaya \u00e7\u0131kt\u0131. Bayraktar geceye kat\u0131lan 10. Cumhurba\u015fkan\u0131 Sezer ile tan\u0131\u015fmak istedi ancak kendisini tan\u0131yan korumalar\u0131 a\u015famad\u0131.<\/p>\n","protected":false},"author":1,"featured_media":0,"comment_status":"open","ping_status":"open","sticky":false,"template":"","format":"standard","meta":{"footnotes":""},"categories":[105],"tags":[],"class_list":["post-43816","post","type-post","status-publish","format-standard","hentry","category-gundem","odd"],"_links":{"self":[{"href":"http:\/\/www.korhanyilmaz.com\/index.php?rest_route=\/wp\/v2\/posts\/43816","targetHints":{"allow":["GET"]}}],"collection":[{"href":"http:\/\/www.korhanyilmaz.com\/index.php?rest_route=\/wp\/v2\/posts"}],"about":[{"href":"http:\/\/www.korhanyilmaz.com\/index.php?rest_route=\/wp\/v2\/types\/post"}],"author":[{"embeddable":true,"href":"http:\/\/www.korhanyilmaz.com\/index.php?rest_route=\/wp\/v2\/users\/1"}],"replies":[{"embeddable":true,"href":"http:\/\/www.korhanyilmaz.com\/index.php?rest_route=%2Fwp%2Fv2%2Fcomments&post=43816"}],"version-history":[{"count":0,"href":"http:\/\/www.korhanyilmaz.com\/index.php?rest_route=\/wp\/v2\/posts\/43816\/revisions"}],"wp:attachment":[{"href":"http:\/\/www.korhanyilmaz.com\/index.php?rest_route=%2Fwp%2Fv2%2Fmedia&parent=43816"}],"wp:term":[{"taxonomy":"category","embeddable":true,"href":"http:\/\/www.korhanyilmaz.com\/index.php?rest_route=%2Fwp%2Fv2%2Fcategories&post=43816"},{"taxonomy":"post_tag","embeddable":true,"href":"http:\/\/www.korhanyilmaz.com\/index.php?rest_route=%2Fwp%2Fv2%2Ftags&post=43816"}],"curies":[{"name":"wp","href":"https:\/\/api.w.org\/{rel}","templated":true}]}}