{"id":43809,"date":"2011-12-07T11:30:08","date_gmt":"2011-12-07T09:30:08","guid":{"rendered":"http:\/\/www.korhanyilmaz.com\/?p=43809"},"modified":"2011-12-07T18:06:37","modified_gmt":"2011-12-07T16:06:37","slug":"cayir-cayir-yanmadilar","status":"publish","type":"post","link":"http:\/\/www.korhanyilmaz.com\/?p=43809","title":{"rendered":"&#8216;Cay\u0131r cay\u0131r yanmad\u0131lar!&#8217;"},"content":{"rendered":"<p style=\"text-align: center;\"><a href=\"http:\/\/www.korhanyilmaz.com\/wp-content\/uploads\/2011\/12\/7466.jpg\"  class=\"lightview\"><img loading=\"lazy\" decoding=\"async\" class=\" wp-image-43813 aligncenter\" src=\"http:\/\/www.korhanyilmaz.com\/wp-content\/uploads\/2011\/12\/7466.jpg\" alt=\"\" width=\"420\" height=\"210\" \/><\/a><\/p>\n<p style=\"text-align: justify;\">Mad\u0131mak katliam\u0131 s\u0131ras\u0131nda d\u00f6nemin Belediye Ba\u015fkan\u0131 olan Temel Karamollao\u011flu ya\u015fanan katliamla ilgili &#8216;vicdan\u0131m rahat&#8217; dedi.<\/p>\n<p style=\"text-align: justify;\">Sivas katliam\u0131 s\u0131ras\u0131nda Refah Partisi&#8217;nden belediye ba\u015fkan\u0131 olan Temel Karamollao\u011flu, 5N1K&#8217;da C\u00fcneyt \u00d6zdemir&#8217;e konu\u015ftu. \u00d6zdemir&#8217;in &#8220;35 insan\u0131 yakt\u0131lar canl\u0131 canl\u0131&#8221; s\u00f6z\u00fcne itiraz eden Karamollao\u011flu, \u00f6len insanlar\u0131n dumandan hayat\u0131n\u0131 kaybetit\u011fini s\u00f6yledi. Karamollao\u011flu, \u00d6zdemir&#8217;in &#8220;vicdan\u0131n\u0131z rahat m\u0131?&#8221; sorusuna &#8220;vicdan\u0131m rahat&#8221; cevab\u0131n\u0131 verdi.\u00a0\u00a0<!--more--><\/p>\n<p style=\"text-align: justify;\">\u00d6zdemir&#8217;in &#8220;35 insan\u0131 yakt\u0131lar canl\u0131 canl\u0131&#8221; c\u00fcmlesine itiraz eden Karamollao\u011flu, &#8220;Cay\u0131r cay\u0131r yanarak \u00f6lmediler. Dumandan hayat\u0131n\u0131 kaybettiler. Buradaki tahriki s\u00f6ylemek istiyorum. Aradaki fark\u0131 biz g\u00f6remezsek, bunu da s\u00f6ylemezsek oradaki halk da farkl\u0131 bir izlenim do\u011far&#8221; dedi.<\/p>\n<p style=\"text-align: justify;\">Temel Karamollao\u011flu, &#8220;Yakla\u015f\u0131mdaki ifadelerin insanlar\u0131 nas\u0131l galeyana getirebilece\u011fini ve ma\u011fdur olan insanlar\u0131n \u00fczerinde nas\u0131l bir etki yaratabilece\u011fini d\u00fc\u015f\u00fcnerek s\u00f6yl\u00fcyorum&#8221; diye konu\u015ftu.<\/p>\n<p style=\"text-align: justify;\">\u00d6zdemir&#8217;in &#8220;vicdan\u0131n\u0131z rahat m\u0131?&#8221; sorusuna ise Temel Karamollao\u011flu, &#8220;bu y\u00f6n\u00fcyle vicdan\u0131m rahat ama bu t\u00fcr hadiselerin benim belediye ba\u015fkanl\u0131\u011f\u0131m\u0131n d\u00f6neminde olmas\u0131 y\u00fcz\u00fcnden ise elbette \u00fczg\u00fcn\u00fcm. Yani hi\u00e7 bir belediye ba\u015fkan\u0131 b\u00f6yle bir olay\u0131n kendi belediye ba\u015fkanl\u0131\u011f\u0131 d\u00f6neminde ister su\u00e7u olsun ister olmas\u0131n istemez&#8221; dedi.<\/p>\n<p style=\"text-align: justify;\">[flv]http:\/\/94.75.221.234\/video\/file\/071220111032532079969.flv[\/flv]<\/p>\n<p style=\"text-align: justify;\"><a href=\"http:\/\/haber.gazetevatan.com\/cayir-cayir-yanmadilar\/416085\/1\/Gundem\" target=\"_blank\">Kaynak : VATAN Gazetesi<\/a><\/p>\n","protected":false},"excerpt":{"rendered":"<p style=\"text-align: center;\">\n<p style=\"text-align: justify;\">Mad\u0131mak katliam\u0131 s\u0131ras\u0131nda d\u00f6nemin Belediye Ba\u015fkan\u0131 olan Temel Karamollao\u011flu ya\u015fanan katliamla ilgili &#8216;vicdan\u0131m rahat&#8217; dedi.<\/p>\n<p style=\"text-align: justify;\">Sivas katliam\u0131 s\u0131ras\u0131nda Refah Partisi&#8217;nden belediye ba\u015fkan\u0131 olan Temel Karamollao\u011flu, 5N1K&#8217;da C\u00fcneyt \u00d6zdemir&#8217;e konu\u015ftu. \u00d6zdemir&#8217;in &#8220;35 insan\u0131 yakt\u0131lar canl\u0131 canl\u0131&#8221; s\u00f6z\u00fcne itiraz eden Karamollao\u011flu, \u00f6len insanlar\u0131n dumandan hayat\u0131n\u0131 kaybetit\u011fini s\u00f6yledi. Karamollao\u011flu, \u00d6zdemir&#8217;in &#8220;vicdan\u0131n\u0131z <\/p>\n","protected":false},"author":1,"featured_media":0,"comment_status":"open","ping_status":"open","sticky":false,"template":"","format":"standard","meta":{"footnotes":""},"categories":[105],"tags":[],"class_list":["post-43809","post","type-post","status-publish","format-standard","hentry","category-gundem","odd"],"_links":{"self":[{"href":"http:\/\/www.korhanyilmaz.com\/index.php?rest_route=\/wp\/v2\/posts\/43809","targetHints":{"allow":["GET"]}}],"collection":[{"href":"http:\/\/www.korhanyilmaz.com\/index.php?rest_route=\/wp\/v2\/posts"}],"about":[{"href":"http:\/\/www.korhanyilmaz.com\/index.php?rest_route=\/wp\/v2\/types\/post"}],"author":[{"embeddable":true,"href":"http:\/\/www.korhanyilmaz.com\/index.php?rest_route=\/wp\/v2\/users\/1"}],"replies":[{"embeddable":true,"href":"http:\/\/www.korhanyilmaz.com\/index.php?rest_route=%2Fwp%2Fv2%2Fcomments&post=43809"}],"version-history":[{"count":0,"href":"http:\/\/www.korhanyilmaz.com\/index.php?rest_route=\/wp\/v2\/posts\/43809\/revisions"}],"wp:attachment":[{"href":"http:\/\/www.korhanyilmaz.com\/index.php?rest_route=%2Fwp%2Fv2%2Fmedia&parent=43809"}],"wp:term":[{"taxonomy":"category","embeddable":true,"href":"http:\/\/www.korhanyilmaz.com\/index.php?rest_route=%2Fwp%2Fv2%2Fcategories&post=43809"},{"taxonomy":"post_tag","embeddable":true,"href":"http:\/\/www.korhanyilmaz.com\/index.php?rest_route=%2Fwp%2Fv2%2Ftags&post=43809"}],"curies":[{"name":"wp","href":"https:\/\/api.w.org\/{rel}","templated":true}]}}