{"id":43806,"date":"2011-12-07T15:57:20","date_gmt":"2011-12-07T13:57:20","guid":{"rendered":"http:\/\/www.korhanyilmaz.com\/?p=43806"},"modified":"2011-12-07T18:00:01","modified_gmt":"2011-12-07T16:00:01","slug":"ankara-bunu-konusuyor-ak-partide-buyuk-catlak","status":"publish","type":"post","link":"http:\/\/www.korhanyilmaz.com\/?p=43806","title":{"rendered":"Ankara bunu konu\u015fuyor: AK Parti&#8217;de b\u00fcy\u00fck \u00e7atlak"},"content":{"rendered":"<p style=\"text-align: center;\"><a href=\"http:\/\/www.korhanyilmaz.com\/wp-content\/uploads\/2011\/12\/7464.jpg\"  class=\"lightview\"><img loading=\"lazy\" decoding=\"async\" class=\"aligncenter  wp-image-43807\" src=\"http:\/\/www.korhanyilmaz.com\/wp-content\/uploads\/2011\/12\/7464.jpg\" alt=\"\" width=\"420\" height=\"210\" \/><\/a><\/p>\n<p style=\"text-align: justify;\">Cumhurba\u015fkan\u0131&#8217;n\u0131n &#8216;\u015fike yasas\u0131&#8217;n\u0131 vetosu, AK Parti&#8217;de 1 Mart tezkeresinden bu yana ilk kez \u00e7atla\u011fa neden oldu. Ar\u0131n\u00e7 ve Tayyar&#8217;\u0131n ba\u015f\u0131n\u0131 \u00e7ekti\u011fi bir grup vetoyu desteklerken, Canikli ve Elita\u015f gibi isimler vetoya kar\u015f\u0131 \u00e7\u0131kt\u0131lar.\u00a0<!--more--><\/p>\n<p style=\"text-align: justify;\">\u2018\u015eike yasas\u0131\u2019, AK Parti ve muhalefette son 10 y\u0131ld\u0131r g\u00f6r\u00fclmeyen bir tabloya neden oldu. \u00c7ankaya K\u00f6\u015fk\u00fc ile h\u00fck\u00fcmet ilk defa bir konuda bu kadar farkl\u0131 bir noktaya d\u00fc\u015ft\u00fc. Yasa teklifine imza atan ancak daha sonra imzas\u0131n\u0131 \u00e7eken BDP d\u0131\u015f\u0131ndaki partilerin y\u00f6netimi imzalar\u0131n\u0131n arkas\u0131nda durdu. Yasa kar\u015f\u0131s\u0131nda tavr\u0131 en \u00e7eli\u015fkili olan parti ise AK Parti. Nitekim Ba\u015fbakan Recep Tayyip Erdo\u011fan\u2019\u0131n yasaya sahip \u00e7\u0131kt\u0131\u011f\u0131, AK Parti grup ba\u015fkanvekillerinin bu nedenle yasan\u0131n aynen iade edilece\u011fi sinyali verdi\u011fi bildirildi. Yasay\u0131 aynen K\u00f6\u015fk\u2019e g\u00f6nderme e\u011filiminde olan AK Partililer, G\u00fcl\u2019\u00fcn Twitter ve facebook gibi sosyal medyadan etkilenerek yasay\u0131 veto etti\u011fi g\u00f6r\u00fc\u015f\u00fcnde.<\/p>\n<p style=\"text-align: justify;\">Ancak, AK Parti i\u00e7inde Ba\u015fbakan Yard\u0131mc\u0131s\u0131 B\u00fclent Ar\u0131n\u00e7, Enerji Bakan\u0131 Taner Y\u0131ld\u0131z ve Gaziantep Milletvekili \u015eamil Tayyar gibi G\u00fcl\u2019\u00fc hakl\u0131 bulan isimler de \u00e7o\u011funlukta. \u00dc\u00e7 ayr\u0131 grup var AK Parti\u2019de Irak\u2019a asker g\u00f6nderme talebinin reddedildi\u011fi 1 Mart tezkeresi ve may\u0131nlar\u0131n temizlenmesine d\u00f6n\u00fck d\u00fczenlemeden sonra ilk kez b\u00f6ylesi bir ayr\u0131\u015fma ya\u015fan\u0131yor.<\/p>\n<p style=\"text-align: justify;\">\u0130lk grupta Ba\u015fbakan Yard\u0131mc\u0131s\u0131 B\u00fclent Ar\u0131n\u00e7, Enerji Bakan\u0131 Taner Y\u0131ld\u0131z ve Cumhurba\u015fkan\u0131\u2019na mektup yazarak d\u00fczenlemeye tepki g\u00f6steren Gaziantep Milletvekili \u015eamil Tayyar gibi isimler var ve bu grup K\u00f6\u015fk\u2019\u00fcn vetosundan memmun g\u00f6r\u00fcn\u00fcyor.<\/p>\n<p style=\"text-align: justify;\">\u0130kinci grupta AK Parti Genel Ba\u015fkan Yard\u0131mc\u0131s\u0131 H\u00fcseyin \u00c7elik gibi baz\u0131 parti y\u00f6neticileri var. Bu grup da yasan\u0131n K\u00f6\u015fk\u2019e aynen iade edilmesine s\u0131cak bakm\u0131yor ve \u201ctekrar Meclis\u2019e gelmesin\u201d g\u00f6r\u00fc\u015f\u00fcne de kar\u015f\u0131 \u00e7\u0131k\u0131yor. Bu grubun \u00f6nerisi, Cumhurba\u015fkan\u0131\u2019n\u0131n veto gerek\u00e7elerinin dikkate al\u0131nmas\u0131 ve ilk yasada a\u011f\u0131r, ikinci yasada hafif bulunan cezalar\u0131 su\u00e7larla dengeli hale getirmek.<\/p>\n<p style=\"text-align: justify;\">\u00dc\u00e7\u00fcnc\u00fc grupta ise cezalarda indirime giden yasan\u0131n Meclis\u2019ten AK Parti grubunun oylar\u0131yla ge\u00e7ti\u011fini gerek\u00e7e g\u00f6sterip, K\u00f6\u015fke aynen iade edilmesinden yana. \u2018\u015eike yasas\u0131\u2019na kar\u015f\u0131 muhalefetin ba\u015f\u0131n\u0131 \u00e7eken \u015eamil Tayyar yaln\u0131z de\u011fil. AK Parti i\u00e7inde en az 150 milletvekili vetolu yasaya s\u0131cak bakm\u0131yor ve yeniden g\u00f6r\u00fc\u015f\u00fclmesini istemiyor. Meclis Genel Kurulu\u2019nda yap\u0131lan oylamada AK Parti Grubu\u2019nun yar\u0131dan fazlas\u0131 oylamaya kat\u0131lmam\u0131\u015ft\u0131. Yasaya kar\u015f\u0131 olan grup, \u015fike su\u00e7unda cezalar\u0131n azald\u0131\u011f\u0131, cayd\u0131r\u0131c\u0131l\u0131\u011f\u0131n ortadan kalkt\u0131\u011f\u0131n\u0131 savunurken, Meclis\u2019in ki\u015fiye \u00f6zel yasa \u00e7\u0131kard\u0131\u011f\u0131, bu d\u00fczenlemenin Ergenekon ve Balyoz san\u0131klar\u0131na emsal olabilece\u011fi kayg\u0131s\u0131 da dillendiriliyor.<\/p>\n<p style=\"text-align: justify;\"><strong>G\u00dcLERCE: AK PART\u0130 KEND\u0130 SANDALYES\u0130NE VURUYOR\u00a0<\/strong><\/p>\n<p style=\"text-align: justify;\">G\u00fclen Cemaati&#8217;ne yak\u0131nl\u0131\u011f\u0131yla bilinen Zaman gazetesi yazar\u0131 H\u00fcseyin G\u00fclerce, canl\u0131 yay\u0131nda \u015fike tart\u0131\u015fmalar\u0131yla ilgili \u00e7ok \u00e7arp\u0131c\u0131 c\u00fcmleler kurdu.<\/p>\n<p style=\"text-align: justify;\"><strong>\u015e\u0130KE YASASI TARTI\u015eMASI\u00a0<\/strong><\/p>\n<p style=\"text-align: justify;\">Habert\u00fcrk TV ekranlar\u0131nda yay\u0131nlanan ve Didem Aslan&#8217;\u0131n sundu\u011fu G\u00fcn Ortas\u0131 program\u0131na telefonla ba\u011flanan Zaman gazetesi yazar\u0131 H\u00fcseyin G\u00fclerce, K\u00f6\u015fk ve AK Parti aras\u0131ndaki \u015fike tart\u0131\u015fmalar\u0131yla ilgili &#8216;AK Parti&#8217;de \u00e7ok ciddi bir k\u0131r\u0131lma noktas\u0131 g\u00f6r\u00fcyorum. AK Parti, kendi aya\u011f\u0131na s\u0131kmay\u0131 b\u0131rak kendi sandalyesine tekme vurmu\u015f olur.&#8217; diye konu\u015ftu.<\/p>\n<p style=\"text-align: justify;\"><a href=\"http:\/\/haber.gazetevatan.com\/ankara-bunu-konusuyor-ak-partide-buyuk-catlak\/416162\/1\/Gundem\" target=\"_blank\">Kaynak : VATAN Gazetesi<\/a><\/p>\n","protected":false},"excerpt":{"rendered":"<p style=\"text-align: center;\">\n<p style=\"text-align: justify;\">Cumhurba\u015fkan\u0131&#8217;n\u0131n &#8216;\u015fike yasas\u0131&#8217;n\u0131 vetosu, AK Parti&#8217;de 1 Mart tezkeresinden bu yana ilk kez \u00e7atla\u011fa neden oldu. Ar\u0131n\u00e7 ve Tayyar&#8217;\u0131n ba\u015f\u0131n\u0131 \u00e7ekti\u011fi bir grup vetoyu desteklerken, Canikli ve Elita\u015f gibi isimler vetoya kar\u015f\u0131 \u00e7\u0131kt\u0131lar. <\/p>\n","protected":false},"author":1,"featured_media":0,"comment_status":"open","ping_status":"open","sticky":false,"template":"","format":"standard","meta":{"footnotes":""},"categories":[105],"tags":[],"class_list":["post-43806","post","type-post","status-publish","format-standard","hentry","category-gundem","odd"],"_links":{"self":[{"href":"http:\/\/www.korhanyilmaz.com\/index.php?rest_route=\/wp\/v2\/posts\/43806","targetHints":{"allow":["GET"]}}],"collection":[{"href":"http:\/\/www.korhanyilmaz.com\/index.php?rest_route=\/wp\/v2\/posts"}],"about":[{"href":"http:\/\/www.korhanyilmaz.com\/index.php?rest_route=\/wp\/v2\/types\/post"}],"author":[{"embeddable":true,"href":"http:\/\/www.korhanyilmaz.com\/index.php?rest_route=\/wp\/v2\/users\/1"}],"replies":[{"embeddable":true,"href":"http:\/\/www.korhanyilmaz.com\/index.php?rest_route=%2Fwp%2Fv2%2Fcomments&post=43806"}],"version-history":[{"count":0,"href":"http:\/\/www.korhanyilmaz.com\/index.php?rest_route=\/wp\/v2\/posts\/43806\/revisions"}],"wp:attachment":[{"href":"http:\/\/www.korhanyilmaz.com\/index.php?rest_route=%2Fwp%2Fv2%2Fmedia&parent=43806"}],"wp:term":[{"taxonomy":"category","embeddable":true,"href":"http:\/\/www.korhanyilmaz.com\/index.php?rest_route=%2Fwp%2Fv2%2Fcategories&post=43806"},{"taxonomy":"post_tag","embeddable":true,"href":"http:\/\/www.korhanyilmaz.com\/index.php?rest_route=%2Fwp%2Fv2%2Ftags&post=43806"}],"curies":[{"name":"wp","href":"https:\/\/api.w.org\/{rel}","templated":true}]}}