{"id":43803,"date":"2011-12-07T14:06:14","date_gmt":"2011-12-07T12:06:14","guid":{"rendered":"http:\/\/www.korhanyilmaz.com\/?p=43803"},"modified":"2011-12-07T18:02:40","modified_gmt":"2011-12-07T16:02:40","slug":"mhpden-arincin-sozlerine-sert-tepki","status":"publish","type":"post","link":"http:\/\/www.korhanyilmaz.com\/?p=43803","title":{"rendered":"MHP&#8217;den Ar\u0131n\u00e7&#8217;\u0131n s\u00f6zlerine sert tepki"},"content":{"rendered":"<p style=\"text-align: center;\"><a href=\"http:\/\/www.korhanyilmaz.com\/wp-content\/uploads\/2011\/12\/7463.jpg\"  class=\"lightview\"><img loading=\"lazy\" decoding=\"async\" class=\"aligncenter  wp-image-43804\" src=\"http:\/\/www.korhanyilmaz.com\/wp-content\/uploads\/2011\/12\/7463.jpg\" alt=\"\" width=\"420\" height=\"210\" \/><\/a><\/p>\n<p style=\"text-align: justify;\">Ar\u0131n\u00e7\u2019\u0131n &#8221;Milletvekillerinin yasay\u0131 aynen iade etmeye cesareti yetmeyecek&#8221; s\u00f6z\u00fcne MHP&#8217;li Vural tepki g\u00f6sterdi. Vural: &#8221;Ar\u0131n\u00e7&#8217;\u0131n a\u00e7\u0131klamalar\u0131 Cumhurba\u015fkan\u0131n\u0131n iradesini, TBMM\u2019nin \u00fczerinde g\u00f6ren bir anlam ta\u015f\u0131yor. Ar\u0131n\u00e7 kendi grubunu &#8216;fasulye&#8217;den g\u00f6r\u00fcyor&#8221;<!--more--><\/p>\n<p style=\"text-align: justify;\"><a href=\"http:\/\/www.korhanyilmaz.com\/wp-content\/uploads\/2011\/12\/7465.jpg\"  class=\"lightview\"><img loading=\"lazy\" decoding=\"async\" class=\"alignleft size-full wp-image-43810\" style=\"margin-left: 10px; margin-right: 10px;\" src=\"http:\/\/www.korhanyilmaz.com\/wp-content\/uploads\/2011\/12\/7465.jpg\" alt=\"\" width=\"193\" height=\"102\" \/><\/a>MHP Grup Ba\u015fkanvekili Oktay Vural, T\u00fcrkiye\u2019nin\u00a0d\u0131\u015f politikas\u0131n\u0131n, ABD menfaatlerine g\u00f6re d\u00fczenlendi\u011fini iddia etti.<\/p>\n<p style=\"text-align: justify;\">TBMM\u2019de bas\u0131n toplant\u0131s\u0131 d\u00fczenleyen Vural, ABD Ba\u015fkan Yard\u0131mc\u0131s\u0131 Joe\u00a0Biden\u2019in T\u00fcrkiye\u2019ye yapt\u0131\u011f\u0131 ziyareti de\u011ferlendirdi. Vural, Biden\u2019in &#8220;Irak,\u00a0Ermenistan ve K\u0131br\u0131s&#8221; ile ilgili d\u00fc\u015f\u00fcncelerinin a\u00e7\u0131k olarak bilindi\u011fine i\u015faret\u00a0ederek, &#8220;Irak\u2019\u0131n 3\u2019e b\u00f6l\u00fcnmesi fikrini ortaya atan Biden\u2019dir. \u015eimdi Irak\u2019ta 3\u00a0devletli bir \u00e7\u00f6z\u00fcm \u00f6nerisi T\u00fcrkiye\u2019ye empoze edilmeye \u00e7al\u0131\u015f\u0131l\u0131yor&#8221; dedi.<\/p>\n<p style=\"text-align: justify;\">Vural, &#8220;K\u0131br\u0131s sorununu \u00e7\u00f6z\u00fcn yoksa size haddinizi bildiririz&#8221; diyen\u00a0Biden\u2019in, 12 y\u0131l \u00f6nce de ayn\u0131 \u015feyleri s\u00f6yledi\u011fini belirterek, &#8220;T\u00fcrkiye\u2019ye\u00a0tehditler savuran Biden\u2019e Say\u0131n Ecevit \u2019Varamazsak varamay\u0131z. K\u0131br\u0131s meselesi\u00a01974\u2019te bitmi\u015ftir. Anlad\u0131n\u0131z m\u0131 Say\u0131n Senat\u00f6r\u2019 diyerek haddini bildiren T\u00fcrkiye\u00a0Cumhuriyeti Ba\u015fbakan\u0131 de\u011fil midir?&#8221; diye konu\u015ftu.<\/p>\n<p style=\"text-align: justify;\">O g\u00fcn dayatmalara &#8220;hay\u0131r&#8221; dendi\u011fini, bug\u00fcn ise ABD dayatmalar\u0131n\u0131n,\u00a0T\u00fcrkiye\u2019nin bir ev \u00f6devi gibi yerine getirdi\u011fini ileri s\u00fcrerek, &#8220;T\u00fcrkiye\u2019nin d\u0131\u015f\u00a0politikas\u0131 ABD menfaatlerine g\u00f6re d\u00fczenleniyor. ABD\u2019nin politikalar\u0131na \u2019evet\u2019\u00a0diyen AKP\u2019nin neden alk\u0131\u015fland\u0131\u011f\u0131n\u0131 da \u00f6\u011frenmi\u015f bulunuyoruz&#8221; dedi.<\/p>\n<p style=\"text-align: justify;\"><strong>-&#8220;Ar\u0131n\u00e7\u2019\u0131n ifadelerini kendi milletvekilleri de kabul etmiyor&#8221;-\u00a0<\/strong><\/p>\n<p style=\"text-align: justify;\">Vural, kamuoyunda &#8220;\u015fike yasas\u0131&#8221; olarak bilinen &#8220;Sporda \u015eiddet ve\u00a0D\u00fczensizli\u011fin \u00d6nlenmesine Dair Yasa&#8221; ile ilgili Ba\u015fbakan Yard\u0131mc\u0131s\u0131 B\u00fclent\u00a0Ar\u0131n\u00e7\u2019\u0131n ifadelerini yak\u0131\u015f\u0131ks\u0131z buldu\u011funu s\u00f6yledi. Ar\u0131n\u00e7\u2019\u0131n s\u00f6zleri ile\u00a0milletvekillerini tehdit etti\u011fini ileri s\u00fcren Vural, \u015funlar\u0131 s\u00f6yledi:<\/p>\n<p style=\"text-align: justify;\">&#8220;Tehdit ediyor. Sen kimsin. Otur oturdu\u011fun yerde. Demek ki Ba\u015fbakan\u0131n\u00a0bir s\u00fcre AKP\u2019de yok olmas\u0131, \u2019AKP\u2019 diye bir partinin olmad\u0131\u011f\u0131n\u0131 ortaya koyuyor.Say\u0131n Ba\u015fbakan yoksa \u2019AKP\u2019 diye bir partide yok. Her kafadan bir ses \u00e7\u0131k\u0131yor.\u00a0Enteresan geli\u015fmeler. Ar\u0131n\u00e7\u2019\u0131n s\u00f6zlerini kendi grubunun milletvekilleri de\u00a0yak\u0131\u015f\u0131ks\u0131z buluyor. B\u00f6yle bir ifade TBMM\u2019nin ve milletvekillerinin iradesini yok\u00a0sayan Cumhurba\u015fkan\u0131n\u0131n iradesini Meclis\u2019in \u00fczerinde g\u00f6ren, biat k\u00fclt\u00fcr\u00fcndengelmi\u015f bir yakla\u015f\u0131m tarz\u0131d\u0131r.&#8221;<\/p>\n<p style=\"text-align: justify;\">Yasan\u0131n yar\u0131n Adalet Komisyonunda g\u00f6r\u00fc\u015f\u00fclece\u011fini hat\u0131rlatan Vural,\u00a0&#8220;Ba\u015fbakan\u0131n bir s\u00fcreli\u011fine rahats\u0131z olmas\u0131 bir \u00e7ok farkl\u0131 sesin ortaya \u00e7\u0131kmas\u0131n\u0131\u00a0sa\u011flad\u0131. Asl\u0131nda \u2019AKP\u2019 diye bir parti yok, ama Recep Tayyip Erdo\u011fan\u2019dan ba\u015fka\u00a0iradelerinin olmad\u0131\u011f\u0131 ortaya \u00e7\u0131km\u0131\u015ft\u0131r&#8221; diye konu\u015ftu.<\/p>\n<p style=\"text-align: justify;\">Ar\u0131n\u00e7\u2019\u0131n a\u00e7\u0131klamalar\u0131 ile kendi grubunun iradesini &#8220;fasulye&#8221;den\u00a0g\u00f6rd\u00fc\u011f\u00fcn\u00fc ileri s\u00fcren Vural, &#8220;AKP grubunun tavr\u0131 tutarl\u0131. Bu git-gellerin nedeni\u00a0yoksa s\u0131r\u00e7a k\u00f6\u015fkler ile ilgili m\u00fccadelenin ba\u015flamas\u0131 m\u0131? AKP grubunun iradesi\u00a0varken, Ar\u0131n\u00e7\u2019\u0131n ortaya \u00e7\u0131kmas\u0131 devlet y\u00f6netimi a\u00e7\u0131s\u0131ndan sa\u011fl\u0131kl\u0131 de\u011fil&#8221;\u00a0dedi.<\/p>\n<p style=\"text-align: justify;\">Vural, \u015fike yasas\u0131yla ilgili &#8220;teredd\u00fctleri&#8221; bulunmad\u0131\u011f\u0131na i\u015faret\u00a0ederek, Cumhurba\u015fkan\u0131 Abdullah G\u00fcl\u2019\u00fcn yasay\u0131 e\u015fitlik konusunda Anayasaya ayk\u0131r\u0131\u00a0bulmas\u0131 durumunda Anayasa Mahkemesine g\u00f6t\u00fcrebilece\u011fini s\u00f6yledi.<\/p>\n<p style=\"text-align: justify;\">MHP\u2019li Vural, Ar\u0131n\u00e7\u2019\u0131n, &#8220;kamu sendikalar\u0131 aras\u0131nda Memur Sen \u2019evet&#8221;\u00a0dedi\u011fi i\u00e7in toplu s\u00f6zle\u015fmeyi onunla yapaca\u011f\u0131z&#8221; y\u00f6n\u00fcnde a\u00e7\u0131klamalar\u0131n\u0131n\u00a0bulundu\u011funu belirterek, &#8220;Sar\u0131 sendikac\u0131l\u0131\u011f\u0131n tipik \u00f6rne\u011fi. Birileri \u2019hay\u0131r\u2019 dedi\u00a0diye toplu s\u00f6zle\u015fmeden faydalanamayacak. \u2019Bitaraf olan bertaraf olur\u2019 diyor.\u2019Hay\u0131r\u2019 diyenlerin ekme\u011fini mi keseceksin, hapse mi atacaks\u0131n?&#8221; diye sordu.<\/p>\n<p style=\"text-align: justify;\">Ba\u015fbakan Erdo\u011fan\u2019\u0131n medya temsilcileriyle yapt\u0131\u011f\u0131 toplant\u0131y\u0131 ele\u015ftiren\u00a0Vural, &#8220;Y\u00fcksek Sans\u00fcr Kurulu var. Ba\u015fbakan ilk toplant\u0131y\u0131 d\u00fckkan sahipleri ve\u00a0mutfak \u015fefleriyle yapt\u0131. Sonra da B\u00fclent Ar\u0131n\u00e7 yapt\u0131. Bu kurul, milletin, halk\u0131n\u00a0sesini sans\u00fcrl\u00fcyor&#8221; dedi.<\/p>\n<p style=\"text-align: justify;\">Vural, Ar\u0131n\u00e7\u2019\u0131n El Cezire ile bir m\u00fclakat yapt\u0131\u011f\u0131n\u0131 ve m\u00fclakatta sorulan\u00a0&#8220;Suriyeli muhaliflere neden destek veriyorsunuz?&#8221; sorusuna k\u0131zd\u0131\u011f\u0131 i\u00e7in\u00a0yakas\u0131ndaki mikrofonu yere atarak \u00e7ekimi bitirdi\u011fini ileri s\u00fcrerek, &#8220;Muhabir\u00a0\u2019Suriyeli muhalif askerleri neden getirdiniz?\u2019 diye soruyor. Ar\u0131n\u00e7 ise \u201940 y\u0131ll\u0131k\u00a0siyaset\u00e7iyim. Bana b\u00f6yle soru soramazs\u0131n\u0131z\u2019 diyor. T\u00fcrkiye\u2019de bir tak\u0131m sorulara\u00a0cevap vermesi gerekenlerin cevap veremedikleri soru olunca hemen bask\u0131 ve tehdide\u00a0sar\u0131l\u0131yorlar. KPSS gibi sorular\u0131 \u00f6nceden vermek laz\u0131m&#8221; dedi.<\/p>\n<p style=\"text-align: justify;\"><strong>-&#8220;B\u00fct\u00e7enin bu millete ne getirdi\u011fi, ne g\u00f6t\u00fcrd\u00fc\u011f\u00fc me\u00e7hul&#8221;-\u00a0<\/strong><\/p>\n<p style=\"text-align: justify;\">Vural, yar\u0131n TBMM Genel Kurul\u2019da 2012 y\u0131l\u0131 b\u00fct\u00e7esinin g\u00f6r\u00fc\u015f\u00fclmeye\u00a0ba\u015flanaca\u011f\u0131n\u0131 hat\u0131rlatarak, Ba\u015fbakan Yard\u0131mc\u0131s\u0131 Ali Babacan\u2019\u0131n a\u00e7\u0131klamalar\u0131na\u00a0ele\u015ftiriler getirdi. Vural, b\u00fct\u00e7eye y\u00f6nelik 31 sayfal\u0131k muhalefet ele\u015ftirisi\u00a0yazd\u0131klar\u0131n\u0131 belirterek, &#8220;B\u00fct\u00e7enin bu millete ne getirdi\u011fi, ne g\u00f6t\u00fcrd\u00fc\u011f\u00fc\u00a0me\u00e7hul&#8221; dedi.<\/p>\n<p style=\"text-align: justify;\">Vural, s\u00f6zlerine \u015f\u00f6yle devam etti:<\/p>\n<p style=\"text-align: justify;\">&#8220;Babacan, 2 Aral\u0131k\u2019ta Avrupa \u00fclkeleri i\u00e7in \u2019bor\u00e7lanarak ya\u015f\u0131yorlar\u2019\u00a0demi\u015fti. \u015eecaat arz ederken, sirkatin s\u00f6ylemi\u015f. T\u00fcrkiye ne ile ya\u015f\u0131yor. Cari\u00a0i\u015flemler a\u00e7\u0131\u011f\u0131 GSMH\u2019nin binde 3\u2019\u00fcnden y\u00fczde 8\u2019e \u00e7\u0131kt\u0131. Halk g\u0131rtla\u011f\u0131na kadar\u00a0bor\u00e7land\u0131rd\u0131lar. Hane halk\u0131n\u0131n borcu ellerindekinin y\u00fczde 4,3\u2019\u00fc iken, \u015fimdi y\u00fczde\u00a041\u2019ler seviyesine \u00e7\u0131kt\u0131. T\u00fcrkiye tasarruf etmiyor. Tasarruf edece\u011fimize\u00a0bor\u00e7lan\u0131yoruz. T\u00fcrkiye Avrupa\u2019dan bor\u00e7lan\u0131yor. Avrupa\u2019y\u0131 finanse ediyoruz.&#8221;<\/p>\n<p style=\"text-align: justify;\"><strong>-Sorular-\u00a0<\/strong><\/p>\n<p style=\"text-align: justify;\">Vural, \u015fike yasas\u0131 ile ilgili olarak AK Parti\u2019de iktidar m\u00fccadelesi\u00a0ya\u015fan\u0131p ya\u015fanmad\u0131\u011f\u0131 y\u00f6n\u00fcndeki bir soruya &#8220;Erdo\u011fan\u2019\u0131n son d\u00f6nemi&#8230; Tar\u0131ma\u00a0d\u00f6nece\u011fim demi\u015fti. Bu tip bo\u015fluklardan faydalan\u0131p farkl\u0131 tav\u0131rlar sergilemek\u00a0do\u011fru de\u011fil. \u015eimdi herkes post pe\u015finde. Bu t\u00fcr m\u00fccadelelerin ya\u015fand\u0131\u011f\u0131 d\u00f6nemi\u00a0g\u00f6rece\u011fiz. Bir Ba\u015fbakan hasta yata\u011f\u0131ndayken h\u00fck\u00fcmet i\u00e7inden farkl\u0131\u00a0de\u011ferlendirmeler olmas\u0131n\u0131 ho\u015f kar\u015f\u0131lam\u0131yoruz&#8221; cevab\u0131n\u0131 verdi.<\/p>\n<p style=\"text-align: justify;\"><strong>ARIN\u00c7 G\u00dcL&#8217;\u00dc B\u00d6YLE SAVUNMU\u015eTU\u00a0<\/strong><\/p>\n<p style=\"text-align: justify;\">Ba\u015fbakan Yard\u0131mc\u0131s\u0131 B\u00fclent Ar\u0131n\u00e7, Cumhurba\u015fkan\u0131 Abdullah G\u00fcl&#8217;\u00fcn kamuoyunda &#8216;\u015eike yasas\u0131&#8217; olarak adland\u0131r\u0131lan yasay\u0131 veto etmesini de\u011ferlendirerek, &#8220;Ben \u015fahsen Cumhurba\u015fkan\u0131m\u0131z\u0131n takdirlerine, hukuki m\u00fctaalas\u0131na ve gerek\u00e7esine aynen kat\u0131l\u0131yorum&#8221; demi\u015fti.<\/p>\n<p style=\"text-align: justify;\"><strong>M\u0130LLETVEK\u0130LLER\u0130 CESARET EDEMEYECEK\u00a0<\/strong><\/p>\n<p style=\"text-align: justify;\">B\u00fclent Ar\u0131n\u00e7, T\u00fcrkiyle B\u00fcy\u00fck Millet Meclisi&#8217;nde bundan sonraki s\u00fcrecin nas\u0131l ilerleyece\u011fi konusundaki soruya da yan\u0131t verdi. Ar\u0131n\u00e7 bu konuda \u015f\u00f6yle konu\u015fmu\u015ftu:<\/p>\n<p style=\"text-align: justify;\">&#8220;Hukuki prosed\u00fcr \u015f\u00f6yle. Meclis komisyanda bunu tekrar ele al\u0131r, de\u011fi\u015fiklik yaparak tekrar genel kurula sevk edebilir. Veya bu geldikten sonra oldu\u011fu yerde kal\u0131r. Yani onun yenilenmesi i\u00e7in onun yeniden tahrir edilmesi laz\u0131m. Ama san\u0131yorum bu gerek\u00e7eler do\u011frultusunda art\u0131k siyasi partilerden hi\u00e7bir temsilci bu kanunun tekrar \u00e7\u0131kart\u0131lmas\u0131 i\u00e7in bir gayret g\u00f6stermeyecektir. Aksi olursa meclis genel kurulu ya aynen kabul edebilir, bu takdirde say\u0131n cumhurba\u015fkan\u0131m\u0131z\u0131n ikinci defa geri g\u00f6rderme hakk\u0131 yok. Veya de\u011fi\u015febilir. E\u011fer de\u011fi\u015ftirerek kabul ederse ayn\u0131 prosed\u00fcr tekrar devam edecektir. Ancak kamuoyunun bu konudaki bask\u0131s\u0131 san\u0131yorum ki hi\u00e7bir milletvekilinin bu kanunu, hi\u00e7bir milletvekilininin bu kanunu tekrar meclis genel kuruluna getirmeye cesareti yetmeyecek.&#8221;<\/p>\n<p style=\"text-align: justify;\"><a href=\"http:\/\/haber.gazetevatan.com\/mhpden-arincin-sozlerine-sert-tepki\/416130\/9\/Siyaset\" target=\"_blank\">Kaynak : VATAN Gazetesi<\/a><\/p>\n","protected":false},"excerpt":{"rendered":"<p style=\"text-align: center;\">\n<p style=\"text-align: justify;\">Ar\u0131n\u00e7\u2019\u0131n &#8221;Milletvekillerinin yasay\u0131 aynen iade etmeye cesareti yetmeyecek&#8221; s\u00f6z\u00fcne MHP&#8217;li Vural tepki g\u00f6sterdi. Vural: &#8221;Ar\u0131n\u00e7&#8217;\u0131n a\u00e7\u0131klamalar\u0131 Cumhurba\u015fkan\u0131n\u0131n iradesini, TBMM\u2019nin \u00fczerinde g\u00f6ren bir anlam ta\u015f\u0131yor. Ar\u0131n\u00e7 kendi grubunu &#8216;fasulye&#8217;den g\u00f6r\u00fcyor&#8221;<\/p>\n","protected":false},"author":1,"featured_media":0,"comment_status":"open","ping_status":"open","sticky":false,"template":"","format":"standard","meta":{"footnotes":""},"categories":[105],"tags":[],"class_list":["post-43803","post","type-post","status-publish","format-standard","hentry","category-gundem","odd"],"_links":{"self":[{"href":"http:\/\/www.korhanyilmaz.com\/index.php?rest_route=\/wp\/v2\/posts\/43803","targetHints":{"allow":["GET"]}}],"collection":[{"href":"http:\/\/www.korhanyilmaz.com\/index.php?rest_route=\/wp\/v2\/posts"}],"about":[{"href":"http:\/\/www.korhanyilmaz.com\/index.php?rest_route=\/wp\/v2\/types\/post"}],"author":[{"embeddable":true,"href":"http:\/\/www.korhanyilmaz.com\/index.php?rest_route=\/wp\/v2\/users\/1"}],"replies":[{"embeddable":true,"href":"http:\/\/www.korhanyilmaz.com\/index.php?rest_route=%2Fwp%2Fv2%2Fcomments&post=43803"}],"version-history":[{"count":0,"href":"http:\/\/www.korhanyilmaz.com\/index.php?rest_route=\/wp\/v2\/posts\/43803\/revisions"}],"wp:attachment":[{"href":"http:\/\/www.korhanyilmaz.com\/index.php?rest_route=%2Fwp%2Fv2%2Fmedia&parent=43803"}],"wp:term":[{"taxonomy":"category","embeddable":true,"href":"http:\/\/www.korhanyilmaz.com\/index.php?rest_route=%2Fwp%2Fv2%2Fcategories&post=43803"},{"taxonomy":"post_tag","embeddable":true,"href":"http:\/\/www.korhanyilmaz.com\/index.php?rest_route=%2Fwp%2Fv2%2Ftags&post=43803"}],"curies":[{"name":"wp","href":"https:\/\/api.w.org\/{rel}","templated":true}]}}