{"id":43790,"date":"2011-12-07T14:09:11","date_gmt":"2011-12-07T12:09:11","guid":{"rendered":"http:\/\/www.korhanyilmaz.com\/?p=43790"},"modified":"2011-12-07T14:55:53","modified_gmt":"2011-12-07T12:55:53","slug":"erdoganin-katar-ziyareti-iptal","status":"publish","type":"post","link":"http:\/\/www.korhanyilmaz.com\/?p=43790","title":{"rendered":"Erdo\u011fan\u2019\u0131n Katar ziyareti iptal"},"content":{"rendered":"<p style=\"text-align: justify;\"><a href=\"http:\/\/www.korhanyilmaz.com\/wp-content\/uploads\/2011\/12\/7457.jpg\"  class=\"lightview\"><img loading=\"lazy\" decoding=\"async\" class=\"aligncenter size-full wp-image-43791\" title=\"\" src=\"http:\/\/www.korhanyilmaz.com\/wp-content\/uploads\/2011\/12\/7457.jpg\" alt=\"\" width=\"298\" height=\"211\" \/><\/a><\/p>\n<p style=\"text-align: justify;\">10 g\u00fcn \u00f6nce ameliyat olan Ba\u015fbakan Erdo\u011fan, bu hafta sonuna kadar evinde dinlenecek. Erdo\u011fan\u2019\u0131n Katar ziyaretini iptal etti\u011fi \u00f6\u011frenildi. Erdo\u011fan&#8217;\u0131n \u00fc\u00e7 foto\u011fraf\u0131 daha yay\u0131mland\u0131.<\/p>\n<p style=\"text-align: justify;\">\u0130STANBUL &#8211; Katar Emiri \u015eeyh Hamad Bin Halife El Tani, 10 g\u00fcn \u00f6nce ameliyat olan Ba\u015fbakan Recep Tayyip Erdo\u011fan&#8217;\u0131n \u00dcsk\u00fcdar K\u0131s\u0131kl\u0131&#8217;daki konutuna geldi. Erdo\u011fan, Katar Emiri\u2019yle yakla\u015f\u0131k 1.5 saat g\u00f6r\u00fc\u015ft\u00fc.\u00a0<!--more--><\/p>\n<p style=\"text-align: center;\"><a href=\"http:\/\/www.korhanyilmaz.com\/wp-content\/uploads\/2011\/12\/7458.jpg\"  class=\"lightview\"><img loading=\"lazy\" decoding=\"async\" class=\"aligncenter  wp-image-43792\" src=\"http:\/\/www.korhanyilmaz.com\/wp-content\/uploads\/2011\/12\/7458.jpg\" alt=\"\" width=\"476\" height=\"239\" \/><\/a><\/p>\n<p style=\"text-align: center;\"><a href=\"http:\/\/www.korhanyilmaz.com\/wp-content\/uploads\/2011\/12\/7459.jpg\"  class=\"lightview\"><img loading=\"lazy\" decoding=\"async\" class=\"aligncenter  wp-image-43793\" src=\"http:\/\/www.korhanyilmaz.com\/wp-content\/uploads\/2011\/12\/7459.jpg\" alt=\"\" width=\"476\" height=\"300\" \/><\/a><\/p>\n<p style=\"text-align: justify;\">Anadolu Ajans\u0131&#8217;nda g\u00f6r\u00fc\u015fmeye ili\u015fkin \u00fc\u00e7 foto\u011fraf yay\u0131mland\u0131. Erdo\u011fan&#8217;\u0131n ABD Ba\u015fkan Yard\u0131mc\u0131s\u0131 Joe Biden&#8217;le yapt\u0131\u011f\u0131 g\u00f6r\u00fc\u015fmenin aksine bu kez kravat takt\u0131\u011f\u0131 g\u00f6r\u00fcld\u00fc.<\/p>\n<p style=\"text-align: justify;\">Sa\u011fl\u0131\u011f\u0131 yerinde g\u00f6r\u00fcnen Ba\u015fbakan Erdo\u011fan&#8217;\u0131n ne\u015feli oldu\u011fu da g\u00f6zlendi.<\/p>\n<p style=\"text-align: justify;\">Ba\u015fbakan Erdo\u011fan, bu hafta sonu da istirahat edecek. Erdo\u011fan&#8217;\u0131n hafta sonu yapaca\u011f\u0131 Katar&#8217;a ziyaretini iptal etti\u011fi bildirildi.<\/p>\n<p style=\"text-align: justify;\">Doktorlar\u0131n ziyaretin uzun ve yorucu olaca\u011f\u0131 gerek\u00e7esiyle Erdo\u011fan\u2019a dinlenmesini tavsiye etti\u011fi \u00f6\u011frenildi.<\/p>\n<p style=\"text-align: justify;\">Erdo\u011fan\u2019\u0131n Pazartesi g\u00fcn\u00fc yap\u0131lacak Bakanlar Kurulu toplant\u0131s\u0131na kat\u0131l\u0131p kat\u0131lmayaca\u011f\u0131 bilinmiyor.<\/p>\n<p style=\"text-align: justify;\">Ba\u015fbakan Erdo\u011fan, 26 Kas\u0131m&#8217;da sindirim sistemi ameliyat\u0131 ge\u00e7irmi\u015fti. O tarihten itibaren evinde dinlenen Erdo\u011fan&#8217;\u0131 ABD Ba\u015fkan Yard\u0131mc\u0131s\u0131 Joe Biden de ziyaret etmi\u015fti.<\/p>\n<p style=\"text-align: justify;\"><a href=\"http:\/\/www.ntvmsnbc.com\/id\/25303811\" target=\"_blank\">Kaynak : NTVMSNBC<\/a><\/p>\n","protected":false},"excerpt":{"rendered":"<p style=\"text-align: justify;\">\n<p style=\"text-align: justify;\">10 g\u00fcn \u00f6nce ameliyat olan Ba\u015fbakan Erdo\u011fan, bu hafta sonuna kadar evinde dinlenecek. Erdo\u011fan\u2019\u0131n Katar ziyaretini iptal etti\u011fi \u00f6\u011frenildi. Erdo\u011fan&#8217;\u0131n \u00fc\u00e7 foto\u011fraf\u0131 daha yay\u0131mland\u0131.<\/p>\n<p style=\"text-align: justify;\">\u0130STANBUL &#8211; Katar Emiri \u015eeyh Hamad Bin Halife El Tani, 10 g\u00fcn \u00f6nce ameliyat olan Ba\u015fbakan Recep Tayyip Erdo\u011fan&#8217;\u0131n \u00dcsk\u00fcdar K\u0131s\u0131kl\u0131&#8217;daki konutuna geldi. Erdo\u011fan, <\/p>\n","protected":false},"author":1,"featured_media":0,"comment_status":"open","ping_status":"open","sticky":false,"template":"","format":"standard","meta":{"footnotes":""},"categories":[105],"tags":[],"class_list":["post-43790","post","type-post","status-publish","format-standard","hentry","category-gundem","odd"],"_links":{"self":[{"href":"http:\/\/www.korhanyilmaz.com\/index.php?rest_route=\/wp\/v2\/posts\/43790","targetHints":{"allow":["GET"]}}],"collection":[{"href":"http:\/\/www.korhanyilmaz.com\/index.php?rest_route=\/wp\/v2\/posts"}],"about":[{"href":"http:\/\/www.korhanyilmaz.com\/index.php?rest_route=\/wp\/v2\/types\/post"}],"author":[{"embeddable":true,"href":"http:\/\/www.korhanyilmaz.com\/index.php?rest_route=\/wp\/v2\/users\/1"}],"replies":[{"embeddable":true,"href":"http:\/\/www.korhanyilmaz.com\/index.php?rest_route=%2Fwp%2Fv2%2Fcomments&post=43790"}],"version-history":[{"count":0,"href":"http:\/\/www.korhanyilmaz.com\/index.php?rest_route=\/wp\/v2\/posts\/43790\/revisions"}],"wp:attachment":[{"href":"http:\/\/www.korhanyilmaz.com\/index.php?rest_route=%2Fwp%2Fv2%2Fmedia&parent=43790"}],"wp:term":[{"taxonomy":"category","embeddable":true,"href":"http:\/\/www.korhanyilmaz.com\/index.php?rest_route=%2Fwp%2Fv2%2Fcategories&post=43790"},{"taxonomy":"post_tag","embeddable":true,"href":"http:\/\/www.korhanyilmaz.com\/index.php?rest_route=%2Fwp%2Fv2%2Ftags&post=43790"}],"curies":[{"name":"wp","href":"https:\/\/api.w.org\/{rel}","templated":true}]}}