{"id":43781,"date":"2011-12-07T13:50:10","date_gmt":"2011-12-07T11:50:10","guid":{"rendered":"http:\/\/www.korhanyilmaz.com\/?p=43781"},"modified":"2011-12-07T14:44:30","modified_gmt":"2011-12-07T12:44:30","slug":"peker-devlet-arsami-20-milyon-dolara-aldi","status":"publish","type":"post","link":"http:\/\/www.korhanyilmaz.com\/?p=43781","title":{"rendered":"Peker: Devlet arsam\u0131 20 milyon dolara ald\u0131"},"content":{"rendered":"<p style=\"text-align: center;\"><a href=\"http:\/\/www.korhanyilmaz.com\/wp-content\/uploads\/2011\/12\/7454.jpg\"  class=\"lightview\"><img loading=\"lazy\" decoding=\"async\" class=\"aligncenter  wp-image-43782\" src=\"http:\/\/www.korhanyilmaz.com\/wp-content\/uploads\/2011\/12\/7454.jpg\" alt=\"\" width=\"307\" height=\"236\" \/><\/a><\/p>\n<p style=\"text-align: justify;\">&#8221;Ergenekon&#8221; davas\u0131 san\u0131\u011f\u0131 Sedat Peker, Kartal\u2019daki 1.5 milyon dolarl\u0131k arsas\u0131n\u0131 Adalet Bakanl\u0131\u011f\u0131\u2019n\u0131n 20 milyon dolara sat\u0131n ald\u0131\u011f\u0131n\u0131 \u00f6ne s\u00fcrd\u00fc.<\/p>\n<p style=\"text-align: justify;\">&#8216;Adalet Bakanl\u0131\u011f\u0131 beni zengin etti&#8217; \u0130stanbul 13. A\u011f\u0131r Ceza Mahkemesi taraf\u0131ndan Silivri\u2019de g\u00f6r\u00fclen Birinci &#8216;Ergenekon&#8217; davas\u0131nda mahkeme heyeti \u00fcyesi Sedat Sami Ha\u015f\u0131lo\u011flu&#8217;nun, Ahmet \u0130htiyaro\u011flu&#8217;nu tan\u0131y\u0131p tan\u0131mad\u0131\u011f\u0131n\u0131 sordu\u011fu Bo\u011fa\u00e7 Kaan Murathan, &#8216;2000&#8217;li y\u0131llarda senede 2 operasyon ge\u00e7iriyorduk. Ahmet \u0130htiyaro\u011flu da Serkan Ak\u00e7a ile bize i\u015fkence yapan Adil Serdar Sa\u00e7an&#8217;\u0131n ekibindeydi&#8217; diye cevap verdi.\u00a0<!--more--><\/p>\n<p style=\"text-align: justify;\">Ha\u015f\u0131lo\u011flu&#8217;nun &#8216;Bayrampa\u015fa Cezaevinden tahliye oldu\u011fun 4 Mart 2008 ile Cumhuriyet Gazetesine molotofkokteyli at\u0131ld\u0131\u011f\u0131 29 Mart 2008 tarihine kadar ne yapt\u0131n?&#8217; diye sordu\u011fu Murathan &#8216;E\u015fimle cezaevinde evlendim. D\u00fc\u011f\u00fcn yapamam\u0131\u015ft\u0131k. E\u015fimin dedesi yatalak hasta oldu\u011fu i\u00e7in d\u00fc\u011f\u00fcn\u00fcm\u00fcz\u00fc g\u00f6rmek istedi. Ben de bu s\u00fcre zarf\u0131nda k\u0131na i\u015fleri ve i\u00e7eride oldu\u011fum s\u00fcrece aksatt\u0131\u011f\u0131m \u015firket i\u015fleri ile ilgilendim. Bu s\u0131rada e\u015fim hamile oldu\u011fu i\u00e7in onu \u0130stanbul&#8217;a ailesinin yan\u0131na b\u0131rakt\u0131m. Haftan\u0131n 4 g\u00fcn\u00fc Alanya&#8217;da \u015firketimin i\u015fleri ile u\u011fra\u015ft\u0131m, kalan g\u00fcnlerde \u0130stanbul&#8217;a e\u015fimin yan\u0131na geldim. Olaydan 2 g\u00fcn \u00f6nce de e\u015fimle Alanya&#8217;ya d\u00f6nd\u00fck&#8217; dedi.<\/p>\n<p style=\"text-align: justify;\"><strong>\u2018Ayd\u0131nl\u0131k&#8217;takiler benden iyi olabilir ama&#8230;\u2019\u00a0<\/strong><\/p>\n<p style=\"text-align: justify;\">Murathan&#8217;\u0131n sorgusundan sonra s\u00f6z alan Sedat Peker, &#8216;Ayd\u0131nl\u0131k grubundaki insanlar, benden iyi olabilir. Ancak biz ayr\u0131 d\u00fcnyalar\u0131n insanlar\u0131y\u0131z. \u0130deolojik g\u00f6r\u00fc\u015flerimiz farkl\u0131d\u0131r&#8217; diye konu\u015ftu.<\/p>\n<p style=\"text-align: justify;\"><strong>\u2018Sorguya \u00e7a\u011fr\u0131lmamak garibime gitti\u2019<\/strong><\/p>\n<p style=\"text-align: justify;\">Sedat Peker, \u015funlar\u0131 kaydetti: &#8216;Cezaevinde yatarken Serdar Ak\u00e7a ile konu\u015fmak i\u00e7in baz\u0131 i\u015f adamlar\u0131 geldi. Serdar Ak\u00e7a hakk\u0131ndaki \u015fikayetleri geri almam\u0131 rica ettiler. &#8216;Meslekten at\u0131l\u0131rsa \u00e7olu\u011fu \u00e7ocu\u011fu a\u00e7 kal\u0131r&#8217; dediler. Ben de onun avukat\u0131 arac\u0131l\u0131\u011f\u0131yla istedi\u011fi y\u00f6r\u00fcngede ifadeler verdim. Meslekten at\u0131lmad\u0131. \u00d6\u011frendim ki benim iftira att\u0131\u011f\u0131m\u0131 iddia ederek, su\u00e7 duyurusunda bulunmu\u015f. Son g\u00fcnlerde kamuoyunda \u015fike soru\u015fturmas\u0131 s\u00f6z konusu oldu. O konuyla ilgili beni nas\u0131l ifadeye \u00e7a\u011f\u0131rmad\u0131lar anlam\u0131\u015f de\u011filim. Garibime gitti. Her dosyada bir numaral\u0131 san\u0131k ben oluyordum. Sonradan \u00f6\u011frendim ki Serdar Ak\u00e7a organize su\u00e7lar b\u00f6l\u00fcm\u00fcnden ayr\u0131lm\u0131\u015f. O y\u00fczden al\u0131nmad\u0131\u011f\u0131m\u0131 anlad\u0131m. Ben bu zamana kadar yapt\u0131\u011f\u0131m her \u015feyi s\u00f6ylerim.&#8217;<\/p>\n<p style=\"text-align: justify;\"><strong>\u2018Adalet bakanl\u0131\u011f\u0131 arsam\u0131 20 milyon dolara ald\u0131\u2019<\/strong><\/p>\n<p style=\"text-align: justify;\">San\u0131k Bedirhan \u015einal&#8217;\u0131n &#8216;Sedat Peker&#8217;in 3 milyar dolar serveti var&#8217; iddialar\u0131na Peker, &#8216;Ben para konusunda \u00e7ok \u015fansl\u0131y\u0131m. Ailem, akrabalar\u0131m varl\u0131kl\u0131 ki\u015filer. Varl\u0131kl\u0131 bir ailenin \u00e7ocu\u011fu olarak d\u00fcnyaya geldim. Benim her zaman param oldu ve harcad\u0131m. 3 milyar dolar b\u00fcy\u00fck para. Bu para sebebiyle \u00fclkeler aras\u0131nda sava\u015flar \u00e7\u0131k\u0131yor. Ben de ekonomik olarak zor bir s\u00fcre\u00e7 ya\u015fad\u0131m. Cezaevindeyken e\u015fimin dostumun paras\u0131yla ge\u00e7indim. Kartal&#8217;da bir arsam vard\u0131. 1,5 milyon dolar de\u011ferindeydi. \u015eu anda oraya Kartal Adliyesi kuruldu. Adalet Bakanl\u0131\u011f\u0131 benim arsam\u0131 20 milyon dolara sat\u0131n ald\u0131&#8217; dedi.<\/p>\n<p style=\"text-align: justify;\">\u0130lhan Sel\u00e7uk&#8217;un rahmetli olmadan \u00f6nce Sedat Peker ile bir ilgisinin olmad\u0131\u011f\u0131 s\u00f6zlerini hat\u0131rlatan Peker, &#8216;Allah&#8217;tan \u0130lhan Sel\u00e7uk \u00f6lmeden a\u00e7\u0131klad\u0131. Bunlar\u0131 s\u00f6ylemeden \u00f6lseydi ne olurdu bilmiyorum. Benim de kendisiyle bir ilgim yoktur&#8217; diye konu\u015ftu.<\/p>\n<p style=\"text-align: justify;\"><strong>\u2018Kendimi ya\u015fl\u0131 hissediyorum\u2019\u00a0<\/strong><\/p>\n<p style=\"text-align: justify;\">Futbolda \u015fike iddialar\u0131 kapsam\u0131nda g\u00f6zalt\u0131na al\u0131nan Olgun Peker ile aralar\u0131nda 2 ya\u015f oldu\u011funu belirten Peker, &#8216;Benim i\u00e7in &#8216;Olgun Peker&#8217;in manevi babas\u0131&#8217; diyorlar. Kendimi ya\u015fl\u0131 hissediyorum. Ben mutlu bir insan\u0131m&#8217; dedi.<\/p>\n<p style=\"text-align: justify;\"><strong>Perin\u00e7ek: G\u00fclen\u2019le g\u00f6r\u00fc\u015fmedim\u00a0<\/strong><\/p>\n<p style=\"text-align: justify;\">Tutuklu san\u0131k Do\u011fu Perin\u00e7ek de \u00e7apraz sorguda ad\u0131 ge\u00e7ti\u011fini belirterek s\u00f6z ald\u0131. Perin\u00e7ek, kendisiyle g\u00f6r\u00fc\u015fmek isteyen herkes ile g\u00f6r\u00fc\u015fece\u011fini ifade ederek, &#8216;Kendime g\u00fcvenim tam ama Sedat Peker ile ne g\u00f6r\u00fc\u015ft\u00fcm, ne de bir g\u00f6r\u00fc\u015f talebiyle kar\u015f\u0131la\u015ft\u0131m. Kendisine hi\u00e7bir yerde rastlamad\u0131m. Abdullah G\u00fcl ile de g\u00f6r\u00fc\u015ft\u00fcm. G\u00f6r\u00fc\u015fmeyi reddedi\u011fim tek ki\u015fi Fethullah G\u00fclen olmu\u015ftur. \u00c7\u00fcnk\u00fc T\u00fcrkiye&#8217;yi bug\u00fcnlere s\u00fcr\u00fckleyeceklerini bildi\u011fim i\u00e7in g\u00f6r\u00fc\u015fmedim&#8217; dedi.<\/p>\n<p style=\"text-align: justify;\"><strong>Adalet Bakanl\u0131\u011f\u0131 yalanlad\u0131\u00a0<\/strong><\/p>\n<p style=\"text-align: justify;\">Adalet Bakanl\u0131\u011f\u0131, Peker&#8217;in iddialar\u0131 \u00fczerine a\u00e7\u0131klama yapt\u0131. Adalet Bakanl\u0131\u011f\u0131 Bas\u0131n ve Halkla \u0130li\u015fkiler M\u00fc\u015favirli\u011finden yap\u0131lan yaz\u0131l\u0131 a\u00e7\u0131klamada, bug\u00fcn baz\u0131 medya organlar\u0131nda &#8220;Sedat Peker; Adalet Bakanl\u0131\u011f\u0131, 1.5 milyon dolar de\u011ferli arsam\u0131 20 milyon dolara ald\u0131&#8221; ifadelerini i\u00e7eren haberlerin yap\u0131ld\u0131\u011f\u0131n\u0131n g\u00f6r\u00fcld\u00fc\u011f\u00fc bildirildi.<\/p>\n<p style=\"text-align: justify;\">Konu hakk\u0131nda yap\u0131lan incelemeler sonucunda \u015fu a\u00e7\u0131klaman\u0131n yap\u0131lmas\u0131na gereksinim duyuldu\u011fu belirtildi:<\/p>\n<p style=\"text-align: justify;\">&#8220;\u0130stanbul&#8217;un Kartal il\u00e7esi ve Cevizli Mahallesi&#8217;nde bulunan, tamam\u0131 123.645,20 metrekare y\u00fcz\u00f6l\u00e7\u00fcm\u00fcnde arsa (1104 ada ve 85 parsel), Maliye Hazinesi ad\u0131na kay\u0131tl\u0131 olup, Anadolu Yakas\u0131 Adalet Saray\u0131 yap\u0131lmak \u00fczere 20 Aral\u0131k 2005 tarihinde, \u0130stanbul Valili\u011fi Defterdarl\u0131k Anadolu Yakas\u0131 Milli Emlak Dairesi Ba\u015fkanl\u0131\u011f\u0131 taraf\u0131ndan Adalet Bakanl\u0131\u011f\u0131 ad\u0131na tahsis edilmi\u015ftir. Bu parselde, herhangi bir sat\u0131\u015f i\u015flemi ger\u00e7ekle\u015fmemi\u015ftir.&#8221;<\/p>\n<p style=\"text-align: justify;\"><a href=\"http:\/\/www.cnnturk.com\/2011\/guncel\/12\/07\/peker.devlet.arsami.20.milyon.dolara.aldi\/639550.0\/index.html\" target=\"_blank\">Kaynak : CNN T\u00dcRK<\/a><\/p>\n","protected":false},"excerpt":{"rendered":"<p style=\"text-align: center;\">\n<p style=\"text-align: justify;\">&#8221;Ergenekon&#8221; davas\u0131 san\u0131\u011f\u0131 Sedat Peker, Kartal\u2019daki 1.5 milyon dolarl\u0131k arsas\u0131n\u0131 Adalet Bakanl\u0131\u011f\u0131\u2019n\u0131n 20 milyon dolara sat\u0131n ald\u0131\u011f\u0131n\u0131 \u00f6ne s\u00fcrd\u00fc.<\/p>\n<p style=\"text-align: justify;\">&#8216;Adalet Bakanl\u0131\u011f\u0131 beni zengin etti&#8217; \u0130stanbul 13. A\u011f\u0131r Ceza Mahkemesi taraf\u0131ndan Silivri\u2019de g\u00f6r\u00fclen Birinci &#8216;Ergenekon&#8217; davas\u0131nda mahkeme heyeti \u00fcyesi Sedat Sami Ha\u015f\u0131lo\u011flu&#8217;nun, Ahmet \u0130htiyaro\u011flu&#8217;nu tan\u0131y\u0131p tan\u0131mad\u0131\u011f\u0131n\u0131 sordu\u011fu Bo\u011fa\u00e7 Kaan <\/p>\n","protected":false},"author":1,"featured_media":0,"comment_status":"open","ping_status":"open","sticky":false,"template":"","format":"standard","meta":{"footnotes":""},"categories":[105],"tags":[],"class_list":["post-43781","post","type-post","status-publish","format-standard","hentry","category-gundem","odd"],"_links":{"self":[{"href":"http:\/\/www.korhanyilmaz.com\/index.php?rest_route=\/wp\/v2\/posts\/43781","targetHints":{"allow":["GET"]}}],"collection":[{"href":"http:\/\/www.korhanyilmaz.com\/index.php?rest_route=\/wp\/v2\/posts"}],"about":[{"href":"http:\/\/www.korhanyilmaz.com\/index.php?rest_route=\/wp\/v2\/types\/post"}],"author":[{"embeddable":true,"href":"http:\/\/www.korhanyilmaz.com\/index.php?rest_route=\/wp\/v2\/users\/1"}],"replies":[{"embeddable":true,"href":"http:\/\/www.korhanyilmaz.com\/index.php?rest_route=%2Fwp%2Fv2%2Fcomments&post=43781"}],"version-history":[{"count":0,"href":"http:\/\/www.korhanyilmaz.com\/index.php?rest_route=\/wp\/v2\/posts\/43781\/revisions"}],"wp:attachment":[{"href":"http:\/\/www.korhanyilmaz.com\/index.php?rest_route=%2Fwp%2Fv2%2Fmedia&parent=43781"}],"wp:term":[{"taxonomy":"category","embeddable":true,"href":"http:\/\/www.korhanyilmaz.com\/index.php?rest_route=%2Fwp%2Fv2%2Fcategories&post=43781"},{"taxonomy":"post_tag","embeddable":true,"href":"http:\/\/www.korhanyilmaz.com\/index.php?rest_route=%2Fwp%2Fv2%2Ftags&post=43781"}],"curies":[{"name":"wp","href":"https:\/\/api.w.org\/{rel}","templated":true}]}}