{"id":43777,"date":"2011-12-07T06:43:55","date_gmt":"2011-12-07T04:43:55","guid":{"rendered":"http:\/\/www.korhanyilmaz.com\/?p=43777"},"modified":"2011-12-07T13:01:40","modified_gmt":"2011-12-07T11:01:40","slug":"cankaya-ile-ilk-restlesme","status":"publish","type":"post","link":"http:\/\/www.korhanyilmaz.com\/?p=43777","title":{"rendered":"\u00c7ankaya ile ilk restle\u015fme"},"content":{"rendered":"<p style=\"text-align: center;\"><a href=\"http:\/\/www.korhanyilmaz.com\/wp-content\/uploads\/2011\/12\/7453.jpg\"  class=\"lightview\"><img loading=\"lazy\" decoding=\"async\" class=\"aligncenter  wp-image-43778\" src=\"http:\/\/www.korhanyilmaz.com\/wp-content\/uploads\/2011\/12\/7453.jpg\" alt=\"\" width=\"462\" height=\"210\" \/><\/a><\/p>\n<p style=\"text-align: justify;\">\u015eike yasas\u0131 AKP\u2019de ta\u015flar\u0131 yerinden oynatt\u0131. \u0130ktidar partisi ile Cumhurba\u015fkan\u0131 aras\u0131nda ilk restle\u015fme ya\u015fan\u0131yor. Partide iki grup olu\u015ftu. Erdo\u011fan\u2019\u0131n rahats\u0131zl\u0131\u011f\u0131 \u00e7atla\u011f\u0131 derinle\u015ftirdi.<\/p>\n<p style=\"text-align: justify;\">ANKARA- \u015eike yasas\u0131 AKP\u2019de ta\u015flar\u0131 yerinden oynatt\u0131. \u0130ktidar partisi ile Cumhurba\u015fkan\u0131 Abdullah G\u00fcl aras\u0131nda ilk restle\u015fme ya\u015fan\u0131yor. G\u00fcl\u2019\u00fcn \u00c7ankaya\u2019ya \u00e7\u0131kt\u0131\u011f\u0131 2008 y\u0131l\u0131ndan bu yana AKP ile \u00c7ankaya aras\u0131nda hi\u00e7bir yasa sorun olmam\u0131\u015f, fikir ayr\u0131l\u0131\u011f\u0131 da ya\u015fanmam\u0131\u015ft\u0131.<!--more--><\/p>\n<p style=\"text-align: justify;\">AKP Grup Ba\u015fkanvekili ve teklifteki imza sahibi Nurettin Canikli\u2019nin, yasay\u0131 aynen ve tekrar benimseyip \u00c7ankaya\u2019ya g\u00f6ndereceklerini a\u00e7\u0131klamas\u0131, G\u00fcl ile ilk restle\u015fmeyi do\u011furdu. Yasa aynen ve yeniden TBMM\u2019den ge\u00e7erse, Cumhurba\u015fkan\u0131 veto etti\u011fi yasay\u0131 bu kez onaylamak zorunda kalacak.<\/p>\n<p style=\"text-align: justify;\">Vetolu yasa, partide yasaya destek verenler ve kar\u015f\u0131 \u00e7\u0131kanlar olmak \u00fczere iki grubun olu\u015fmas\u0131na neden oldu. Ba\u015fbakan yard\u0131mc\u0131s\u0131 B\u00fclent Ar\u0131n\u00e7, milletvekilleri \u015eamil Tayyar ve Mevlut Akg\u00fcn\u2019\u00fcn ba\u015f\u0131n\u0131 \u00e7ekti\u011fi grup yasaya kar\u015f\u0131 duru\u015funu s\u00fcrd\u00fcr\u00fcyor. Grup Ba\u015fkan vekilleri Nurettin Canikli ve Mustafa Elita\u015f ise, yasan\u0131n yeniden \u00e7\u0131kmas\u0131n\u0131 istiyor. CHP ve MHP ise yasaya destek verip, AKP\u2019deki \u2018\u2019\u00c7ankaya restle\u015fmesi\u2019\u2019 krizini de\u011ferlendiriyor.<\/p>\n<p style=\"text-align: justify;\"><strong>ORTA YOL<\/strong><\/p>\n<p style=\"text-align: justify;\">AKP ve TBMM\u2019yi kar\u0131\u015ft\u0131ran \u015fike yasas\u0131nda orta yol da aran\u0131yor. Cumhurba\u015fkan\u0131 Abdullah G\u00fcl\u2019\u00fcn \u015fike cezalar\u0131n\u0131 5-12 y\u0131ldan 1-3 y\u0131la indiren yasay\u0131 veto etmesinin ard\u0131ndan bir grup AKP milletvekili de \u2018\u2019K\u0131smi de\u011fi\u015fiklik ile orta yol\u2019\u2019 bulunmas\u0131 i\u00e7in \u00e7al\u0131\u015fma ba\u015flat\u0131ld\u0131. Son karar\u0131 ise Ba\u015fbakan Erdo\u011fan verecek ve \u2018\u2019Yasan\u0131n komisyonda bekletilmesi, aynen ve yeniden ge\u00e7irilmesi, ya da k\u0131smi de\u011fi\u015fiklik yap\u0131lmas\u0131\u2019\u2019 se\u00e7eneklerinden biri netle\u015fecek.<\/p>\n<p style=\"text-align: justify;\">\u2018\u2019Orta yolcular\u2019\u2019 \u015fike su\u00e7una vetolu yasada \u00f6ng\u00f6r\u00fclen 1-3 y\u0131ll\u0131k hapis cezas\u0131n\u0131n 3-5 y\u0131la y\u00fckseltmesi, ve b\u00f6ylelikle mevcut yasada yer alan 5-12 y\u0131ll\u0131k cezan\u0131n, makul bir seviyeye inmesi \u00fczerinde duruyor. Vetolu yasada yer alan cezalar i\u00e7in \u2018\u2019H\u00fckm\u00fcn a\u00e7\u0131klanmas\u0131n\u0131n geri b\u0131rak\u0131lmas\u0131 karar\u0131 verilemez; verilen hapis cezas\u0131 se\u00e7enek yapt\u0131r\u0131mlara \u00e7evrilemez ve ertelenemez\u2019\u2019 maddesinin ise aynen korunmas\u0131 hedefleniyor. \u015eike su\u00e7unu i\u015fleyen ve mahkum olanlar, spor kul\u00fcplerinin, federasyonlar\u0131n, b\u00fcnyesinde sportif faaliyetler icra edilen t\u00fczel ki\u015filerin y\u00f6netim ve denetim organlar\u0131nda g\u00f6rev yapamayacak.<\/p>\n<p style=\"text-align: justify;\">Cumhurba\u015fkan\u0131 G\u00fcl&#8217;\u00fcn veto etti\u011fi yasa Adalet Komisyonuna g\u00f6nderildi. Komisyon yasay\u0131 bekletebilece\u011fi gibi, yeniden ele alabiliyor. Komisyon ve Genel Kurul, yasay\u0131 yeniden g\u00f6r\u00fc\u015f\u00fcp \u00fczerinde de\u011fi\u015fiklik yapabilecek ya da aynen kabul edecek. Meclis, geri g\u00f6nderilen kanunu aynen benimserse, Cumhurba\u015fkan\u0131 onaylamak zorunda kalacak. Ancak Anayasa Mahkemesine iptal davas\u0131 a\u00e7abilecek. Meclis vetolu yasada de\u011fi\u015fiklik yaparsa Cumhurba\u015fkan\u0131n\u0131n yeniden veto hakk\u0131 bulunuyor.<\/p>\n<p style=\"text-align: justify;\"><a href=\"http:\/\/www.gazeteport.com.tr\/haber\/66842\/cankaya_ile_ilk_restlesme\" target=\"_blank\">Kaynak : GAZETEPORT<\/a><\/p>\n","protected":false},"excerpt":{"rendered":"<p style=\"text-align: center;\">\n<p style=\"text-align: justify;\">\u015eike yasas\u0131 AKP\u2019de ta\u015flar\u0131 yerinden oynatt\u0131. \u0130ktidar partisi ile Cumhurba\u015fkan\u0131 aras\u0131nda ilk restle\u015fme ya\u015fan\u0131yor. Partide iki grup olu\u015ftu. Erdo\u011fan\u2019\u0131n rahats\u0131zl\u0131\u011f\u0131 \u00e7atla\u011f\u0131 derinle\u015ftirdi.<\/p>\n<p style=\"text-align: justify;\">ANKARA- \u015eike yasas\u0131 AKP\u2019de ta\u015flar\u0131 yerinden oynatt\u0131. \u0130ktidar partisi ile Cumhurba\u015fkan\u0131 Abdullah G\u00fcl aras\u0131nda ilk restle\u015fme ya\u015fan\u0131yor. G\u00fcl\u2019\u00fcn \u00c7ankaya\u2019ya \u00e7\u0131kt\u0131\u011f\u0131 2008 y\u0131l\u0131ndan bu yana AKP ile <\/p>\n","protected":false},"author":1,"featured_media":0,"comment_status":"open","ping_status":"open","sticky":false,"template":"","format":"standard","meta":{"footnotes":""},"categories":[105],"tags":[],"class_list":["post-43777","post","type-post","status-publish","format-standard","hentry","category-gundem","odd"],"_links":{"self":[{"href":"http:\/\/www.korhanyilmaz.com\/index.php?rest_route=\/wp\/v2\/posts\/43777","targetHints":{"allow":["GET"]}}],"collection":[{"href":"http:\/\/www.korhanyilmaz.com\/index.php?rest_route=\/wp\/v2\/posts"}],"about":[{"href":"http:\/\/www.korhanyilmaz.com\/index.php?rest_route=\/wp\/v2\/types\/post"}],"author":[{"embeddable":true,"href":"http:\/\/www.korhanyilmaz.com\/index.php?rest_route=\/wp\/v2\/users\/1"}],"replies":[{"embeddable":true,"href":"http:\/\/www.korhanyilmaz.com\/index.php?rest_route=%2Fwp%2Fv2%2Fcomments&post=43777"}],"version-history":[{"count":0,"href":"http:\/\/www.korhanyilmaz.com\/index.php?rest_route=\/wp\/v2\/posts\/43777\/revisions"}],"wp:attachment":[{"href":"http:\/\/www.korhanyilmaz.com\/index.php?rest_route=%2Fwp%2Fv2%2Fmedia&parent=43777"}],"wp:term":[{"taxonomy":"category","embeddable":true,"href":"http:\/\/www.korhanyilmaz.com\/index.php?rest_route=%2Fwp%2Fv2%2Fcategories&post=43777"},{"taxonomy":"post_tag","embeddable":true,"href":"http:\/\/www.korhanyilmaz.com\/index.php?rest_route=%2Fwp%2Fv2%2Ftags&post=43777"}],"curies":[{"name":"wp","href":"https:\/\/api.w.org\/{rel}","templated":true}]}}