{"id":43773,"date":"2011-12-07T07:53:24","date_gmt":"2011-12-07T05:53:24","guid":{"rendered":"http:\/\/www.korhanyilmaz.com\/?p=43773"},"modified":"2011-12-07T12:57:15","modified_gmt":"2011-12-07T10:57:15","slug":"basbakan-veto-edilen-yasayi-aynen-gecirin","status":"publish","type":"post","link":"http:\/\/www.korhanyilmaz.com\/?p=43773","title":{"rendered":"Ba\u015fbakan: Veto edilen yasay\u0131 aynen ge\u00e7irin"},"content":{"rendered":"<p style=\"text-align: center;\"><a href=\"http:\/\/www.korhanyilmaz.com\/wp-content\/uploads\/2011\/12\/7452.jpg\"  class=\"lightview\"><img loading=\"lazy\" decoding=\"async\" class=\"aligncenter  wp-image-43774\" src=\"http:\/\/www.korhanyilmaz.com\/wp-content\/uploads\/2011\/12\/7452.jpg\" alt=\"\" width=\"336\" height=\"210\" \/><\/a><\/p>\n<p style=\"text-align: justify;\">Cumhurba\u015fkan\u0131 Abdullah G\u00fcl\u2019\u00fcn veto etti\u011fi \u015eike Yasas\u0131 i\u00e7in TBMM\u2019de iki g\u00fcnd\u00fcr m\u00fcthi\u015f bir kulis yap\u0131ld\u0131. Ba\u015fbakan Erdo\u011fan, grup y\u00f6neticilerini arayarak, \u201cPartilerin deste\u011fi s\u00fcr\u00fcyorsa, aynen ge\u00e7irin\u201d talimat\u0131 verdi.<!--more--><\/p>\n<p style=\"text-align: justify;\">Cumhurba\u015fkan\u0131 Abdullah G\u00fcl\u2019\u00fcn d\u00fczenlenen \u015eike Yasas\u0131\u2019n\u0131 veto etmesi Ak Parti grubunda \u00f6nce, Erdo\u011fan\u2019\u0131n bilgisi dahilinde oldu\u011fu \u015feklinde yorumland\u0131. Ancak haftasonu yap\u0131lan g\u00f6r\u00fc\u015fmelerde, Erdo\u011fan\u2019\u0131n yasan\u0131n veto edilece\u011finden \u00f6nceden haberdar olmad\u0131\u011f\u0131 ortaya \u00e7\u0131kt\u0131. Ak Parti y\u00f6neticileri, bundan sonras\u0131na ili\u015fkin tav\u0131rlar\u0131n\u0131 netle\u015ftirmek i\u00e7in Erdo\u011fan\u2019la telefonda g\u00f6r\u00fc\u015ft\u00fc. Erdo\u011fan, \u201cPartilerin deste\u011fi s\u00fcr\u00fcyorsa aynen ge\u00e7irin\u201d dedi.<\/p>\n<p style=\"text-align: justify;\">Bu a\u00e7\u0131klama \u00fczerine iktidar partisinin y\u00f6neticilerinin \u201cinisiyatif almayan\u201d tavr\u0131 de\u011fi\u015fti. \u0130lk sinyal Ak Parti Grup Ba\u015fkanvekili Mustafa Elita\u015f\u2019tan \u00f6nceki g\u00fcn geldi.<\/p>\n<p style=\"text-align: justify;\"><strong>Gizli destek temas\u0131\u00a0<\/strong><\/p>\n<p style=\"text-align: justify;\">Elita\u015f, \u201cCumhurba\u015fkan\u0131n\u0131n g\u00f6r\u00fc\u015flerine sayg\u0131l\u0131y\u0131z ancak Meclis\u2019in iradesi \u00f6ne \u00e7\u0131kar\u201d s\u00f6zleriyle, yasayla ilgili yeni s\u00fcrecin sinyalini verdi. Bu a\u00e7\u0131klaman\u0131n ard\u0131ndan Ak Parti, CHP ve MHP y\u00f6neticileri aras\u0131nda g\u00f6r\u00fc\u015fme trafi\u011fi ya\u015fand\u0131. G\u00f6r\u00fc\u015fmelerden, \u201cOrtak hareket edeceksek, parti s\u00f6zc\u00fcleri d\u00fczenlemeye kar\u015f\u0131ym\u0131\u015f gibi g\u00f6r\u00fcnen a\u00e7\u0131klamalardan vazge\u00e7sinler\u201d karar\u0131 \u00e7\u0131kt\u0131.<\/p>\n<p style=\"text-align: justify;\"><strong>G\u00fcl Anayasa Mahkemesi\u2019ne gitmez\u00a0<\/strong><\/p>\n<p style=\"text-align: justify;\">CHP Grup Ba\u015fkanvekili Emine \u00dclker Tarhan\u2019\u0131n, \u201cHukuk\u00e7u olarak imzam\u0131n arkas\u0131nday\u0131m. 18 y\u0131l hapis cezas\u0131, sportif bir su\u00e7ta bu kadar y\u00fcksek tutulmas\u0131 toplum vicdan\u0131yla ba\u011fda\u015fm\u0131yor\u201d a\u00e7\u0131klamas\u0131 ve MHP Genel Ba\u015fkan\u0131 Devlet Bah\u00e7eli\u2019nin de imzas\u0131na sahip \u00e7\u0131kmas\u0131ndan sonra Ak Parti Grup Ba\u015fkanvekili Nurettin Canikli, iktidar partisinin tavr\u0131n\u0131 a\u00e7\u0131klayarak, \u201cAK Parti Grubu olarak, yasay\u0131 aynen K\u00f6\u015fk\u2019e g\u00f6ndermekten yanay\u0131z. TBMM\u2019deki mutabakata sad\u0131k kalaca\u011f\u0131z. Cumhurba\u015fkan\u0131\u2019n\u0131n yasay\u0131 Anayasa Mahkemesi\u2019ne g\u00f6t\u00fcrece\u011fi y\u00f6n\u00fcnde bir beklentimiz yok\u201d diye konu\u015ftu.<\/p>\n<p style=\"text-align: justify;\"><strong>Yasa yar\u0131n Adalet Komisyonu\u2019nda\u00a0<\/strong><\/p>\n<p style=\"text-align: justify;\">Yasan\u0131n yar\u0131n Meclis Adalet Komisyonu\u2019nda g\u00f6r\u00fc\u015f\u00fclmesi ard\u0131ndan da pazar g\u00fcn\u00fc yasala\u015ft\u0131r\u0131lmas\u0131 planland\u0131. \u015eike Yasas\u0131 normal takvim i\u015flerse pazartesi g\u00fcn\u00fc yeniden \u00c7ankaya K\u00f6\u015fk\u00fc\u2019ne g\u00f6nderilecek.<\/p>\n<p style=\"text-align: justify;\">Cumhurba\u015fkan\u0131 Abdullah G\u00fcl\u2019\u00fcn aynen kabul edilen yasay\u0131 2\u2019nci kez veto etme hakk\u0131 bulunmuyor. Ancak G\u00fcl, anayasa ayk\u0131r\u0131 oldu\u011fu gerek\u00e7esiyle Anayasa Mahkemesi\u2019ne g\u00f6t\u00fcrebilir.<\/p>\n<p style=\"text-align: justify;\">Fakat Ak Parti y\u00f6neticileri, Anayasaya ayk\u0131r\u0131l\u0131k olmad\u0131\u011f\u0131 i\u00e7in G\u00fcl\u2019\u00fcn bu yolu tercih etmeyece\u011fini belirtiyorlar.<\/p>\n<p style=\"text-align: justify;\"><strong>MHP Genel Ba\u015fkan\u0131, yasa i\u00e7in att\u0131klar\u0131 imzaya sahip \u00e7\u0131kt\u0131<\/strong><\/p>\n<p style=\"text-align: justify;\"><strong>Bah\u00e7eli: S\u00f6z\u00fcm\u00fcz\u00fcn arkas\u0131nday\u0131z\u00a0<\/strong><\/p>\n<p style=\"text-align: justify;\">MHP Genel Ba\u015fkan\u0131 Devlet Bah\u00e7eli, Cumhurba\u015fkan\u0131 Abdullah G\u00fcl\u2019\u00fcn \u015fike yasas\u0131n\u0131 veto etmesine ve \u015fike iddianamesine tepki g\u00f6sterdi. G\u00fcl\u2019\u00fcn yakla\u015f\u0131m\u0131n\u0131 \u00e7ifte standartl\u0131 bulan ve \u201cT\u00fcrk futbolu art\u0131k soluk almal\u0131\u201d diyen Bah\u00e7eli \u015f\u00f6yle konu\u015ftu:<\/p>\n<p style=\"text-align: justify;\">\u201cD\u00f6rt partinin i\u015fbirli\u011fiyle \u00e7\u0131kart\u0131lan Kanun de\u011fi\u015fikli\u011fi, tekrar Meclis g\u00fcndemine ayn\u0131 haliyle gelirse, biz s\u00f6z\u00fcm\u00fcz\u00fcn ve kararl\u0131l\u0131\u011f\u0131m\u0131z\u0131n sonuna kadar arkas\u0131nda duraca\u011f\u0131z. K\u00f6kl\u00fc kul\u00fcplerimizin h\u0131rpalanmas\u0131n\u0131 \u015fiddetle reddediyoruz. Mahkeme a\u015famas\u0131 ger\u00e7ekle\u015fmeden, bir\u00e7ok ki\u015finin pe\u015finen su\u00e7lu gibi g\u00f6sterilmesi b\u00fcy\u00fck bir haks\u0131zl\u0131kt\u0131r.\u201d<\/p>\n<p style=\"text-align: justify;\"><a href=\"http:\/\/www.gazeteport.com.tr\/haber\/66868\/basbakan_veto_edilen_yasayi_aynen_gecirin\" target=\"_blank\">Kaynak : GAZETEPORT<\/a><\/p>\n","protected":false},"excerpt":{"rendered":"<p style=\"text-align: center;\">\n<p style=\"text-align: justify;\">Cumhurba\u015fkan\u0131 Abdullah G\u00fcl\u2019\u00fcn veto etti\u011fi \u015eike Yasas\u0131 i\u00e7in TBMM\u2019de iki g\u00fcnd\u00fcr m\u00fcthi\u015f bir kulis yap\u0131ld\u0131. Ba\u015fbakan Erdo\u011fan, grup y\u00f6neticilerini arayarak, \u201cPartilerin deste\u011fi s\u00fcr\u00fcyorsa, aynen ge\u00e7irin\u201d talimat\u0131 verdi.<\/p>\n","protected":false},"author":1,"featured_media":0,"comment_status":"open","ping_status":"open","sticky":false,"template":"","format":"standard","meta":{"footnotes":""},"categories":[105],"tags":[],"class_list":["post-43773","post","type-post","status-publish","format-standard","hentry","category-gundem","odd"],"_links":{"self":[{"href":"http:\/\/www.korhanyilmaz.com\/index.php?rest_route=\/wp\/v2\/posts\/43773","targetHints":{"allow":["GET"]}}],"collection":[{"href":"http:\/\/www.korhanyilmaz.com\/index.php?rest_route=\/wp\/v2\/posts"}],"about":[{"href":"http:\/\/www.korhanyilmaz.com\/index.php?rest_route=\/wp\/v2\/types\/post"}],"author":[{"embeddable":true,"href":"http:\/\/www.korhanyilmaz.com\/index.php?rest_route=\/wp\/v2\/users\/1"}],"replies":[{"embeddable":true,"href":"http:\/\/www.korhanyilmaz.com\/index.php?rest_route=%2Fwp%2Fv2%2Fcomments&post=43773"}],"version-history":[{"count":0,"href":"http:\/\/www.korhanyilmaz.com\/index.php?rest_route=\/wp\/v2\/posts\/43773\/revisions"}],"wp:attachment":[{"href":"http:\/\/www.korhanyilmaz.com\/index.php?rest_route=%2Fwp%2Fv2%2Fmedia&parent=43773"}],"wp:term":[{"taxonomy":"category","embeddable":true,"href":"http:\/\/www.korhanyilmaz.com\/index.php?rest_route=%2Fwp%2Fv2%2Fcategories&post=43773"},{"taxonomy":"post_tag","embeddable":true,"href":"http:\/\/www.korhanyilmaz.com\/index.php?rest_route=%2Fwp%2Fv2%2Ftags&post=43773"}],"curies":[{"name":"wp","href":"https:\/\/api.w.org\/{rel}","templated":true}]}}