{"id":43769,"date":"2011-12-07T08:05:06","date_gmt":"2011-12-07T06:05:06","guid":{"rendered":"http:\/\/www.korhanyilmaz.com\/?p=43769"},"modified":"2011-12-07T12:52:20","modified_gmt":"2011-12-07T10:52:20","slug":"gul-hakli","status":"publish","type":"post","link":"http:\/\/www.korhanyilmaz.com\/?p=43769","title":{"rendered":"&#8220;G\u00fcl hakl\u0131&#8221;"},"content":{"rendered":"<p style=\"text-align: center;\"><a href=\"http:\/\/www.korhanyilmaz.com\/wp-content\/uploads\/2011\/12\/7451.jpg\"  class=\"lightview\"><img loading=\"lazy\" decoding=\"async\" class=\"aligncenter  wp-image-43770\" src=\"http:\/\/www.korhanyilmaz.com\/wp-content\/uploads\/2011\/12\/7451.jpg\" alt=\"\" width=\"333\" height=\"210\" \/><\/a><\/p>\n<p style=\"text-align: justify;\">Hayati Yazc\u0131&#8217;dan Cumhurba\u015fkan\u0131 G\u00fcl&#8217;e destek&#8230;<\/p>\n<p style=\"text-align: justify;\">ANKARA &#8211; Cumhurba\u015fkan\u0131 Abdullah G\u00fcl&#8217;\u00fcn vetosu, -\u00fcyeleri ayn\u0131 partinin mensubu olan- h\u00fck\u00fcmetle AK Parti Grubu aras\u0131nda ayr\u0131\u015fmaya yol a\u00e7t\u0131.<\/p>\n<p style=\"text-align: justify;\">AK Parti Grup Ba\u015fkanvekili Nurettin Canikli&#8217;nin -d\u00fcn bir meslekta\u015f\u0131m\u0131z\u0131n sorusu \u00fczerine- aksini s\u00f6ylemesi, tabloyu de\u011fi\u015ftirmiyor.\u00a0<!--more--><\/p>\n<p style=\"text-align: justify;\">Ak\u015fam gazetesinin D\u00fcnk\u00fc geli\u015fmeler \u00fczerine arad\u0131\u011f\u0131m G\u00fcmr\u00fck ve Ticaret Bakan\u0131 Hayati Yaz\u0131c\u0131&#8217;n\u0131n a\u00e7\u0131klamalar\u0131, kendi \u00f6nemi kadar, bu ayr\u0131\u015fman\u0131n hafife al\u0131nmamas\u0131 gerekti\u011fine de i\u015faret ediyor.<\/p>\n<p style=\"text-align: justify;\"><strong>CUMHURBA\u015eKANI HAKLI<\/strong><\/p>\n<p style=\"text-align: justify;\">Yaz\u0131c\u0131, Canikli&#8217;nin &#8216;Yasay\u0131 aynen K\u00f6\u015fk&#8217;e g\u00f6ndermekten yanay\u0131z&#8217; a\u00e7\u0131klamas\u0131yla mutab\u0131k olmad\u0131\u011f\u0131n\u0131 s\u00f6yledi.<\/p>\n<p style=\"text-align: justify;\">Tam tersine G\u00fcl&#8217; \u00fcn &#8216;\u015eike Yasas\u0131&#8217; olarak an\u0131lan kanunu veto gerek\u00e7elerini isabetli buluyor. Yaz\u0131c\u0131, bu g\u00f6r\u00fc\u015f\u00fcn\u00fc, konu\u015fmam\u0131zda gayet berrak bir bi\u00e7imde &#8216;Cumhurba\u015fkan\u0131 hakl\u0131&#8217; diye yans\u0131tt\u0131. Dahas\u0131, &#8216;Grup&#8217;tan&#8217; farkl\u0131 yakla\u015f\u0131m\u0131n\u0131 &#8216;\u0130natla\u015fmak olmaz. Z\u0131tla\u015fma l\u00fcks\u00fcm\u00fcz yok. Oturulup konu\u015fulmas\u0131 laz\u0131m&#8217; diye net vurgularla ortaya koydu.<\/p>\n<p style=\"text-align: justify;\">Bakan Yaz\u0131c\u0131&#8217;n\u0131n izah\u0131 \u015f\u00f6yle:<\/p>\n<p style=\"text-align: justify;\"><strong>\u015e\u0130KE PARA TRAF\u0130\u011e\u0130N\u0130 ETK\u0130L\u0130YORSA&#8230;<\/strong><\/p>\n<p style=\"text-align: justify;\">&#8216;Bir kere biz, \u015fikenin \u00e7ok k\u00f6t\u00fc bir su\u00e7 oldu\u011funu yeterince iyi biliyor muyuz, emin de\u011filim. Kul\u00fcpler ba\u015far\u0131l\u0131 olduklar\u0131 zaman, Avrupa Kupalar\u0131&#8217;na gidiyorlar. Orada da ba\u015far\u0131l\u0131 olduklar\u0131nda, UEFA&#8217;dan para al\u0131yorlar m\u0131, al\u0131yorlar. Federasyon&#8217;dan al\u0131yorlar m\u0131, al\u0131yorlar. E, \u015fike denen fiil, bu sonu\u00e7lar\u0131, yani birilerinin paras\u0131n\u0131n bir yerlere gitmesini etkiliyorsa, bu su\u00e7a buradan bakmak laz\u0131m.&#8217;<\/p>\n<p style=\"text-align: justify;\"><strong>TOPLUM \u015e\u0130KEDEN ARINMALI<\/strong><\/p>\n<p style=\"text-align: justify;\">Cezalar\u0131n \u00f6l\u00e7\u00fcl\u00fc olmas\u0131 gere\u011fine &#8216;elbette&#8217; kat\u0131ld\u0131\u011f\u0131n\u0131 s\u00f6yl\u00fcyor Yaz\u0131c\u0131:<\/p>\n<p style=\"text-align: justify;\">&#8216;Tamam, elbette kimseyi &#8216;asal\u0131m keselim&#8217; gibi bir durum olmas\u0131n. Ama ceza da fiille m\u00fctenasip olsun. R\u00fc\u015fvet, irtikap i\u00e7in ne \u00f6ng\u00f6rm\u00fc\u015fseniz, bu da ona benzer bir fiil olmas\u0131 nedeniyle, bunlara ili\u015fkin cezalara yakla\u015f\u0131k bir ceza olmas\u0131 laz\u0131m. \u00c7\u00fcnk\u00fc bu toplumun \u015fikeden ar\u0131nmas\u0131 laz\u0131m.&#8217;<\/p>\n<p style=\"text-align: justify;\"><strong>18. MADDEY\u0130 AJ\u0130TE ED\u0130YORLAR<\/strong><\/p>\n<p style=\"text-align: justify;\">Yaz\u0131c\u0131, &#8216;Sporda \u015eiddet ve D\u00fczensizli\u011fin \u00d6nlenmesine Dair Kanun&#8217;un &#8216;seyirden yasaklanma&#8217; ba\u015fl\u0131kl\u0131, 18. maddesine dikkatimizi \u00e7ekti.<\/p>\n<p style=\"text-align: justify;\">\u0130ddianamenin kamuoyuna yans\u0131mas\u0131yla birlikte \u00e7\u0131kan tart\u0131\u015fmay\u0131 &#8216;\u00f6zellikle ajite etmek&#8217; diye niteleyen Yaz\u0131c\u0131, &#8216;B\u00f6yle yang\u0131ndan mal ka\u00e7\u0131r\u0131r gibi, herkes karakola gidecek, y\u00f6neticiyken \u015furaya giremeyecek diye paniklemenin yeri yok&#8217; &#8216; diyor.<\/p>\n<p style=\"text-align: justify;\">Ve hukuk tekni\u011fi a\u00e7\u0131s\u0131ndan bu s\u00f6zlerini \u015f\u00f6yle a\u00e7\u0131yor:<\/p>\n<p style=\"text-align: justify;\">&#8216;D\u00fcn gece bu maddeyi iki kere okudum. Bir kere, seyirden yasaklama mahkemenin kurdu\u011fu h\u00fck\u00fcmle ba\u011flant\u0131l\u0131 olarak d\u00fczenlenmi\u015f. Yani \u00f6nce bir karar \u00e7\u0131kmas\u0131 laz\u0131m. \u00d6te yandan sadece \u015fike de\u011fil; kanunda i\u015faret edilen b\u00fct\u00fcn su\u00e7lar\u0131 kaps\u0131yor. Ve &#8216;e\u011fer takipsizlik karar\u0131 verilirse seyirden yasaklama kald\u0131r\u0131l\u0131r&#8217; diyor. Bir kere daha iddianame mahkemeye yeni g\u00f6nderildi. Bakal\u0131m mahkeme ne diyecek? Davay\u0131 kabul edecekse bile mutlaka bir tensip zapt\u0131 yazacak.&#8217;<\/p>\n<p style=\"text-align: justify;\">Yaz\u0131c\u0131&#8217;ya &#8216;Say\u0131n Canikli, d\u00fcnk\u00fc grup e\u011filimini, Say\u0131n Ba\u015fbakan&#8217;la g\u00f6r\u00fc\u015ferek a\u00e7\u0131klam\u0131\u015f olabilir mi?&#8217; diye sordum. \u0130\u015fte yan\u0131t:<\/p>\n<p style=\"text-align: justify;\">&#8216;Onu bilemem. Ama ben birilerini rahats\u0131z edecek olsa da kendi \u00f6zg\u00fcr irademle d\u00fc\u015f\u00fcncelerimi a\u00e7\u0131kl\u0131yorum.&#8217;<\/p>\n<p style=\"text-align: justify;\"><strong>AYNEN G\u0130DERSE K\u00d6\u015eK ONAYLAR<\/strong><\/p>\n<p style=\"text-align: justify;\">Vetolu yasan\u0131n, hafta sonuna kadar dalgal\u0131 bir seyir izleyece\u011fini s\u00f6ylemek m\u00fcmk\u00fcn. Ancak mevcut ayr\u0131\u015fmaya ra\u011fmen, yasan\u0131n Grup Ba\u015fkanvekili Canikli&#8217;nin dedi\u011fi gibi K\u00f6\u015fk&#8217;e &#8216;aynen gitmesi&#8217; b\u00fcy\u00fck s\u00fcrpriz olmaz. CHP ile MHP sadakatlerini teyit etti \u00e7\u00fcnk\u00fc. Bu se\u00e7enek ger\u00e7ekle\u015fti\u011finde, G\u00fcl yasay\u0131 aynen onaylamak zorunda. Ve Anayasa Mahkemesi&#8217;ne gitme olas\u0131l\u0131\u011f\u0131 da yok. \u00c7\u00fcnk\u00fc veto gerek\u00e7eleri, Ceza Hukuku&#8217;na dayand\u0131r\u0131lm\u0131\u015ft\u0131; anayasaya ayk\u0131r\u0131l\u0131\u011fa de\u011fil.<\/p>\n<p style=\"text-align: justify;\">Dolay\u0131s\u0131yla, Canikli&#8217;nin a\u00e7\u0131klamas\u0131nda dikkat \u00e7eken &#8216;Say\u0131n Cumhurba\u015fkan\u0131&#8217;n\u0131n yasay\u0131 Anayasa Mahkemesi&#8217;ne g\u00f6t\u00fcrece\u011fi y\u00f6n\u00fcnde bir beklentimiz yoktur&#8217; ifadesi de bu duruma i\u015faret ediyor.<\/p>\n<p style=\"text-align: justify;\"><a href=\"http:\/\/www.gazeteport.com.tr\/haber\/66877\/gul_hakli\" target=\"_blank\">Kaynak : GAZETEPORT<\/a><\/p>\n","protected":false},"excerpt":{"rendered":"<p style=\"text-align: center;\">\n<p style=\"text-align: justify;\">Hayati Yazc\u0131&#8217;dan Cumhurba\u015fkan\u0131 G\u00fcl&#8217;e destek&#8230;<\/p>\n<p style=\"text-align: justify;\">ANKARA &#8211; Cumhurba\u015fkan\u0131 Abdullah G\u00fcl&#8217;\u00fcn vetosu, -\u00fcyeleri ayn\u0131 partinin mensubu olan- h\u00fck\u00fcmetle AK Parti Grubu aras\u0131nda ayr\u0131\u015fmaya yol a\u00e7t\u0131.<\/p>\n<p style=\"text-align: justify;\">AK Parti Grup Ba\u015fkanvekili Nurettin Canikli&#8217;nin -d\u00fcn bir meslekta\u015f\u0131m\u0131z\u0131n sorusu \u00fczerine- aksini s\u00f6ylemesi, tabloyu de\u011fi\u015ftirmiyor. <\/p>\n","protected":false},"author":1,"featured_media":0,"comment_status":"open","ping_status":"open","sticky":false,"template":"","format":"standard","meta":{"footnotes":""},"categories":[105],"tags":[],"class_list":["post-43769","post","type-post","status-publish","format-standard","hentry","category-gundem","odd"],"_links":{"self":[{"href":"http:\/\/www.korhanyilmaz.com\/index.php?rest_route=\/wp\/v2\/posts\/43769","targetHints":{"allow":["GET"]}}],"collection":[{"href":"http:\/\/www.korhanyilmaz.com\/index.php?rest_route=\/wp\/v2\/posts"}],"about":[{"href":"http:\/\/www.korhanyilmaz.com\/index.php?rest_route=\/wp\/v2\/types\/post"}],"author":[{"embeddable":true,"href":"http:\/\/www.korhanyilmaz.com\/index.php?rest_route=\/wp\/v2\/users\/1"}],"replies":[{"embeddable":true,"href":"http:\/\/www.korhanyilmaz.com\/index.php?rest_route=%2Fwp%2Fv2%2Fcomments&post=43769"}],"version-history":[{"count":0,"href":"http:\/\/www.korhanyilmaz.com\/index.php?rest_route=\/wp\/v2\/posts\/43769\/revisions"}],"wp:attachment":[{"href":"http:\/\/www.korhanyilmaz.com\/index.php?rest_route=%2Fwp%2Fv2%2Fmedia&parent=43769"}],"wp:term":[{"taxonomy":"category","embeddable":true,"href":"http:\/\/www.korhanyilmaz.com\/index.php?rest_route=%2Fwp%2Fv2%2Fcategories&post=43769"},{"taxonomy":"post_tag","embeddable":true,"href":"http:\/\/www.korhanyilmaz.com\/index.php?rest_route=%2Fwp%2Fv2%2Ftags&post=43769"}],"curies":[{"name":"wp","href":"https:\/\/api.w.org\/{rel}","templated":true}]}}