{"id":43765,"date":"2011-12-07T09:27:32","date_gmt":"2011-12-07T07:27:32","guid":{"rendered":"http:\/\/www.korhanyilmaz.com\/?p=43765"},"modified":"2011-12-07T12:27:20","modified_gmt":"2011-12-07T10:27:20","slug":"eymur-o-tuglayi-cekti","status":"publish","type":"post","link":"http:\/\/www.korhanyilmaz.com\/?p=43765","title":{"rendered":"Eym\u00fcr o tu\u011flay\u0131 \u00e7ekti"},"content":{"rendered":"<p style=\"text-align: center;\"><a href=\"http:\/\/www.korhanyilmaz.com\/wp-content\/uploads\/2011\/12\/7450.jpg\"  class=\"lightview\"><img loading=\"lazy\" decoding=\"async\" class=\"aligncenter  wp-image-43766\" src=\"http:\/\/www.korhanyilmaz.com\/wp-content\/uploads\/2011\/12\/7450.jpg\" alt=\"\" width=\"462\" height=\"210\" \/><\/a><\/p>\n<p style=\"text-align: justify;\">Eski M\u0130T\u2019\u00e7i Mehmet Eym\u00fcr\u2019\u00fcn ifadesi, A\u011far\u2019\u0131n \u201cBir tu\u011flay\u0131 \u00e7ekersem duvar \u00e7\u00f6ker\u201d dedi\u011fi, siyaset\u00e7i, istihbarat\u00e7\u0131, askerler ve mafyadan olu\u015fan yap\u0131y\u0131 y\u0131kmak \u00fczere.<\/p>\n<p style=\"text-align: justify;\">ANKARA &#8211; \u00d6zel Yetkili Ankara Cumhuriyet Savc\u0131s\u0131 Hakan Y\u00fcksel\u2019in y\u00fcr\u00fctt\u00fc\u011f\u00fc faili me\u00e7hul cinayetlerle ilgili soru\u015fturma kapsam\u0131nda ge\u00e7en hafta sorgulanan eski M\u0130T\u2019\u00e7i Mehmet Eym\u00fcr\u2019\u00fcn dokuz sayfal\u0131k ifadesi Taraf&#8217;ta yay\u0131nland\u0131.\u00a0<!--more--><\/p>\n<p style=\"text-align: justify;\">\u201cGayri resmi olu\u015fumun M\u0130T aya\u011f\u0131n\u0131 olu\u015fturmak\u201dla su\u00e7lanan ve yurtd\u0131\u015f\u0131 yasa\u011f\u0131 getirildikten sonra serbest b\u0131rak\u0131lan Eym\u00fcr, ifadesinde, i\u00e7inde \u00f6zel harek\u00e2t polisleri, askerler, d\u00f6nemin Emniyet Genel M\u00fcd\u00fcr\u00fc Mehmet A\u011far\u2019\u0131n da yer ald\u0131\u011f\u0131 olu\u015fumun adam ka\u00e7\u0131rd\u0131\u011f\u0131n\u0131, infazlar yapt\u0131\u011f\u0131n\u0131 ve hara\u00e7 ald\u0131\u011f\u0131n\u0131 \u00f6rneklerle anlatt\u0131. Bu yap\u0131lanmaya kar\u015f\u0131 m\u00fccadele etti\u011fi i\u00e7in tehdit edildi\u011fini s\u00f6yleyen Eym\u00fcr\u2019\u00fcn dokuz sayfal\u0131k ifadesinin geni\u015f \u00f6zeti Taraf Gazetesi&#8217;nde de yay\u0131nland\u0131. \u0130\u015fte deprem etkisi yaratacak s\u00f6zler:<\/p>\n<p style=\"text-align: justify;\"><strong>Bulgaristan istemedi, d\u00f6nd\u00fcm<\/strong><\/p>\n<p style=\"text-align: justify;\">\u201c1966 y\u0131l\u0131nda M\u0130T Ba\u015fkanl\u0131\u011f\u0131\u2019na takip memuru olarak girdim ve ilk g\u00f6revim \u0130stanbul\u2019dayd\u0131. Babam da M\u0130T Ba\u015fkanl\u0131\u011f\u0131\u2019nda \u00e7al\u0131\u015f\u0131yordu. Kendisi \u0130stanbul B\u00f6lge ba\u015fkan\u0131yd\u0131. Onun zaman\u0131nda M\u0130T\u2019e girmeyi \u00e7ok istiyordum, ancak o etik bulmad\u0131\u011f\u0131 i\u00e7in onun emeklili\u011finden sonra girdim. \u0130stanbul ilinde Ortado\u011fu Masas\u0131\u2019na bakt\u0131m. 1968-70 y\u0131llar\u0131nda yedek subay olarak g\u00f6rev yapt\u0131m, askerlik sonras\u0131 \u0130stanbul\u2019da tekrar g\u00f6reve ba\u015flad\u0131m. 1975\u2019te Ankara\u2019ya tayin edildim, Ankara Takip \u015eube M\u00fcd\u00fcr\u00fc oldum. 1978\u2019de M\u0130T okuluna, 1980\u2019de ise Bulgaristan\u2019a tayin edildim, yakla\u015f\u0131k iki y\u0131l burada kald\u0131m. S\u00fcrem dolmadan Bulgaristan\u2019\u0131n talebi \u00fczerine T\u00fcrkiye\u2019ye geri \u00e7ekildim. Mardin\u2019de \u015eube M\u00fcd\u00fcr\u00fc oldum. Burada 1 y\u0131l \u015eube M\u00fcd\u00fcrl\u00fc\u011f\u00fc yapt\u0131m. Bu y\u0131l i\u00e7erisinde ba\u015far\u0131l\u0131 operasyonlar yapt\u0131m, bunun \u00fczerine Ankara\u2019da M\u0130T M\u00fcste\u015farl\u0131\u011f\u0131\u2019nda Ka\u00e7ak\u00e7\u0131l\u0131k Dairesi Ba\u015fkan\u0131 olarak g\u00f6revlendirildim. 1987\u2019de Ka\u00e7ak\u00e7\u0131l\u0131k Daire Ba\u015fkan\u0131 oldum. 1988\u2019de kamuoyuna yans\u0131yan \u20181. M\u0130T Raporu\u2019 \u00fczerine te\u015fkilattan ayr\u0131l\u0131p emeklili\u011fimi istemek zorunda kald\u0131m.<\/p>\n<p style=\"text-align: justify;\"><strong>Eken\u2019i kendime ortak yapt\u0131<\/strong><\/p>\n<p style=\"text-align: justify;\">Te\u015fkilattan ayr\u0131lmam s\u0131ras\u0131nda Korkut Eken de ayr\u0131ld\u0131. Bana \u2018Madem siz ayr\u0131l\u0131yorsunuz ben de ayr\u0131laca\u011f\u0131m, g\u00f6rev yapamam\u2019 dedi. Bunun \u00fczerine Eken ile Antalya\u2019da buz fabrikas\u0131 kurduk. Asl\u0131nda onun bir katk\u0131s\u0131 olmad\u0131 ancak onu karde\u015fim gibi sevdi\u011fimden ortak ettim. 1994 y\u0131l\u0131 may\u0131s ay\u0131na kadar fabrika \u00e7al\u0131\u015ft\u0131. Antalya\u2019da bulundu\u011fum s\u0131rada yan\u0131ma \u015eenkal Atasagun geldi, o da M\u0130T\u2019ten ayr\u0131lmak istiyordu, bana \u2018Antalya\u2019da \u00f6zel g\u00fcvenlik \u015firketi \u00e7al\u0131\u015ft\u0131ral\u0131m\u2019 dedi. Daha sonra Atasagun\u2019un M\u0130T\u2019te etkili bir hale getirilmesinden sonra S\u00f6nmez K\u00f6ksal M\u0130T M\u00fcste\u015far\u0131 oldu. \u0130kisinin de yak\u0131n arkada\u015fl\u0131klar\u0131 vard\u0131. Bir g\u00fcn Atasagun arad\u0131 \u2018Seni tekrar M\u0130T\u2019te istiyoruz. Abdullah \u00d6calan\u2019\u0131 yakalamak \u00fczere baz\u0131 g\u00f6revler verildi, bunu en iyi senin yapabilece\u011fini d\u00fc\u015f\u00fcn\u00fcyoruz, ne dersin\u2019 dedi.<\/p>\n<p style=\"text-align: justify;\"><strong>\u00c7iller\u2019e, \u201cA\u011far\u2019a dikkat\u201d dedim<\/strong><\/p>\n<p style=\"text-align: justify;\">Bir arkada\u015f\u0131m beni Tansu \u00c7iller\u2019e methetmi\u015f. Bu arkada\u015f\u0131m o d\u00f6nem \u00c7iller\u2019in gayriresmi dan\u0131\u015fman\u0131yd\u0131. O d\u00f6nem \u00c7iller\u2019in e\u015fi \u00d6zer \u00c7iller beni Ankara\u2019ya \u00e7a\u011f\u0131rtt\u0131. Y\u00fcz y\u00fcze g\u00f6r\u00fc\u015ft\u00fck, bu g\u00f6r\u00fc\u015fmede \u00d6zer \u00c7iller bana \u2018Size M\u0130T\u2019te g\u00f6rev vermeyi d\u00fc\u015f\u00fcn\u00fcyoruz\u2019 dedi. Hi\u00e7bir resmi s\u0131fat\u0131 olmayan birinin bana bunlar\u0131 s\u00f6ylemesi garibime gitmi\u015fti. \u00d6zer \u00c7iller ile g\u00f6r\u00fc\u015fmelerimiz devam etti. Bazen l\u00fczumsuzluklar yap\u0131yordu. Zeynep \u00d6zal\u2019a jaguar hediye eden, ismini hat\u0131rlamad\u0131\u011f\u0131m \u015fah\u0131sla samimiydi. Bu \u015fah\u0131slarla \u00e7ok samimi olmamas\u0131n\u0131, bunlar\u0131n yanl\u0131\u015f adamlar oldu\u011funu, \u00f6zellikle Mehmet A\u011far\u2019a dikkat etmeleri gerekti\u011fini s\u00f6yledim.<\/p>\n<p style=\"text-align: justify;\"><strong>Ka\u00e7aklar A\u011far\u2019la g\u00f6r\u00fc\u015f\u00fcyordu<\/strong><\/p>\n<p style=\"text-align: justify;\">Bunu s\u00f6ylememdeki gerek\u00e7em, ben A\u011far ile \u00e7ok eskiden beri tan\u0131\u015f\u0131kl\u0131\u011f\u0131 olan bir insan\u0131m. Kendisiyle \u00f6nceleri \u00e7ok samimiyetim vard\u0131. Bekar oldu\u011fum zaman A\u011far, \u0130stanbul\u2019dan Ankara\u2019ya geldi\u011finde evimde kal\u0131rd\u0131. A\u011far\u2019\u0131 ilk kez \u0130stanbul Asayi\u015f 2. \u015eube M\u00fcd\u00fcr muavini iken tan\u0131d\u0131m. O zaman a\u00e7\u0131k s\u00f6yleyeyim \u0130stanbul\u2019da me\u015fhur bir kad\u0131n vard\u0131, A\u011far\u2019\u0131n elbiselerini al\u0131yordu. Bunu \u015f\u00fcpheli g\u00f6rd\u00fcm. \u0130li\u015fkileri \u00e7ok geni\u015f biriydi. Dostlar\u0131 aras\u0131nda \u00e7e\u015fitli ka\u00e7ak\u00e7\u0131lar, mafyavari adamlar bulunuyordu, bunlar\u0131n isimlerini hat\u0131rlam\u0131yorum ama 1. M\u0130T raporunda ayr\u0131nt\u0131l\u0131 olarak vard\u0131r. Hatta o d\u00f6nemde ka\u00e7ak\u00e7\u0131l\u0131\u011fa bakt\u0131\u011f\u0131m i\u00e7in \u0130nterpol arac\u0131l\u0131\u011f\u0131yla gelen baz\u0131 yaz\u0131larda yurtd\u0131\u015f\u0131ndan baz\u0131 ka\u00e7ak\u00e7\u0131lar\u0131n \u0130stanbul Emniyeti\u2019ni arad\u0131\u011f\u0131, bu numaran\u0131n da kime ait oldu\u011funu ara\u015ft\u0131rd\u0131\u011f\u0131mda A\u011far\u2019\u0131n makam\u0131n\u0131n telefonu oldu\u011funu g\u00f6rd\u00fcm.<\/p>\n<p style=\"text-align: justify;\">Birka\u00e7 kez ikaz ettim, dinlemelerde de baz\u0131 \u015feyler \u00e7\u0131km\u0131\u015ft\u0131, kendisinden uzak durdum. 1994 y\u0131l\u0131 may\u0131s ay\u0131nda M\u0130T Ba\u015fkanl\u0131\u011f\u0131\u2019nda bulunan \u00d6zel \u0130stihbarat Daire Ba\u015fkanl\u0131\u011f\u0131\u2019na geldi\u011fimde Mecit Bask\u0131n, Nam\u0131k Erdo\u011fan, Faik Candan cinayetleri i\u015flenmi\u015fti. Bu konular\u0131 tam hat\u0131rlamamakla birlikte Av. Yusuf Ekinci cinayeti hakk\u0131nda biraz bilgim vard\u0131r. Ekinci\u2019nin o\u011flu gazetelerde A\u011far\u2019a babas\u0131n\u0131n cinayeti i\u00e7in m\u00fcracaat etmi\u015f, ondan sonra tehditler ald\u0131\u011f\u0131n\u0131 s\u00f6yl\u00fcyordu. Biz de o d\u00f6nem dinleme yap\u0131yorduk, \u00f6zellikle ter\u00f6r ve yolsuzluklarla ilgili. Bu dinlemelerde Ye\u015fil\u2019in de gitti\u011fi \u2018R\u00fczgar G\u00fcvenlik\u2019 isimli bir yer vard\u0131, buraya tak\u0131lan \u00f6zel harek\u00e2t\u00e7\u0131lar\u0131n gelip geldi\u011fi, ismini hat\u0131rlamad\u0131\u011f\u0131m bir pa\u015fan\u0131n da oldu\u011fu, MHP\u2019nin Rusya Ba\u015fkanl\u0131\u011f\u0131n\u0131 yapan \u0130rfan isimli bir \u015fah\u0131s da bu g\u00fcvenlik \u015firketinde yap\u0131lan g\u00f6r\u00fc\u015fmelerde bu cinayetin \u00f6zel harek\u00e2t polisleri ve devlette g\u00f6revli bir k\u0131s\u0131m \u015fah\u0131slar taraf\u0131ndan i\u015flendi\u011fi ortaya \u00e7\u0131km\u0131\u015ft\u0131.<\/p>\n<p style=\"text-align: justify;\">Ger\u00e7ek ismi Mahmut Y\u0131ld\u0131r\u0131m\u2019d\u0131r. Bu \u015fah\u0131s Elaz\u0131\u011f\u2019da bulunan bir memurun arac\u0131l\u0131\u011f\u0131yla bana s\u00f6ylendi. Ye\u015fil isimli \u015fah\u0131s ilk Elaz\u0131\u011f\u2019da M\u0130T ad\u0131na \u00e7al\u0131\u015f\u0131yormu\u015f, daha sonra kontrolden \u00e7\u0131k\u0131nca bizimkiler bunu b\u0131rakm\u0131\u015flar. Bu da bunun \u00fczerine J\u0130TEM\u2019e \u00e7al\u0131\u015fm\u0131\u015f. Kendisine resmi kimlikler verilmi\u015f, hatta kimliklerinde Ba\u015fbakanl\u0131k \u0130stihbarat \u015feklinde yaz\u0131lar vard\u0131. Kendisinde hem Jandarma kart\u0131 hem de Ba\u015fbakanl\u0131k kart\u0131 vard\u0131. Bu \u015fah\u0131s 1995 y\u0131l\u0131na kadar J\u0130TEM ile birlikte \u00e7al\u0131\u015fm\u0131\u015f, ancak kontrol edilemeyince ve s\u0131k\u0131nt\u0131lar yarat\u0131nca b\u00f6lgedeki komutan taraf\u0131ndan G\u00fcneydo\u011fu\u2019dan \u00e7\u0131kar\u0131lm\u0131\u015f ve Ankara\u2019ya ta\u015f\u0131nm\u0131\u015f. Ankara\u2019ya gelince Elaz\u0131\u011f\u2019daki memur arkada\u015f bana getirdi, memur bana \u2018sizin \u00e7al\u0131\u015fmalar\u0131n\u0131zda yararl\u0131 olabilir\u2019 dedi. Ben de g\u00f6revim \u00f6ncelikle yurtd\u0131\u015f\u0131 oldu\u011fu i\u00e7in ve birinci \u00f6nceli\u011fimizde Abdullah \u00d6calan\u2019\u0131n yakalanmas\u0131 olmas\u0131 sebebiyle bu \u015fahs\u0131n y\u00f6reyi iyi bilmesi, K\u00fcrt\u00e7e konu\u015fmas\u0131, \u00e7evresinin geni\u015f olmas\u0131 d\u00fc\u015f\u00fcn\u00fclerek bizimle \u00e7al\u0131\u015f\u0131p \u00e7al\u0131\u015fmayaca\u011f\u0131n\u0131 sordum. Ye\u015fil de zaten bo\u015flukta kald\u0131\u011f\u0131n\u0131 hissetti\u011fi ve kendisine bir kap\u0131 arad\u0131\u011f\u0131 i\u00e7in bu teklifimizi kabul etti. Yurti\u00e7inde hi\u00e7bir g\u00f6revde yer almayaca\u011f\u0131n\u0131 s\u00f6yledim. O d\u00f6nemde Ye\u015fil\u2019in hi\u00e7bir aramas\u0131 yoktu. Ancak bir\u00e7ok faili me\u00e7hul i\u015fine kar\u0131\u015ft\u0131\u011f\u0131n\u0131 sonradan \u00f6\u011frendim. Aytekin \u00d6zel isimli bir jandarma subay\u0131yla bir\u00e7ok olaya kar\u0131\u015ft\u0131\u011f\u0131n\u0131 duydum. Bir ara alt\u0131ndaki araban\u0131n kay\u0131ts\u0131z oldu\u011funu s\u00f6yledi. Elinde yirmi yeri ayn\u0131 anda patlatacak bir sistem vard\u0131, daha sonradan bu sistemin Cem Ersever\u2019den al\u0131nan sistem oldu\u011funu gazetelerden ve Hanefi Avc\u0131\u2019n\u0131n beyanlar\u0131ndan \u00f6\u011frendim. Bir ara bir olaya kar\u0131\u015ft\u0131\u011f\u0131ndan g\u00f6zalt\u0131na al\u0131nd\u0131. Ankara Emniyet M\u00fcd\u00fcr\u00fc Orhan Ta\u015fanlar\u2019\u0131n talimat\u0131yla.<\/p>\n<p style=\"text-align: justify;\"><strong>\u0130ki \u0130ranl\u0131n\u0131n \u00f6ld\u00fcr\u00fclmesi olay\u0131<\/strong><\/p>\n<p style=\"text-align: justify;\">G\u00f6zalt\u0131na al\u0131nma sebebi Lazem Esmaeli, Asger Simitko isimli iki \u0130ranl\u0131n\u0131n \u00f6ld\u00fcr\u00fclmesi olay\u0131yla ilgiliydi. Emniyette Ye\u015fil\u2019i kendi ifadesine g\u00f6re iyice bir d\u00f6vm\u00fc\u015fler. Biz hi\u00e7bir \u015fekilde m\u00fcdahil olmad\u0131k, hatta bu iddialar \u00fczerine Ye\u015fil\u2019i sorgulad\u0131m. Sorgu kay\u0131tlar\u0131 M\u0130T Ba\u015fkanl\u0131\u011f\u0131\u2019ndad\u0131r. Sorgu sonucunda Ye\u015fil\u2019in bu olayla ilgisinin olmad\u0131\u011f\u0131n\u0131, ancak Ye\u015fil\u2019in ka\u00e7\u0131rd\u0131\u011f\u0131n\u0131 d\u00fc\u015f\u00fcnerek ka\u00e7\u0131r\u0131lanlardan birinin karde\u015finin g\u00f6nderdi\u011fi Ankara Ziraat Bankas\u0131 hesab\u0131na g\u00f6nderilen paray\u0131 ald\u0131\u011f\u0131n\u0131 \u00f6\u011frendik. S\u00f6z konusu bu paran\u0131n bir k\u0131sm\u0131n\u0131 da \u0130brahim \u015eahin\u2019e verdi\u011fini tesbit ettik. Yapt\u0131\u011f\u0131m\u0131z ara\u015ft\u0131rmadan da bu iki \u0130ranl\u0131n\u0131n Abdullah \u00c7atl\u0131 ve yukar\u0131da belirtmi\u015f oldu\u011fu \u00f6zel harek\u00e2t\u00e7\u0131lar\u0131n i\u00e7inde bulundu\u011fu ekip taraf\u0131ndan \u00f6ld\u00fcr\u00fcld\u00fc\u011f\u00fcn\u00fc tesbit ettik \u00e7\u00fcnk\u00fc bu \u015fah\u0131slar\u0131n tepe lambal\u0131 polis arabalar\u0131yla gelen \u015fah\u0131slar taraf\u0131ndan al\u0131nd\u0131\u011f\u0131n\u0131 ve \u00f6ld\u00fcrme olay\u0131n\u0131 daha sonradan ger\u00e7ekle\u015ftirdi\u011fini saptad\u0131k.<\/p>\n<p style=\"text-align: justify;\"><strong>Buldan\u2019\u0131n paras\u0131n\u0131 A\u011far ald\u0131<\/strong><\/p>\n<p style=\"text-align: justify;\">Tar\u0131k \u00dcmit yap\u0131 itibar\u0131yla kontrol edilmesi zor bir ki\u015fiydi, asabi kavgac\u0131 bir \u015fah\u0131st\u0131 kendisi hem M\u0130T Ba\u015fkanl\u0131\u011f\u0131\u2019na hem de daha sonradan emniyet genel m\u00fcd\u00fcr\u00fc A\u011far\u2019\u0131n talimat\u0131yla emniyet ad\u0131na \u00e7al\u0131\u015fmaya ba\u015flad\u0131. Benim M\u0130T Ba\u015fkanl\u0131\u011f\u0131na d\u00f6nmemle birlikte tekrar M\u0130T ile \u00e7al\u0131\u015fmaya devam etti. Ben M\u0130T\u2019e d\u00f6nmeden \u00f6nce emniyet ad\u0131na \u00e7al\u0131\u015ft\u0131\u011f\u0131 s\u0131rada kendisine ye\u015fil pasaportlar, sahte kimlik kartlar\u0131 ve sahte araba plakalar\u0131 verilmi\u015f ve birtak\u0131m infaz i\u015flerinde kullan\u0131lm\u0131\u015f. Sava\u015f Buldan, Hac\u0131 Karay, Adnan Y\u0131ld\u0131r\u0131m cinayetinde bizzat g\u00f6rev ald\u0131\u011f\u0131n\u0131 kendisinden \u00f6\u011frendim. Sava\u015f Buldan\u2019\u0131n \u00fczerinde \u00e7\u0131kan paralar\u0131 alm\u0131\u015flar, yan\u0131nda bulunan \u00f6zel harek\u00e2t\u00e7\u0131larla birlikte A\u011far\u2019a getirmi\u015fler, getirdikten sonra da bu paray\u0131 payla\u015fm\u0131\u015flar.<\/p>\n<p style=\"text-align: justify;\"><strong>40 ki\u015filik \u2018\u00f6l\u00fcm listesi\u2019ni g\u00f6rd\u00fcm<\/strong><\/p>\n<p style=\"text-align: justify;\">Bu olay\u0131 bana eski \u00c7\u0131ra\u011fan Oteli\u2019nin kar\u015f\u0131s\u0131ndan \u00e7\u0131k\u0131lan yoku\u015fun ortas\u0131nda ismini hat\u0131rlamad\u0131\u011f\u0131m bir otelde bana anlat\u0131rken bu kay\u0131t yap\u0131lm\u0131\u015f, bu kay\u0131tlar M\u0130T Ba\u015fkanl\u0131\u011f\u0131\u2019nda bulunmaktad\u0131r. \u00c7\u00fcnk\u00fc bu kasetler elime ge\u00e7ince ben bunu M\u0130T Ba\u015fkanl\u0131\u011f\u0131\u2019na verdim. Tar\u0131k \u00dcmit, g\u00f6reve d\u00f6nd\u00fc\u011f\u00fcm ilk g\u00fcnlerde \u0130stanbul\u2019a geldi\u011fimde bana \u2018telefon a\u00e7arak g\u00f6r\u00fc\u015fmek istedi\u011fini s\u00f6yledi\u2019 bunun \u00fczerine ben Tar\u0131k \u00dcmit\u2019in \u0130stanbul\u2019da bulunan evinde g\u00f6r\u00fc\u015ft\u00fcm. Tar\u0131k \u00dcmit\u2019in K\u0131z\u0131ltoprak\u2019ta bir evi vard\u0131, bu evde yapt\u0131\u011f\u0131m\u0131z g\u00f6r\u00fc\u015fmede bana \u201840 ki\u015filik \u00f6l\u00fcm listesi\u2019 oldu\u011funu s\u00f6yleyerek bu listeyi bana verdi. Bunlardan baz\u0131lar\u0131n\u0131n \u00fczeri \u00e7izilmi\u015f ve infazlar\u0131 vard\u0131, g\u00f6rd\u00fc\u011f\u00fcm kadar\u0131yla Beh\u00e7et Cant\u00fcrk ismi de \u00e7izilenler aras\u0131ndayd\u0131. Bana bu listenin yukar\u0131da s\u00f6z\u00fcn\u00fc etti\u011fim olu\u015fum taraf\u0131ndan verildi\u011fini s\u00f6yledi, bunun \u00fczerine ben de bunu M\u0130T M\u00fcste\u015farl\u0131\u011f\u0131\u2019na rapor ettim. M\u0130T M\u00fcste\u015farl\u0131\u011f\u0131 olarak faili me\u00e7hul olaylarla ilgilenmeye ba\u015flad\u0131k, ayr\u0131ca Tar\u0131k \u00dcmit\u2019i de tekrar kullanmaya ba\u015flad\u0131k.<\/p>\n<p style=\"text-align: justify;\">Gerek Ye\u015fil\u2019in gerekse Tar\u0131k \u00dcmit\u2019in M\u0130T Ba\u015fkanl\u0131\u011f\u0131 olarak bizim taraf\u0131ndan kullan\u0131lmas\u0131 tamamen M\u0130T prosed\u00fcr\u00fc i\u00e7inde ger\u00e7ekle\u015fmi\u015f bir olayd\u0131r. Benim \u015fahsi bir inisiyatifimde olan olaylar de\u011fildir. Yine bana sormu\u015f oldu\u011funuz \u015eahin Arslan, Fevzi Arslan ile Medet Serhat, \u0130smail Karao\u011flu cinayetleri de, yukar\u0131da belirtti\u011fim ekip taraf\u0131ndan i\u015flenen cinayetlerdir. \u00d6zellikle Medet Serhat, sorgulad\u0131\u011f\u0131m i\u00e7in tan\u0131d\u0131\u011f\u0131m biridir. K\u00fcrt\u00e7\u00fc bir adamd\u0131r. Cant\u00fcrk\u2019\u00fcn de avukat\u0131d\u0131r ve K\u00fcrt camias\u0131nda da sayg\u0131nl\u0131\u011f\u0131 olan ki\u015fidir. Kendisi \u015fiddete bula\u015fmam\u0131\u015f bir ki\u015fi olmas\u0131ndan dolay\u0131 o zaman ter\u00f6r ve K\u00fcrt sorununun \u00e7\u00f6z\u00fcm\u00fcnde M\u0130T Ba\u015fkanl\u0131\u011f\u0131 olarak tavsiyeleri al\u0131nan bir ki\u015fidir. Ancak Mehmet A\u011far, Korkut Eken, \u0130brahim \u015eahin taraf\u0131ndan y\u00f6netilen s\u00f6z konusu olu\u015fum, \u201cTer\u00f6rle M\u00fccadele\u201d ad\u0131 alt\u0131nda Medet Serhat\u2019\u0131 \u00f6ld\u00fcrm\u00fc\u015ft\u00fcr.<\/p>\n<p style=\"text-align: justify;\"><strong>\u00d6zel harek\u00e2t\u00e7\u0131lar korundu<\/strong><\/p>\n<p style=\"text-align: justify;\">Bunu nereden biliyorsunuz diye sorarsan\u0131z Susurluk kazas\u0131 oldu\u011funda Mehmet \u00d6zbay isimli \u015fahs\u0131n Abdullah \u00c7atl\u0131 oldu\u011funu kamuoyuna bildiren \u015fah\u0131s benimdir. Bu \u00e7etenin ortaya \u00e7\u0131kmas\u0131 i\u00e7in u\u011fra\u015fan ve bas\u0131n arac\u0131l\u0131\u011f\u0131yla kamuoyuna \u00e7\u0131kmas\u0131n\u0131 sa\u011flayan ki\u015fi de benimdir. Tar\u0131k \u00dcmit\u2019in ya\u015fad\u0131\u011f\u0131n\u0131 zannetmiyorum. Tar\u0131k \u00dcmit \u00f6l\u00fcm listesini bana verdi\u011finin \u00f6\u011frenilmesi sebebiyle yukar\u0131da belirtti\u011fim ekip taraf\u0131ndan \u00f6ld\u00fcr\u00fclm\u00fc\u015ft\u00fcr. Bu kan\u0131ya varmam\u0131n sebebi de Tar\u0131k \u00dcmit\u2019in kaybolmadan \u00f6nce Abdullah \u00c7atl\u0131 taraf\u0131ndan sorguland\u0131\u011f\u0131n\u0131, en son \u00f6zel harek\u00e2t\u00e7\u0131 polisler taraf\u0131ndan al\u0131n\u0131p g\u00f6t\u00fcr\u00fcld\u00fc\u011f\u00fcn\u00fc, g\u00f6t\u00fcren polislerin isimlerinin Ziya Band\u0131rmal\u0131o\u011flu ve Ayhan Ak\u00e7a oldu\u011funu tesbit ettim.<\/p>\n<p style=\"text-align: justify;\">Bu bilgilerimi Tar\u0131k \u00dcmit\u2019in kaybolmas\u0131 olay\u0131n\u0131 soru\u015fturan Astsubay olan Ahmet Alt\u0131na\u015f\u2019a personelim arac\u0131l\u0131\u011f\u0131yla verdi. Ahmet Alt\u0131nta\u015f isimli astsubay da bu soru\u015fturmay\u0131 \u00e7ok g\u00fczel bir \u015fekilde y\u00fcr\u00fctt\u00fc. Ayhan Ak\u00e7a ve Ziya Band\u0131rmal\u0131o\u011flu\u2019nu g\u00f6zalt\u0131na ald\u0131. Bunun \u00fczerine \u0130brahim \u015eahin, Astsubay Ahmet Alt\u0131nta\u015f\u2019a m\u00fcdahale ederek \u2018Sen benim polislerimi nas\u0131l al\u0131rs\u0131n\u2019 demi\u015f. O da \u2018gelirsen seni de alaca\u011f\u0131m\u2019 demi\u015f. Fakat ne olduysa bir s\u00fcre sonra hava de\u011fi\u015fti, astsubay Ahmet Alt\u0131nta\u015f Diyarbak\u0131r\u2019a tayin oldu, Diyarbak\u0131r b\u00f6lge ba\u015fkanl\u0131\u011f\u0131na Ahmet Alt\u0131nta\u015f ile g\u00f6r\u00fc\u015fmelerini s\u00f6yledik, ancak Alt\u0131nta\u015f bizimle g\u00f6r\u00fc\u015fmeyi reddetti. Daha sonra Susurluk Komisyonu\u2019na ifade verdi ancak Alt\u0131nta\u015f bu ifadesinde \u00e7o\u011fu \u015feyi reddetti. Muhtemelen bu olay sebebiyle korktu, daha sonra da Ahmet Altunta\u015f\u2019\u0131n Giresun\u2019da Veli K\u00fc\u00e7\u00fck\u2019\u00fcn emrinde \u00e7al\u0131\u015ft\u0131\u011f\u0131n\u0131 \u00f6\u011frendim, daha sonra bu durumu Veli K\u00fc\u00e7\u00fck\u2019e sordum kendisi de bana \u2018Ahmet Altunta\u015f\u2019\u0131n himaye etmesi i\u00e7in kendisine verildi\u011fini\u2019 s\u00f6yledi.<\/p>\n<p style=\"text-align: justify;\"><strong>A\u011fansoy i\u00e7in uyard\u0131m, dinlemediler<\/strong><\/p>\n<p style=\"text-align: justify;\">\u00d6mer L\u00fctf\u00fc Topal cinayetini i\u015fleyen ki\u015fileri Emniyet M\u00fcd\u00fcr\u00fc Kemal Yaz\u0131c\u0131o\u011flu\u2019na Duran F\u0131rat arac\u0131l\u0131\u011f\u0131yla bizzat ben bildirdim. Hatta ayn\u0131 zamanda birka\u00e7 g\u00fcn sonra Alaattin \u00c7ak\u0131c\u0131\u2019n\u0131n yapt\u0131rm\u0131\u015f oldu\u011fu Nurullah Tevfik A\u011fansoy cinayetini de bu cinayet i\u015flenmeden birka\u00e7 g\u00fcn \u00f6nce il m\u00fcd\u00fcr\u00fc Kemal Yaz\u0131c\u0131o\u011flu\u2019na bildirdi. Kendisine yapm\u0131\u015f oldu\u011fumuz dinlemelerde \u00c7ak\u0131c\u0131\u2019n\u0131n A\u011fansoy\u2019a bir eylem yapaca\u011f\u0131n\u0131, bu konuda haz\u0131rl\u0131kl\u0131 olmas\u0131n\u0131 s\u00f6yledim. Yaz\u0131c\u0131o\u011flu da \u2018\u00c7ak\u0131c\u0131 benim bulundu\u011fum b\u00f6lgede eylem yapamaz\u2019 dedi ve bizi dikkate almad\u0131. Ama s\u00f6z konusu cinayeti \u00c7ak\u0131c\u0131 ger\u00e7ekle\u015ftirdi.<\/p>\n<p style=\"text-align: justify;\"><strong>\u00c7ak\u0131c\u0131 M\u0130T\u2019teydi, A\u011far\u2019a \u00e7al\u0131\u015ft\u0131<\/strong><\/p>\n<p style=\"text-align: justify;\">\u00c7ak\u0131c\u0131\u2019y\u0131 benim tan\u0131mam 1988 y\u0131l\u0131ndan \u00f6ncedir. Kendisini bizzat \u0130stanbul B\u00f6lge tavsiye etmi\u015ftir. Asl\u0131nda yap\u0131 itibar\u0131yla korkak bir insand\u0131r, \u00fcrkektir, bu \u00fcrkekli\u011fi ve korkakl\u0131\u011f\u0131ndan dolay\u0131 da bir\u00e7ok s\u0131k\u0131nt\u0131 ya\u015fam\u0131\u015ft\u0131r. Bu bize geldikten sonra kendisini yurtd\u0131\u015f\u0131nda kullanmak amac\u0131yla onu ve ekibini \u00e7al\u0131\u015ft\u0131rmaya karar verdik. Bu kapsamda Korkut Eken kendilerini e\u011fitti. Tabii bu arada Eken, \u00c7ak\u0131c\u0131 ve ekibini e\u011fitirken \u00c7ak\u0131c\u0131\u2019n\u0131n etkisinde kald\u0131, biraz mafyavari hareketlere ve babal\u0131\u011fa \u00f6zendi. O d\u00f6nemlerde bana gitti\u011fi yerlerde hesap \u00f6demedi\u011fi, biraz kabaday\u0131 vari davrand\u0131\u011f\u0131 \u015feklinde kula\u011f\u0131ma haberler geldi. Benim duymamdan Eken rahats\u0131z oluyordu.<\/p>\n<p style=\"text-align: justify;\">Ancak \u00c7ak\u0131c\u0131\u2019y\u0131 \u00f6yle iddia edildi\u011fi gibi \u00e7ok m\u00fchim i\u015f ve eylemlerde kullanmad\u0131k. Ben ikinci kez M\u0130T\u2019e d\u00f6nd\u00fc\u011f\u00fcmde ise kendisi ile hi\u00e7bir \u015fekilde irtibat kurmad\u0131m. Yaln\u0131z benim ilk M\u0130T\u2019ten ayr\u0131ld\u0131ktan sonra Yavuz Ata\u00e7\u2019la \u00e7ok samimi olmu\u015f, hatta ona araba hediye etmi\u015f. Ancak ben M\u0130T\u2019e geri d\u00f6nd\u00fckten sonra yard\u0131mc\u0131m Yavuz Ata\u00e7\u2019a Alaattin \u00c7ak\u0131c\u0131\u2019yla irtibat\u0131n\u0131 kesmesini s\u00f6yledim. Hatta Ata\u00e7\u2019a \u2018\u00c7ak\u0131c\u0131\u2019y\u0131 bu hale biz getirdik, adam bakanlara, devlet g\u00f6revlilerine posta koyuyor, bunu bizim pasifize etmemiz laz\u0131m. Yoksa s\u0131k\u0131nt\u0131 do\u011furacak. Kendi kafas\u0131na g\u00f6re i\u015f adamlar\u0131na suikast yapmak i\u00e7in planlar yap\u0131yor\u2019 dedim. Yavuz Ata\u00e7, Alaattin \u00c7ak\u0131c\u0131\u2019ya bildirmi\u015f, bu y\u00fczden o da bana d\u00fc\u015fman oldu ve bana haber g\u00f6ndererek benim \u00e7ocu\u011fumun kafas\u0131n\u0131 koparmakla tehdit etti.<\/p>\n<p style=\"text-align: justify;\"><strong>6 milyon dolar i\u00e7in Topal\u2019\u0131 \u00f6ld\u00fcrd\u00fcler<\/strong><\/p>\n<p style=\"text-align: justify;\">Eski M\u0130T\u2019\u00e7i Mehmet Eym\u00fcr\u2019\u00fcn ifadesi, A\u011far\u2019\u0131n \u201cBir tu\u011flay\u0131 \u00e7ekersem duvar \u00e7\u00f6ker\u201d dedi\u011fi, siyaset\u00e7i, istihbarat\u00e7\u0131, askerler ve mafyadan olu\u015fan yap\u0131y\u0131 y\u0131kmak \u00fczere.<\/p>\n<p style=\"text-align: justify;\">\u00d6mer L\u00fctf\u00fc Topal cinayetini yukar\u0131da belirtti\u011fim olu\u015fum i\u00e7inde yer alan Ayhan \u00c7ark\u0131n, Ercan Ersoy, O\u011fuz Yorulmaz isimli \u00f6zel harek\u00e2t polislerinin ger\u00e7ekle\u015ftirdi\u011fini hem olay \u00f6ncesindeki duyumlardan hem olay sonras\u0131nda Duran F\u0131rat isimli yan\u0131mda \u00e7al\u0131\u015fan Astsubay k\u00f6kenli memurun yapt\u0131\u011f\u0131 ara\u015ft\u0131rmalardan tesbit ettim. Ayr\u0131ca \u015fu an hat\u0131rlam\u0131yorum ama ba\u015fka kaynaklardan da bunu tesbit ettik. \u00c7\u00fcnk\u00fc Duran F\u0131rat M\u0130T\u2019te g\u00f6reve ba\u015flamadan \u00f6nce \u00d6zel Harp Dairesi\u2019nde g\u00f6revli astsubayd\u0131. Yukar\u0131da isimleri ge\u00e7en \u00f6zel harek\u00e2t\u00e7\u0131lar\u0131n bir k\u0131sm\u0131yla s\u0131k\u0131 f\u0131k\u0131 ili\u015fkisi oldu, onlar\u0131 tan\u0131yordu, hatta bir k\u0131sm\u0131na hocal\u0131k yapm\u0131\u015ft\u0131. Bu sebeple kendileriyle ve bir k\u0131s\u0131m \u00f6zel harek\u00e2t\u00e7\u0131larla \u00e7ok s\u0131k g\u00f6r\u00fc\u015f\u00fcyordu. Ayr\u0131ca bizim o tarihlerde Sedat Bucak\u2019la da irtibat\u0131m\u0131z vard\u0131. O irtibat\u0131m\u0131zda bu cinayetin ismini yukar\u0131da s\u0131ralad\u0131\u011f\u0131m \u00f6zel harek\u00e2t\u00e7\u0131lar taraf\u0131ndan i\u015flendi\u011fini bildirdi. Hatta Sedat Bucak\u2019\u0131n akrabas\u0131 olan Fatih Mehmet Bucak M\u0130T\u2019te g\u00f6revli bir arkada\u015f\u0131m\u0131z taraf\u0131ndan al\u0131nan bir beyan\u0131nda bu cinayetin \u00f6zel harek\u00e2t\u00e7\u0131 polisler ve Sedat Bucak\u2019\u0131n i\u00e7inde oldu\u011fu ekip taraf\u0131ndan ger\u00e7ekle\u015ftirildi\u011fini, Topal\u2019dan 6 milyon dolar para istendi\u011fini, bu kapsamda paran\u0131n verilmemesi \u00fczerine s\u00f6z konusu cinayetin ger\u00e7ekle\u015ftirildi\u011fini s\u00f6yledi. Bu beyan Fatih Mehmet Bucak taraf\u0131ndan ink\u00e2r edilse de buna ili\u015fkin rapor ve tutanak e\u011fer imha edilmediyse halen M\u0130T Ba\u015fkanl\u0131\u011f\u0131\u2019ndad\u0131r. \u0130mha edildiyse de ne maksatla imha edildi\u011fini de ara\u015ft\u0131rmak laz\u0131md\u0131. Fatih Mehmet Bucak bu beyan\u0131 verdi\u011finde Sedat Bucak\u2019la aras\u0131 iyi de\u011fildi. Bundan dolay\u0131 bu bilgiyi bizimle payla\u015ft\u0131&#8230; Kumar demi\u015fken yukar\u0131da s\u00f6ylemeyi unuttu\u011fum Topal cinayeti asl\u0131nda kumarhaneleri ele ge\u00e7irme operasyonuydu. Bu benim \u015fahsi fikrimdir.<\/p>\n<p style=\"text-align: justify;\"><strong>Yaprak\u2019\u0131 ka\u00e7\u0131rd\u0131lar, paray\u0131 A\u011far ald\u0131<\/strong><\/p>\n<p style=\"text-align: justify;\">Mehmet Ali Yaprak ka\u00e7\u0131r\u0131lmadan \u00f6nce yukar\u0131da belirtti\u011fim olu\u015fum taraf\u0131ndan \u2018Sen \u00f6l\u00fcm listesindesin, para vermedi\u011fin takdirde \u00f6ld\u00fcr\u00fcleceksin\u2019 diye tehdit edilmi\u015f. Bunun \u00fczerine Yaprak, y\u00fckl\u00fc bir miktar para \u00f6demi\u015f, bu \u00f6demeyi de Mehmet A\u011far\u2019a yapm\u0131\u015f. A\u011far da bu paray\u0131 kimseye vermemi\u015f, bu duyumu te\u015fkilat\u0131m\u0131zda o d\u00f6nem \u00e7al\u0131\u015fan M\u00fcfit Sement isimli \u015fah\u0131s ile yine bu olay\u0131n i\u00e7inde olan \u0130zmir\u2019de antikac\u0131l\u0131k yapan ismini tam hat\u0131rlayamad\u0131\u011f\u0131m \u015fah\u0131s taraf\u0131ndan \u00f6\u011frendim.<\/p>\n<p style=\"text-align: justify;\">Daha sonra Yaprak\u2019\u0131n \u00f6dedi\u011fi bu paradan pay alamayan Abdullah \u00c7atl\u0131 ve ekibi Sedat Bucak\u2019\u0131n da bilgisi ve onun da i\u015fin i\u00e7inde oldu\u011fu bir \u015fekilde g\u00f6t\u00fcrm\u00fc\u015fler. M\u00fcfit Sement isimli \u015fah\u0131s bana \u2018Bizimkiler Mehmet Ali Yaprak\u2019\u0131 kald\u0131rm\u0131\u015flar\u2019 dedi. Sedat Bucak\u2019\u0131n Siverek\u2019teki evine g\u00f6t\u00fcrd\u00fcklerini s\u00f6yledi. Ayr\u0131ca yukar\u0131da belirtti\u011fim A\u011far\u2019\u0131n para alma olay\u0131n\u0131 da bu esnada anlatm\u0131\u015ft\u0131. Daha \u00f6nce Yaprak\u2019la arkada\u015f olan ve benim de tan\u0131d\u0131\u011f\u0131m Haluk isimli \u015fah\u0131s beni telefonla arayarak Yaprak\u2019\u0131n ka\u00e7\u0131r\u0131ld\u0131\u011f\u0131n\u0131 s\u00f6yledi. Ayr\u0131ca Yaprak\u2019\u0131n bu \u015fekilde ikinci defa ka\u00e7\u0131r\u0131ld\u0131\u011f\u0131n\u0131 belirtti. Haluk isimli \u015fah\u0131sla da Ankara Emniyet M\u00fcd\u00fcr Yard\u0131mc\u0131s\u0131\u2019n\u0131n yan\u0131nda tan\u0131\u015fm\u0131\u015ft\u0131m. Haluk isimli \u015fahsa \u2018Sedat Bucak\u2019\u0131n Siverek\u2019teki evlerine bak\u0131n\u2019 dedim o da \u2018tamam abi\u2019 dedi.<\/p>\n<p style=\"text-align: justify;\">Mahalli polise haber verdiler ve hakikaten de Yaprak, Siverek\u2019te bulundu ve kurtar\u0131ld\u0131. Hatta telefon konu\u015fmas\u0131nda ben Haluk\u2019a \u2018Yaprak\u2019\u0131n tekin bir \u015fah\u0131s olmad\u0131\u011f\u0131n\u0131\u2019 s\u00f6yledi\u011fimde \u201cAbi bu hayat meselesi, Yaprak benim yak\u0131n\u0131m\u2019 dedi. Hatta bu konu\u015fmalar Hanefi Avc\u0131 taraf\u0131ndan kayda al\u0131nm\u0131\u015f. \u00c7\u00fcnk\u00fc Hanefi Avc\u0131 o d\u00f6nemde bizi gayriresmi dinliyordu. O dinleme kay\u0131tlar\u0131 \u015fuan nerededir bilemiyorum.<\/p>\n<p style=\"text-align: justify;\">Mehmet Ali Yaprak kendisini kimlerin ka\u00e7\u0131rd\u0131\u011f\u0131n\u0131 biliyor, o da o d\u00f6nemde korktu\u011fu i\u00e7in isimleri kesin olarak tan\u0131mad\u0131\u011f\u0131n\u0131 s\u00f6ylemi\u015f olabilir ama M\u00fcfit Sement isimli \u015fahs\u0131 buldu\u011fumuz zaman benim anlatt\u0131klar\u0131m\u0131 teyid eder, \u00e7\u00fcnk\u00fc M\u00fcfit Sement ilk \u00f6nce bize bu i\u015fin i\u00e7inde kesinlikle kendisinin olmad\u0131\u011f\u0131na dair ifadede bulunmu\u015ftu. Biz de kendisine inanarak, onu bu i\u015fin d\u0131\u015f\u0131nda tutmaya \u00e7al\u0131\u015ft\u0131k. Hatta sonradan \u00f6\u011frendik ki M\u00fcfit Sement ilk \u00f6nce bize bu i\u015fin i\u00e7inde kesinlikle kendisinin olmad\u0131\u011f\u0131na dair ifade de bulunmu\u015ftu. Biz de kendisine inanarak onu bu i\u015fin d\u0131\u015f\u0131nda tutmaya \u00e7al\u0131\u015ft\u0131k. Hatta sonradan \u00f6\u011frendik ki M\u00fcfit Sement de bu i\u015fin i\u00e7indeymi\u015f. Sonra kendisiyle ili\u015fkimizi kestik.<\/p>\n<p style=\"text-align: justify;\"><strong>Hanefi Avc\u0131 karanl\u0131k i\u015fler yap\u0131yordu<\/strong><\/p>\n<p style=\"text-align: justify;\">Sedat Peker\u2019in ifadesinde ge\u00e7ti\u011fi \u00fczere Hanefi Avc\u0131\u2019n\u0131n s\u00f6z konusu bu olu\u015fumla nas\u0131l bir irtibat\u0131 oldu\u011funu bilmiyorum ama Hanefi Avc\u0131\u2019n\u0131n karanl\u0131k i\u015fler yapt\u0131\u011f\u0131n\u0131 biliyorum. PKK ter\u00f6r \u00f6rg\u00fct\u00fcnde bulunup da Pi\u015fmanl\u0131k Yasas\u0131\u2019ndan yararlanan \u015fah\u0131slar\u0131 \u0130stanbul iline getirdi\u011fini ve bu \u015fah\u0131slar\u0131 kulland\u0131\u011f\u0131n\u0131 biliyorum. Her ne kadar da Hanefi Avc\u0131 Susurluk Komisyonu\u2019ndaki ifadesinde s\u00f6z konusu olu\u015fumu de\u015fifre eden a\u00e7\u0131klamalar yapm\u0131\u015f olsa da, s\u00f6z konusu ifadeleri ayr\u0131nt\u0131l\u0131 incelendi\u011finde Avc\u0131, A\u011far\u2019dan bir kez bahsetti, sanki olay\u0131n bir tek sorumlusunun Ye\u015fil gibi g\u00f6sterdi\u011fi, ama bu olay\u0131 as\u0131l yapan ve yapt\u0131ranlar\u0131 saklad\u0131\u011f\u0131 g\u00f6r\u00fclecektir.<\/p>\n<p style=\"text-align: justify;\">Hanefi Avc\u0131 s\u00f6z konusu cinayetler i\u015flendi\u011fi zaman \u00f6zellikle Beh\u00e7et Cant\u00fcrk, Sava\u015f Buldan ve Medet Serhat cinayetlerinde \u0130stanbul \u0130stihbarat M\u00fcd\u00fcr\u00fc olarak g\u00f6rev yap\u0131yordu. Abdullah \u00c7atl\u0131\u2019y\u0131 Abdullah \u00c7atl\u0131 olarak biliyordu. Hatta Abdullah \u00c7atl\u0131\u2019n\u0131n evinde bildi\u011fim kadar\u0131yla o tarihte aramada yapm\u0131\u015ft\u0131. Hi\u00e7 bir \u015fekilde Abdullah \u00c7atl\u0131\u2019ya dokunmad\u0131. Yine s\u00f6z konusu faili me\u00e7hulleri yapanlar\u0131 bulmaya y\u00f6nelik \u00e7al\u0131\u015fmalar yap\u0131lmad\u0131.<\/p>\n<p style=\"text-align: justify;\">Ayr\u0131ca Hanefi Avc\u0131, Emniyet Genel M\u00fcd\u00fcrl\u00fc\u011f\u00fc \u0130stihbarat Ba\u015fkan Yard\u0131mc\u0131s\u0131\u2019yken Genel M\u00fcd\u00fcr de Mehmet A\u011far\u2019d\u0131. Yine \u0130stihbarat Daire Ba\u015fkan\u0131 Emin Aslan\u2019d\u0131. Emin Aslan, Mehmet A\u011far\u2019\u0131n sa\u011f koluydu. Her t\u00fcrl\u00fc pasaport veren, resmi belge d\u00fczenleyen ve resmi belgelerde imzas\u0131 bulunan \u015fah\u0131s Emin Aslan\u2019d\u0131. Benim tahminime g\u00f6re Emin Aslan ile Hanefi Avc\u0131\u2019n\u0131n bu i\u015flerden haberinin olmamas\u0131 m\u00fcmk\u00fcn de\u011fildir. Zaten o g\u00fcnlerde hat\u0131rlarsan\u0131z Gebze\u2019de yakalanan iki itiraf\u00e7\u0131 \u00fczerinde sahte kimlikle ve silahla ve telsizle ele ge\u00e7iriliyorlar, kendilerine soru soran polislere \u2018Biz Hanefi Avc\u0131 ile \u00e7al\u0131\u015f\u0131yoruz\u2019 diye s\u00f6yl\u00fcyorlar, ondan sonrada b\u0131rak\u0131l\u0131yorlar.<\/p>\n<p style=\"text-align: justify;\"><strong>KUM listesi yoktu, infaz listesi vard\u0131<\/strong><\/p>\n<p style=\"text-align: justify;\">\u0130brahim \u015eahin\u2019in ifadesinde ge\u00e7en benim Mehmet A\u011far ile \u00e7ok samimi oldu\u011fum, g\u00f6stermelik olarak aram\u0131zda sorun bulundu\u011fu, Korkut Eken\u2019i birlikte kulland\u0131\u011f\u0131m\u0131z iddias\u0131n\u0131 kabul etmiyorum. Ayr\u0131ca \u0130brahim \u015eahin\u2019in ifadesinde ge\u00e7en \u2018KUM listesi\u2019 diye bir listeyi hat\u0131rlam\u0131yorum. Yukar\u0131da belirtti\u011fim gibi K\u00fcrt i\u015fadamlar\u0131na ili\u015fkin 40 ki\u015filik bir listeyi g\u00f6rd\u00fcm.<\/p>\n<p style=\"text-align: justify;\"><strong>\u00c7iller devlet yap\u0131s\u0131n\u0131 bilmiyordu<\/strong><\/p>\n<p style=\"text-align: justify;\">Ben Nuri G\u00fcnde\u015f\u2019in yukar\u0131da belirtti\u011fim s\u00f6z konusu yap\u0131lanma i\u00e7erisinde direkt bulunup bulunmad\u0131\u011f\u0131n\u0131 bilmiyorum. Ancak Nuri G\u00fcnde\u015f Abdullah \u00c7atl\u0131\u2019y\u0131 tan\u0131r ve Abdullah \u00c7atl\u0131\u2019y\u0131 yurt d\u0131\u015f\u0131nda kullanm\u0131\u015ft\u0131r. Memduh Samuray Bayraktaro\u011flu\u2019nun talimatla al\u0131nan ifadesinde belirtti\u011fi gibi Mehmet A\u011far, \u00d6zer \u00c7iller, Ba\u015fbakan Tansu \u00c7iller ve Nuri G\u00fcnde\u015f\u2019i ter\u00f6rle m\u00fccadele ad\u0131 alt\u0131nda kamu g\u00fcvenli\u011fi biriminin kurulmas\u0131n\u0131 istedikleri konusunda bizzat bir bilgim yoktur. Yaln\u0131z yukar\u0131da belirtti\u011fim \u00fczere ben \u00d6zer \u00c7iller\u2019in hi\u00e7bir hukuki s\u0131fat\u0131 bulunmad\u0131\u011f\u0131 halde belirli b\u00fcrokratlarla i\u015f ili\u015fkilerine girmesini biraz yad\u0131rg\u0131yordum, bunu Tansu \u00c7iller, devlet yap\u0131s\u0131n\u0131 iyi bilmedi\u011fi i\u00e7in ve erkeklerle irtibat kurmakta biraz s\u0131k\u0131nt\u0131 \u00e7ekti\u011finden e\u015fi \u00d6zer \u00c7iller\u2019i bir dan\u0131\u015fman gibi kullan\u0131yordu.<\/p>\n<p style=\"text-align: justify;\">Mehmet A\u011far\u2019\u0131n \u00d6zer \u00c7iller ile \u00e7ok samimi ili\u015fkiler i\u00e7erisine girmesini g\u00f6rmem \u00fczerine kendisini bu konuda uyarm\u0131\u015ft\u0131m. Ancak sonraki s\u00fcre\u00e7te g\u00f6r\u00fcld\u00fc\u011f\u00fc \u00fczere Mehmet A\u011far, \u00d6zer \u00c7iller\u2019i ve Ba\u015fbakan Tansu \u00c7iller\u2019i fazlas\u0131yla etkiledi. O d\u00f6nemde de Tansu \u00c7iller\u2019e s\u00f6ylenen \u201cerkek gibi kad\u0131n\u201d , g\u00fcvenlik i\u015fleriyle u\u011fra\u015fanlar Ba\u015fbakan Tansu \u00c7iller i\u00e7in \u201ccesur kararlar al\u0131yor, erkek gibi kad\u0131n\u201d \u015feklinde s\u00f6ylenen s\u00f6zler kendisini etkilemekteydi. Bu y\u00fczden baz\u0131 \u015feylerin kendi inisiyatifi d\u0131\u015f\u0131nda yap\u0131lmas\u0131na ses \u00e7\u0131karmam\u0131\u015ft\u0131. Ben Ba\u015fbakan Tansu \u00c7iller\u2019in iyi niyetli olarak ter\u00f6r politikas\u0131na destek verdi\u011fini biliyorum, hi\u00e7 bir zaman da \u201c\u015funu \u00f6ld\u00fcr\u00fcn bunun paras\u0131n\u0131 al\u0131n\u201d diye de s\u00f6yledi\u011fini zannetmiyorum. Ancak yukar\u0131da belirtti\u011fim gibi devlet tecr\u00fcbesinin az olmas\u0131 ve bunu bilen Mehmet A\u011far ve ekibi, Tansu \u00c7iller\u2019in e\u015fi \u00d6zer \u00c7iller\u2019e baz\u0131 yanl\u0131\u015fl\u0131klar yapt\u0131rm\u0131\u015f olabilece\u011fini d\u00fc\u015f\u00fcn\u00fcyorum.<\/p>\n<p style=\"text-align: justify;\"><strong>Bizi toplant\u0131dan \u00e7\u0131kartt\u0131lar<\/strong><\/p>\n<p style=\"text-align: justify;\">Buna bir \u00f6rnek olarak da; biz Ba\u015fbakanla birlikte \u0130srail\u2019e gitmi\u015ftik, \u0130srail\u2019de MOSSAD Ba\u015fkan\u0131 ve heyetiyle g\u00f6r\u00fc\u015ft\u00fc\u011f\u00fcm\u00fcz s\u0131rada muhtemelen Mehmet A\u011far\u2019\u0131n talebi ve Ba\u015fbakan\u2019\u0131n direktifi ile s\u00f6z konusu toplant\u0131dan S\u00f6nmez K\u00f6ksal ve ben \u00e7\u0131kart\u0131ld\u0131k. \u0130\u00e7eride sadece Ba\u015fbakan \u00c7iller, A\u011far ve \u0130srailli istihbarat\u00e7\u0131larla kald\u0131. Ne konu\u015ftuklar\u0131n\u0131 bilmiyorum, ancak bu uygun bir davran\u0131\u015f de\u011fildi. Yine g\u00f6rd\u00fc\u011f\u00fcm kadar\u0131yla Ba\u015fbakan Tansu \u00c7iller\u2019in ter\u00f6r konusunda en g\u00fcvendi\u011fi isim Mehmet A\u011far olarak g\u00f6z\u00fckmekteydi.<\/p>\n<p style=\"text-align: justify;\"><strong>\u00c7ak\u0131c\u0131\u2019y\u0131 kulland\u0131lar<\/strong><\/p>\n<p style=\"text-align: justify;\">H\u00fcseyin Bayba\u015fin isimli uyu\u015fturucu ticareti yapan \u015fahs\u0131n bas\u0131na \u00e7\u0131kan Mehmet A\u011far ile ilgili iddialar\u0131n\u0131 biliyorum. Bu iddialar sadece Mehmet A\u011far ile ilgili de\u011fildi. Bir k\u0131s\u0131m ba\u015fka ki\u015filer hakk\u0131nda da iddialarda bulunuyordu. Hatta bana yans\u0131yan uyu\u015fturucu dolu bat\u0131r\u0131lan \u2018KISMET\u0130M\u2019 gemisindeki uyu\u015fturucuya ili\u015fkin ortakl\u0131ktan bahsediyordu. Benim s\u00f6z konusu iddialarla ilgili direkt ara\u015ft\u0131rmam ve bilgim yoktur. Ancak y\u00fczde 25\u2019i bile do\u011fru olsa bunlar \u00e7ok vahim durumlard\u0131r. Yukar\u0131da s\u00f6ylemeyi unuttu\u011fum, ben Alaattin \u00c7ak\u0131c\u0131\u2019yla irtibat kesildikten sonra Alaattin \u00c7ak\u0131c\u0131\u2019y\u0131 Mehmet A\u011far ve ekibi kullanmaya ba\u015flad\u0131. Bu durumu o zaman M\u0130T Ba\u015fkanl\u0131\u011f\u0131 Alaattin \u00c7ak\u0131c\u0131 ile ilgili telefon izleme faaliyeti yap\u0131yordu, bu konu\u015fmalar\u0131n i\u00e7eri\u011finde Alaattin \u00c7ak\u0131c\u0131 Erol Evcil ile konu\u015ftu\u011fu s\u0131rada Mehmet A\u011far\u2019dan bahsediyordu. Ancak \u015fu an i\u00e7eri\u011fini tam hat\u0131rlam\u0131yorum, aradan \u00e7ok uzun zaman ge\u00e7ti.<\/p>\n<p style=\"text-align: justify;\"><strong>Hakk\u0131mdaki su\u00e7lamalar as\u0131ls\u0131z<\/strong><\/p>\n<p style=\"text-align: justify;\">Ben kesinlikle \u00fczerime at\u0131lan hi\u00e7 bir su\u00e7lamay\u0131 kabul etmem. Susurluk kazas\u0131 sonucuyla kamuoyuna yans\u0131yan bu \u00e7eteyi de\u015fifre etmek amac\u0131yla bizzat ben \u00e7al\u0131\u015ft\u0131m. Ayr\u0131ca bu husus zaten benim g\u00f6revimdi. Ben bu anlamda g\u00f6revimi iyi yapt\u0131\u011f\u0131m\u0131 hem de demokrasiye \u00e7ok hizmet etti\u011fimi d\u00fc\u015f\u00fcn\u00fcyorum. Ayr\u0131ca Susurluk kazas\u0131ndan sonra da ya\u015fanan adli soru\u015fturmada \u0130stanbul DGM Savc\u0131s\u0131 olan Aykut Cengiz\u2019e \u00e7ok yard\u0131mda da bulundum. Bu husus kendisine de sorulabilir. \u00c7\u00fcnk\u00fc o zaman bana \u2018M\u0130T bize hi\u00e7 bilgi vermiyor\u2019 demi\u015fti. Ben de bunun \u00fczerine kendisine yard\u0131mc\u0131 olmaya \u00e7al\u0131\u015ft\u0131m ve 2005 y\u0131l\u0131ndan itibaren T\u00fcrkiye\u2019deydim. Herhangi bir \u015fekilde yurt d\u0131\u015f\u0131na gitme gibi bir durumum yok. Art\u0131k yurt d\u0131\u015f\u0131na da gitmem. Ayr\u0131ca ben Amerika\u2019da g\u00f6revliyken bulunuyordum. G\u00f6revimi s\u00fcresinden \u00f6nce sonland\u0131rmak istedi\u011fimde k\u0131z\u0131m\u0131n da okulu vard\u0131. Ben bu nedenle emekliye ayr\u0131ld\u0131m ve k\u0131z\u0131m\u0131n okulu bitene kadar Amerika\u2019da kald\u0131m. Benim hakk\u0131mda hukuk devletinde olmayan bir \u015fekilde olu\u015fturulan \u00f6rg\u00fctte M\u0130T\u2019in ba\u015f\u0131ndaki ki\u015fi olarak g\u00f6sterilmem tamamen art niyetli bir davran\u0131\u015ft\u0131r&#8230;\u201d<\/p>\n<p style=\"text-align: justify;\"><strong>M\u0130T\u2019i uyard\u0131m: Bu \u015febekeye dikkat<\/strong><\/p>\n<p style=\"text-align: justify;\">Susurluk olay\u0131 patlak vermeden \u00f6nce M\u0130T Kontr-ter\u00f6r Dairesi Ba\u015fkan Yard\u0131mc\u0131s\u0131 olarak t\u00fcm M\u0130T b\u00f6lge ba\u015fkanl\u0131klar\u0131na bir yaz\u0131 yazd\u0131m. Devlet i\u00e7inde g\u00f6rev yapan etkili \u015fah\u0131slar\u0131n g\u00fcd\u00fcm\u00fcnde bir k\u0131s\u0131m kamu g\u00f6revlilerinin de i\u00e7inde oldu\u011fu, siyasi cinayetler i\u015fleyen, hara\u00e7 toplayan bir ter\u00f6r \u00f6rg\u00fct\u00fc geli\u015fti\u011fi, isimlerini tek tek yazd\u0131\u011f\u0131m bu \u015fah\u0131slar\u0131n izlenerek konu \u00fczerinde hassasiyetle durulmas\u0131 gerekti\u011fini belirten bir yaz\u0131 yazd\u0131m. Yaz\u0131 \u00fczerine daha sonra duydu\u011fum kadar\u0131yla M\u0130T \u0130stihbarat Ba\u015fkan\u0131 olan Miktat Alpay isimli ki\u015finin bu yaz\u0131y\u0131 tek tek b\u00f6lge ba\u015fkanl\u0131klar\u0131ndan geri ald\u0131\u011f\u0131, yaz\u0131n\u0131n kay\u0131tl\u0131 oldu\u011fu defteri eksilterek, yeni kay\u0131t defteri a\u00e7t\u0131\u011f\u0131n\u0131 \u00f6\u011frendim&#8230;<\/p>\n<p style=\"text-align: justify;\"><strong>Kozino\u011flu\u2019nu istemedim<\/strong><\/p>\n<p style=\"text-align: justify;\">M\u0130T Ba\u015fkanl\u0131\u011f\u0131\u2019n\u0131n yabanc\u0131 istihbarat\u00e7\u0131lar gibi operasyonel bir birli\u011fi olmad\u0131\u011f\u0131 i\u00e7in baz\u0131 zafiyetler ortaya \u00e7\u0131kt\u0131. Bunun i\u00e7in M\u0130T Ba\u015fkanl\u0131\u011f\u0131 olarak \u00d6zel Harp Dairesi\u2019nde g\u00f6rev yapm\u0131\u015f baz\u0131 asker\u00ee \u015fah\u0131slar\u0131n M\u0130T b\u00fcnyesine al\u0131nmas\u0131 karar\u0131 \u00e7\u0131kt\u0131. Bu kapsamda Albay Orhan \u00c7oban ba\u015fkanl\u0131\u011f\u0131nda 5-6 ki\u015filik bir ekibi M\u0130T Ba\u015fkanl\u0131\u011f\u0131\u2019na ald\u0131k, ancak ben bunlardan Ka\u015fif Kozino\u011flu\u2019nun M\u0130T\u2019e al\u0131nmas\u0131na kar\u015f\u0131 \u00e7\u0131kt\u0131m. \u00c7\u00fcnk\u00fc Kozino\u011flu, \u00f6zel harpte de problemleri oldu\u011fu i\u00e7in, bir\u00e7ok gayriyasal i\u015flere kar\u0131\u015ft\u0131\u011f\u0131n\u0131 duymu\u015ftum, Bu durumu Orhan \u00c7oban\u2019a aktard\u0131\u011f\u0131mda \u201cBiz ekip olarak gelir gideriz, bu iste\u011finiz ay\u0131p olur\u201d dedi. Kar\u015f\u0131 \u00e7\u0131kmama ra\u011fmen Kozino\u011flu da M\u0130T\u2019e al\u0131nd\u0131. Kozino\u011flu M\u0130T\u2019te g\u00f6revliyken alt\u0131ndaki subayla birlikte kendi kendine \u0130HD Ba\u015fkan\u0131 Ak\u0131n Birdal\u2019\u0131 \u00f6ld\u00fcrmek \u00fczere plan yapt\u0131\u011f\u0131 istihbarat\u0131 bana geldi. Bana sordular \u2018Bu olaydan haberiniz var m\u0131\u2019 dediler, ben de \u2018haberimin olmad\u0131\u011f\u0131n\u0131\u2019 s\u00f6yledim. Bunun \u00fczerine soru\u015fturma a\u00e7t\u0131m, ifadesini ald\u0131m ve Kozino\u011flu\u2019nu cezaland\u0131rd\u0131m. Buna ili\u015fkin t\u00fcm\u00fc yaz\u0131l\u0131 belgeler M\u0130T Ba\u015fkanl\u0131\u011f\u0131\u2019nda vard\u0131r. Bunun \u00fczerine \u015eenkal Atasagun, Kozino\u011flu\u2019nu himayesine ald\u0131 ve kendi d\u0131\u015f istihbarat ba\u015fkanl\u0131\u011f\u0131nda kullanmaya ba\u015flad\u0131.<\/p>\n<p style=\"text-align: justify;\"><a href=\"http:\/\/www.gazeteport.com.tr\/haber\/66894\/eymur_o_tuglayi_cekti\" target=\"_blank\">Kaynak : GAZETEPORT<\/a><\/p>\n","protected":false},"excerpt":{"rendered":"<p style=\"text-align: center;\">\n<p style=\"text-align: justify;\">Eski M\u0130T\u2019\u00e7i Mehmet Eym\u00fcr\u2019\u00fcn ifadesi, A\u011far\u2019\u0131n \u201cBir tu\u011flay\u0131 \u00e7ekersem duvar \u00e7\u00f6ker\u201d dedi\u011fi, siyaset\u00e7i, istihbarat\u00e7\u0131, askerler ve mafyadan olu\u015fan yap\u0131y\u0131 y\u0131kmak \u00fczere.<\/p>\n<p style=\"text-align: justify;\">ANKARA &#8211; \u00d6zel Yetkili Ankara Cumhuriyet Savc\u0131s\u0131 Hakan Y\u00fcksel\u2019in y\u00fcr\u00fctt\u00fc\u011f\u00fc faili me\u00e7hul cinayetlerle ilgili soru\u015fturma kapsam\u0131nda ge\u00e7en hafta sorgulanan eski M\u0130T\u2019\u00e7i Mehmet Eym\u00fcr\u2019\u00fcn dokuz sayfal\u0131k ifadesi Taraf&#8217;ta <\/p>\n","protected":false},"author":1,"featured_media":0,"comment_status":"open","ping_status":"open","sticky":false,"template":"","format":"standard","meta":{"footnotes":""},"categories":[105],"tags":[],"class_list":["post-43765","post","type-post","status-publish","format-standard","hentry","category-gundem","odd"],"_links":{"self":[{"href":"http:\/\/www.korhanyilmaz.com\/index.php?rest_route=\/wp\/v2\/posts\/43765","targetHints":{"allow":["GET"]}}],"collection":[{"href":"http:\/\/www.korhanyilmaz.com\/index.php?rest_route=\/wp\/v2\/posts"}],"about":[{"href":"http:\/\/www.korhanyilmaz.com\/index.php?rest_route=\/wp\/v2\/types\/post"}],"author":[{"embeddable":true,"href":"http:\/\/www.korhanyilmaz.com\/index.php?rest_route=\/wp\/v2\/users\/1"}],"replies":[{"embeddable":true,"href":"http:\/\/www.korhanyilmaz.com\/index.php?rest_route=%2Fwp%2Fv2%2Fcomments&post=43765"}],"version-history":[{"count":0,"href":"http:\/\/www.korhanyilmaz.com\/index.php?rest_route=\/wp\/v2\/posts\/43765\/revisions"}],"wp:attachment":[{"href":"http:\/\/www.korhanyilmaz.com\/index.php?rest_route=%2Fwp%2Fv2%2Fmedia&parent=43765"}],"wp:term":[{"taxonomy":"category","embeddable":true,"href":"http:\/\/www.korhanyilmaz.com\/index.php?rest_route=%2Fwp%2Fv2%2Fcategories&post=43765"},{"taxonomy":"post_tag","embeddable":true,"href":"http:\/\/www.korhanyilmaz.com\/index.php?rest_route=%2Fwp%2Fv2%2Ftags&post=43765"}],"curies":[{"name":"wp","href":"https:\/\/api.w.org\/{rel}","templated":true}]}}