{"id":43759,"date":"2011-12-07T11:41:55","date_gmt":"2011-12-07T09:41:55","guid":{"rendered":"http:\/\/www.korhanyilmaz.com\/?p=43759"},"modified":"2011-12-07T11:53:52","modified_gmt":"2011-12-07T09:53:52","slug":"aydinlik-basbakana-komplo-girisimiyle-suclaniyor","status":"publish","type":"post","link":"http:\/\/www.korhanyilmaz.com\/?p=43759","title":{"rendered":"Ayd\u0131nl\u0131k Ba\u015fbakan&#8217;a komplo giri\u015fimiyle su\u00e7lan\u0131yor"},"content":{"rendered":"<p style=\"text-align: center;\"><a href=\"http:\/\/www.korhanyilmaz.com\/wp-content\/uploads\/2011\/12\/7449.jpg\"  class=\"lightview\"><img loading=\"lazy\" decoding=\"async\" class=\"aligncenter  wp-image-43760\" src=\"http:\/\/www.korhanyilmaz.com\/wp-content\/uploads\/2011\/12\/7449.jpg\" alt=\"\" width=\"420\" height=\"210\" \/><\/a><\/p>\n<p style=\"text-align: justify;\">Ayd\u0131nl\u0131k Gazetesi \u0130mtiyaz Sahibi ve Genel M\u00fcd\u00fcr\u00fc Mehmet Sabuncu&#8217;nun da g\u00f6zalt\u0131na al\u0131nd\u0131\u011f\u0131 operasyonun, Ba\u015fbakan Tayyip Erdo\u011fan, Taraf Gazetesi Genel Yay\u0131n Y\u00f6netmen Yard\u0131mc\u0131s\u0131 Yasemin \u00c7ongar ve Cumhuriyet Savc\u0131s\u0131 Cihan Kans\u0131z&#8217;\u0131 hedef alan bir komplo giri\u015fimine dayand\u0131\u011f\u0131 a\u00e7\u0131kland\u0131. Oda TV iddanamesinin Ba\u015fbakan Tayyip Erdo\u011fan&#8217;\u0131n talimat\u0131yla Taraf gazetesinde haz\u0131rland\u0131\u011f\u0131 ve Savc\u0131 Kans\u0131z&#8217;a g\u00f6nderildi\u011fi yolunda i\u00e7erik ta\u015f\u0131yan ve sahte adresli e-mail mesajlar\u0131n\u0131n Mehmet Sabuncu&#8217;nun kasas\u0131nda bulundu\u011fu bildirildi.\u00a0<!--more--><\/p>\n<p style=\"text-align: justify;\">Erdo\u011fan, \u00c7ongar ve Kans\u0131z ad\u0131na internet kafelerden al\u0131nan e-mail adresleriyle yap\u0131lan yaz\u0131\u015fmalar, polisin Taraf&#8217;a verdi\u011fi bilgiye 19 A\u011fustos&#8217;ta Ayd\u0131nl\u0131k gazetesinde yap\u0131lan aram\u0131 s\u0131ras\u0131nda, gazetenin Genel M\u00fcd\u00fcr\u00fc ve \u0130mtiyaz Sahibi Mehmet Sabuncu&#8217;nun masas\u0131nda bulundu. Polis bu bilgiyi 12 Ekim&#8217;de Taraf&#8217;a giderek \u00c7ongar&#8217;a iletti ve bilgisine ba\u015fvurdu. \u00c7ongar, ifadesinde dile getirdi\u011fi g\u00f6r\u00fc\u015f\u00fc gazetedeki yaz\u0131s\u0131nda da tekrarlayarak, &#8220;\u0130lgili gazetenin bu sahtecilik ve karalama kampanyas\u0131yla do\u011frudan ya da dolayl\u0131 bir ili\u015fkisinin olmamas\u0131n\u0131 umar\u0131m. Aksi takdirde, bir bas\u0131n kurulu\u015fu de\u011fil, karanl\u0131k bir operasyon merkezi olduklar\u0131n\u0131 d\u00fc\u015f\u00fcnece\u011fim&#8221; dedi.<\/p>\n<p style=\"text-align: justify;\">Ayd\u0131nl\u0131k gazetesi ise, &#8220;Onlar sald\u0131rd\u0131k\u00e7a biz b\u00fcy\u00fcyoruz&#8221; ba\u015fl\u0131\u011f\u0131n\u0131 mante\u015fe ta\u015f\u0131d\u0131\u011f\u0131 birinci sayfas\u0131ndan, &#8220;Gazetemizin sahibi Mehmet Sabuncu&#8217;nun evinde d\u00fcn arama yap\u0131ld\u0131. Arama gerek\u00e7esinde Ayd\u0131nl\u0131k&#8217;\u0131n, ger\u00e7ek d\u0131\u015f\u0131 bularak yay\u0131mlamad\u0131\u011f\u0131 not i\u00e7in &#8216;Kara propagaganda&#8217; su\u00e7u at\u0131ld\u0131. Sabuncu&#8217;nun odas\u0131 19 A\u011fustos&#8217;ta aranm\u0131\u015ft\u0131&#8221; duyurusunu yapt\u0131.<\/p>\n<p style=\"text-align: justify;\">Yasemin \u00c7ongar&#8217;\u0131n &#8220;Ba\u015fbakan, Savc\u0131 ve ben&#8221; ba\u015fl\u0131kl\u0131 yaz\u0131s\u0131 ile Ayd\u0131nl\u0131k gazetesinin birinci sayfas\u0131ndaki spot \u015f\u00f6yle:<\/p>\n<p style=\"text-align: justify;\"><strong>\u00c7ongar: Deli sa\u00e7mas\u0131 metinler\u00a0<\/strong><\/p>\n<p style=\"text-align: justify;\">Bundan birka\u00e7 ay \u00f6nce \u0130stanbul Emniyet M\u00fcd\u00fcrl\u00fc\u011f\u00fc Ter\u00f6rle M\u00fccadele \u015eubesi\u2019nden \u00fc\u00e7 g\u00f6revli Taraf\u2019a gelerek, ad\u0131m\u0131n ge\u00e7ti\u011fi baz\u0131 dok\u00fcmanlar hakk\u0131nda bana bilgi verdiler ve ifademi ald\u0131lar.<\/p>\n<p style=\"text-align: justify;\">Konu, polisin 19 A\u011fustos 2011 g\u00fcn\u00fc Ayd\u0131nl\u0131k Gazetesi binas\u0131nda yapt\u0131\u011f\u0131 aramada ele ge\u00e7en \u201cyaz\u0131\u015fmalar\u201dd\u0131. Emniyet yetkilileri, bu \u201cyaz\u0131\u015fmalar\u201ddan bana s\u00f6z edinceye kadar, varl\u0131klar\u0131ndan haberdar de\u011fildim. Haberdar olunca, oturup b\u00f6yle deli sa\u00e7mas\u0131 metinler haz\u0131rlayanlar\u0131n ya ciddiye al\u0131nmas\u0131 imk\u00e2ns\u0131z bir komplonun haz\u0131rl\u0131\u011f\u0131n\u0131 yapacak kadar zek\u00e2s\u0131z ya da \u2013daha b\u00fcy\u00fck olas\u0131l\u0131kla\u2013 Ergenekon soru\u015fturmas\u0131n\u0131 y\u00fcr\u00fcten makamlarla, bu soru\u015fturmaya destek veren siyasi iradeyle ve Taraf gibi soru\u015fturman\u0131n \u00f6nemine inanan bas\u0131n kurulu\u015flar\u0131yla dalga ge\u00e7erek, s\u00fcreci suland\u0131rmak isteyecek kadar rahats\u0131z olduklar\u0131n\u0131 d\u00fc\u015f\u00fcnd\u00fcm.<\/p>\n<p style=\"text-align: justify;\">Emniyet yetkilileri, soru\u015fturman\u0131n devam etti\u011fini, ifademin gizli kalmas\u0131 gerekti\u011fini s\u00f6ylediler; biz de konuya ili\u015fkin haber yapmad\u0131k. D\u00fcn Ter\u00f6rle M\u00fccadele \u015eubesi\u2019nden aray\u0131p, Taraf\u2019\u0131n ad\u0131n\u0131n da ge\u00e7ti\u011fi soru\u015fturman\u0131n tamamland\u0131\u011f\u0131n\u0131 ve Ayd\u0131nl\u0131k Gazetesi Sahibi ve Genel M\u00fcd\u00fcr\u00fc Mehmet Sabuncu\u2019nun benim de hakk\u0131nda ifade verdi\u011fim \u201cyaz\u0131\u015fmalar\u201dla ilgili olarak Ergenekon kapsam\u0131nda g\u00f6zalt\u0131na al\u0131nd\u0131\u011f\u0131n\u0131 bildirdiler. Emniyet yetkililerine g\u00f6re, ifadem \u00fczerindeki gizlilik kalkm\u0131\u015ft\u0131. Taraf y\u00f6netimi olarak, 12 Ekim 2011 g\u00fcn\u00fc Emniyet g\u00f6revlilerinin b\u00fcromuza niye geldiklerini, s\u00f6z konusu yaz\u0131\u015fmalarda ne oldu\u011funu, polisin bana neler sordu\u011funu yazma karar\u0131 ald\u0131k.<\/p>\n<p style=\"text-align: justify;\">Emniyet yetkilileri, 19 A\u011fustos 2011\u2019de Ayd\u0131nl\u0131k Gazetesi binas\u0131nda bir arama yapm\u0131\u015f ve o esnada Mehmet Sabuncu\u2019nun masas\u0131nda baz\u0131 dok\u00fcmanlar bulmu\u015flar; bu dok\u00fcmanlar\u0131 inceleyince de benim ifademi almaya karar vermi\u015fler. Emniyet yetkililerinin bu dok\u00fcmanlarla ilgili olarak bana verdi\u011fi bilgi, 12 Ekim 2011 tarihli Bilgi Alma Tutana\u011f\u0131\u2019na \u015f\u00f6yle yans\u0131d\u0131:<\/p>\n<p style=\"text-align: justify;\">\u201cBa\u015fbakan Recep Tayyip Erdo\u011fan, Cumhuriyet Savc\u0131s\u0131 Cihan Kans\u0131z ve sizin aran\u0131zda yap\u0131ld\u0131\u011f\u0131 izlenimi veren mail yaz\u0131\u015fmalar\u0131n\u0131n oldu\u011fu, brte@akparti.org.tr, Kansizckansiz@hotmail.com, ckansiz@hotmail.com, yasemin_congar@taraf.com.tr \u015feklinde mail adresleri olu\u015fturuldu\u011fu, bu mailler aras\u0131nda Ergenekon Ter\u00f6r \u00d6rg\u00fct\u00fc soru\u015fturmalar\u0131 kapsam\u0131nda haz\u0131rlanan iddianamelerin Ba\u015fbakan Say\u0131n Recep Tayyip Erdo\u011fan\u2019\u0131n talimat\u0131 ile Taraf Gazetesi\u2019nce haz\u0131rlan\u0131p Cumhuriyet Savc\u0131lar\u0131na iletildi\u011fi \u015feklinde yaz\u0131\u015fmalar\u0131n yap\u0131ld\u0131\u011f\u0131 tespit edilmi\u015ftir.\u201d<\/p>\n<p style=\"text-align: justify;\">Bana aktar\u0131lan bilgi ise yine s\u0131n\u0131rl\u0131 ama biraz daha ayr\u0131nt\u0131l\u0131yd\u0131. Emniyet yetkililerinin sadece bir k\u0131sm\u0131n\u0131 g\u00f6rmeme izin verdikleri e-mail mesajlar\u0131ndan, Ba\u015fbakan\u2019\u0131n bana ve Savc\u0131 Kans\u0131z\u2019a talimatlar iletti\u011fi, bizim bu talimatlara uygun \u015fekilde Taraf ekibi olarak OdaTV aleyhindeki iddianameyi kaleme ald\u0131\u011f\u0131m\u0131z, sonra da iddianame metnini Zaman Gazetesi\u2019nin kurye servisiyle, Savc\u0131 Kans\u0131z\u2019a iletti\u011fimiz sonucu \u00e7\u0131k\u0131yordu.<\/p>\n<p style=\"text-align: justify;\">Haliyle, Emniyet yetkilileri Taraf\u2019a gelmeden \u00f6nce Ba\u015fbakan Erdo\u011fan ve Cumhuriyet Savc\u0131s\u0131 Kans\u0131z\u2019a ait oldu\u011fu \u00f6ne s\u00fcr\u00fclen e-maillerin, her iki \u015fah\u0131s\u00e7a da kullan\u0131lmad\u0131\u011f\u0131n\u0131 ve internet caf\u00e9lerde olu\u015fturuldu\u011funu saptam\u0131\u015flard\u0131. Bana da s\u00f6z konusu e-mail adresini kullan\u0131p kullanmad\u0131\u011f\u0131m\u0131 sordular, Taraf\u2019\u0131n Bilgi-\u0130\u015flem sistemine bak\u0131p, teknik sorumlu arkada\u015f\u0131m\u0131zla da konu\u015farak b\u00f6yle bir adresin olu\u015fturulup olu\u015fturulmad\u0131\u011f\u0131n\u0131 kontrol ettiler ve benim ifademi ald\u0131lar. B\u00f6yle bir e-mail adresine hi\u00e7bir zaman sahip olmad\u0131\u011f\u0131m\u0131 s\u00f6yledim. Cevaplar\u0131m\u0131n devam\u0131n\u0131 tutanaktan aktar\u0131yorum:<\/p>\n<p style=\"text-align: justify;\">\u201cBa\u015fbakan\u2019la ve Cumhuriyet Savc\u0131s\u0131 Cihan Kans\u0131z\u2019la haberle\u015fmemiz s\u00f6z konusu de\u011fildir. Sadece sordu\u011funuz e-mail \u00fczerinden de\u011fil, ba\u015fka bir e-mail adresinden de bug\u00fcne kadar haberle\u015fmemiz olmam\u0131\u015ft\u0131r\u2026 Bu sahte yaz\u0131\u015fmalar\u0131n Say\u0131n Ba\u015fbakan ve Savc\u0131 beyle birlikte benim ismim de kullan\u0131larak yap\u0131lan d\u00fczeysiz bir karalama giri\u015fimi oldu\u011funu d\u00fc\u015f\u00fcn\u00fcyorum. Bu giri\u015fimin inand\u0131r\u0131c\u0131 olabilece\u011fini d\u00fc\u015f\u00fcnenleri biraz da komik buluyorum. Say\u0131n Ba\u015fbakan\u2019\u0131n onca i\u015f yo\u011funlu\u011funda, bu \u015fekilde e-mail y\u00f6ntemiyle haberle\u015fmesi, bana ve soru\u015fturma savc\u0131s\u0131na talimatlar vermesi, bu talimatlar\u0131n i\u00e7ersinde taraf\u0131m\u0131zca iddianameler haz\u0131rlanarak Savc\u0131 beye iletilmesi gibi konular\u0131n bulunmas\u0131, haliyle t\u00fcmden mant\u0131k d\u0131\u015f\u0131d\u0131r. Ayr\u0131ca kendi pay\u0131ma bu t\u00fcr bir haberle\u015fmenin hi\u00e7bir zaman i\u00e7inde olmad\u0131\u011f\u0131m\u0131 bildi\u011fim i\u00e7in, rahatl\u0131kla s\u00f6yleyebilirim ki, e-maillerde yans\u0131yan ili\u015fki k\u00fclliyen yaland\u0131r. Anla\u015f\u0131lan, b\u00f6yle bir d\u00fczmece haberle\u015fme metni \u00fczerinden bir yandan Ba\u015fbakan Erdo\u011fan ve Savc\u0131 Kans\u0131z ve tabii halen devam eden davalar y\u0131prat\u0131lmak istenirken, bir yandan da benim \u015fahs\u0131mda Taraf gazetesinin ad\u0131 kirletilmek isteniyor. Bu sahte belgelerin bir gazetenin b\u00fcrosunda ele ge\u00e7mi\u015f olmas\u0131 ise yap\u0131lmak istenen operasyonun kirlili\u011fini artt\u0131r\u0131yor.\u201d<\/p>\n<p style=\"text-align: justify;\">\u0130\u015fte b\u00f6yle! Emniyet yetkililerinin, Taraf\u2019a gelerek bizimle konu\u015ftuklar\u0131 12 ekimden bu yana, meseleyi soru\u015fturmay\u0131 s\u00fcrd\u00fcrd\u00fcklerini biliyorum ancak s\u00f6z konusu e-mail adreslerini kimlerin olu\u015fturdu\u011fu, mesajlar\u0131 kimlerin yazd\u0131\u011f\u0131, ama\u00e7lar\u0131n\u0131n ne oldu\u011fu, bu mesajlar\u0131n nas\u0131l olup da Ayd\u0131nl\u0131k Gazetesi\u2019nin sahibinin masas\u0131na ula\u015ft\u0131\u011f\u0131 konusunda ne gibi bulgulara sahip olduklar\u0131ndan haberdar de\u011filim.<\/p>\n<p style=\"text-align: justify;\">Verdi\u011fim ifadede, Ayd\u0131nl\u0131k Gazetesi\u2019nin bu sahte yaz\u0131\u015fmalarla muhtemel ilgisi konusunda \u015funlar\u0131 s\u00f6ylemi\u015fim; bug\u00fcn de bu konudaki fikir ve hislerim ayn\u0131:<\/p>\n<p style=\"text-align: justify;\">\u201c\u0130lgili gazetenin bu sahtecilik ve karalama kampanyas\u0131yla do\u011frudan ya da dolayl\u0131 bir ili\u015fkisinin olmamas\u0131n\u0131 umar\u0131m. Aksi takdirde, bir bas\u0131n kurulu\u015fu de\u011fil, karanl\u0131k bir operasyon merkezi olduklar\u0131n\u0131 d\u00fc\u015f\u00fcnece\u011fim.\u201d<\/p>\n<p style=\"text-align: justify;\">Ayd\u0131nl\u0131k gazetesinin spotu \u015f\u00f6yle:<\/p>\n<p style=\"text-align: justify;\">Ergenekon tertibi kapsam\u0131nda \u0130stanbul ve Tekirda\u011f&#8217;da bask\u0131nlar yap\u0131ld\u0131. Ayd\u0131nl\u0131k gazetesinin \u0130mtiyaz Sahibi Mehmet Sabuncu ve \u0130\u015f\u00e7i Partisi&#8217;nin 3 y\u00f6neticisi g\u00f6zalt\u0131na al\u0131nd\u0131. Mehmet Sabuncu&#8217;nun evinde yap\u0131lan arama gerek\u00e7esinde Ayd\u0131nl\u0131k&#8217;\u0131n, ger\u00e7ek d\u0131\u015f\u0131 bularak yay\u0131mlad\u0131\u011f\u0131 not i\u00e7in &#8220;kara propaganda&#8221; su\u00e7u at\u0131ld\u0131. Sabuncu&#8217;nun odas\u0131 19 A\u011fustos&#8217;taki bask\u0131nda aranm\u0131\u015ft\u0131.(T24)<\/p>\n<p style=\"text-align: justify;\"><a href=\"http:\/\/haber.gazetevatan.com\/aydinlik-basbakana-komplo-girisimiyle-suclaniyor\/416089\/1\/Gundem\" target=\"_blank\">Kaynak : VATAN Gazetesi<\/a><\/p>\n","protected":false},"excerpt":{"rendered":"<p style=\"text-align: center;\">\n<p style=\"text-align: justify;\">Ayd\u0131nl\u0131k Gazetesi \u0130mtiyaz Sahibi ve Genel M\u00fcd\u00fcr\u00fc Mehmet Sabuncu&#8217;nun da g\u00f6zalt\u0131na al\u0131nd\u0131\u011f\u0131 operasyonun, Ba\u015fbakan Tayyip Erdo\u011fan, Taraf Gazetesi Genel Yay\u0131n Y\u00f6netmen Yard\u0131mc\u0131s\u0131 Yasemin \u00c7ongar ve Cumhuriyet Savc\u0131s\u0131 Cihan Kans\u0131z&#8217;\u0131 hedef alan bir komplo giri\u015fimine dayand\u0131\u011f\u0131 a\u00e7\u0131kland\u0131. Oda TV iddanamesinin Ba\u015fbakan Tayyip Erdo\u011fan&#8217;\u0131n talimat\u0131yla Taraf gazetesinde haz\u0131rland\u0131\u011f\u0131 ve Savc\u0131 Kans\u0131z&#8217;a g\u00f6nderildi\u011fi <\/p>\n","protected":false},"author":1,"featured_media":0,"comment_status":"open","ping_status":"open","sticky":false,"template":"","format":"standard","meta":{"footnotes":""},"categories":[105],"tags":[],"class_list":["post-43759","post","type-post","status-publish","format-standard","hentry","category-gundem","odd"],"_links":{"self":[{"href":"http:\/\/www.korhanyilmaz.com\/index.php?rest_route=\/wp\/v2\/posts\/43759","targetHints":{"allow":["GET"]}}],"collection":[{"href":"http:\/\/www.korhanyilmaz.com\/index.php?rest_route=\/wp\/v2\/posts"}],"about":[{"href":"http:\/\/www.korhanyilmaz.com\/index.php?rest_route=\/wp\/v2\/types\/post"}],"author":[{"embeddable":true,"href":"http:\/\/www.korhanyilmaz.com\/index.php?rest_route=\/wp\/v2\/users\/1"}],"replies":[{"embeddable":true,"href":"http:\/\/www.korhanyilmaz.com\/index.php?rest_route=%2Fwp%2Fv2%2Fcomments&post=43759"}],"version-history":[{"count":0,"href":"http:\/\/www.korhanyilmaz.com\/index.php?rest_route=\/wp\/v2\/posts\/43759\/revisions"}],"wp:attachment":[{"href":"http:\/\/www.korhanyilmaz.com\/index.php?rest_route=%2Fwp%2Fv2%2Fmedia&parent=43759"}],"wp:term":[{"taxonomy":"category","embeddable":true,"href":"http:\/\/www.korhanyilmaz.com\/index.php?rest_route=%2Fwp%2Fv2%2Fcategories&post=43759"},{"taxonomy":"post_tag","embeddable":true,"href":"http:\/\/www.korhanyilmaz.com\/index.php?rest_route=%2Fwp%2Fv2%2Ftags&post=43759"}],"curies":[{"name":"wp","href":"https:\/\/api.w.org\/{rel}","templated":true}]}}