{"id":43753,"date":"2011-12-06T22:02:58","date_gmt":"2011-12-06T20:02:58","guid":{"rendered":"http:\/\/www.korhanyilmaz.com\/?p=43753"},"modified":"2011-12-07T11:46:18","modified_gmt":"2011-12-07T09:46:18","slug":"ergenekon-ve-devrimci-karargaha-yeni-dalga-operasyonlari","status":"publish","type":"post","link":"http:\/\/www.korhanyilmaz.com\/?p=43753","title":{"rendered":"Ergenekon ve Devrimci Karargah\u2019a yeni dalga operasyonlar\u0131"},"content":{"rendered":"<p style=\"text-align: justify;\"><a href=\"http:\/\/www.korhanyilmaz.com\/wp-content\/uploads\/2011\/12\/7448.jpg\"  class=\"lightview\"><img loading=\"lazy\" decoding=\"async\" class=\"aligncenter size-full wp-image-43754\" title=\"\" src=\"http:\/\/www.korhanyilmaz.com\/wp-content\/uploads\/2011\/12\/7448.jpg\" alt=\"\" width=\"312\" height=\"165\" \/><\/a><\/p>\n<p style=\"text-align: justify;\"><strong>Operasyonlarda 15 g\u00f6zalt\u0131&#8230;\u00a0<\/strong><\/p>\n<p style=\"text-align: justify;\">Ergenekon soru\u015fturmas\u0131 kapsam\u0131nda Tekirda\u011f ve \u0130stanbul\u2019da yap\u0131lan operasyonlarda, Ayd\u0131nl\u0131k gazetesinin sahibi Mehmet Sabuncu\u2019nun da aralar\u0131nda oldu\u011fu 3 ki\u015fi g\u00f6zalt\u0131na al\u0131nd\u0131. Devrimci Karargah ter\u00f6r \u00f6rg\u00fct\u00fcne y\u00f6nelik operasyonlarda ise 15 ki\u015fi g\u00f6zalt\u0131na al\u0131nd\u0131&#8230;\u00a0<!--more--><\/p>\n<p style=\"text-align: justify;\">Ergenekon soru\u015fturmas\u0131n\u0131 y\u00fcr\u00fcten \u00d6zel Yetkili Cumhuriyet Savc\u0131s\u0131 Cihan Kans\u0131z\u2019\u0131n talimat\u0131yla \u0130stanbul polisinin e\u015f zamanl\u0131 d\u00fczenledi\u011fi operasyonlarda, Ayd\u0131nl\u0131k gazetesi imtiyaz sahibi Mehmet Sabuncu, Cumhuriyet G\u00fc\u00e7 Birli\u011fi Partisi \u00fcyesi eski \u0130\u015f\u00e7i Partili emekli binba\u015f\u0131 Zafer \u015een ve emekli askeri hakim yarbay Bahad\u0131r Berk g\u00f6zalt\u0131na al\u0131nd\u0131. \u0130stanbul Emniyet M\u00fcd\u00fcrl\u00fc\u011f\u00fc\u2019ne ba\u011fl\u0131 ekipler, sabah 07.00 s\u0131ralar\u0131nda Sabuncu\u2019nun \u0130\u00e7erenk\u00f6y Eski \u00dcsk\u00fcdar Yolu \u00d6zi\u015f Apartman\u0131\u2019ndaki dairesine geldi. Ekipler, Mehmet Sabuncu hakk\u0131nda \u2018Ergenekon ter\u00f6r \u00f6rg\u00fct\u00fc i\u00e7inde faaliyet y\u00fcr\u00fctmek\u2019, \u2018Ergenekon ter\u00f6r \u00f6rg\u00fct\u00fcne \u00fcye olmak ve yard\u0131m etmek\u2019 su\u00e7lamas\u0131yla \u0130stanbul 10. A\u011f\u0131r Ceza Mahkemesi taraf\u0131ndan yakalama karar\u0131 \u00e7\u0131kar\u0131ld\u0131\u011f\u0131n\u0131 hat\u0131rlatarak g\u00f6zalt\u0131na ald\u0131.<\/p>\n<p style=\"text-align: justify;\"><strong>Polis etten duvar \u00f6rd\u00fc\u00a0<\/strong><\/p>\n<p style=\"text-align: justify;\">Yakla\u015f\u0131k 6 saat s\u00fcren araman\u0131n tamamlanmas\u0131n\u0131n ard\u0131ndan \u00c7evik Kuvvet \u015eube M\u00fcd\u00fcrl\u00fc\u011f\u00fc\u2019ne ba\u011fl\u0131 ekipler apartman\u0131n \u00f6n\u00fcne getirildi. Polisler, apartman\u0131n \u00e7\u0131k\u0131\u015f kap\u0131s\u0131n\u0131n \u00f6n\u00fcnde protestoculara kar\u015f\u0131 adeta etten duvar \u00f6rd\u00fc. Mehmet Sabuncu\u2019yu selamlayacaklar\u0131n\u0131 anlatan toplulukla emniyet yetkilileri aras\u0131nda gergin anlar ya\u015fand\u0131. Mehmet Sabuncu\u2019nun bindirildi\u011fi otomobilin yolu, polisler taraf\u0131ndan a\u00e7\u0131ld\u0131. Bu s\u0131rada \u0130\u015f\u00e7i Partisi Bayrampa\u015fa \u0130l\u00e7e Ba\u015fkan\u0131 \u0130slam \u0130leri\u2019nin sol aya\u011f\u0131, otomobilin tekerinin alt\u0131nda kald\u0131. Yaralanan ileri di\u011fer partililer taraf\u0131ndan hastaneye kald\u0131r\u0131l\u0131rken, Sabuncu da sorgulanmak \u00fczere \u0130stanbul Emniyet M\u00fcd\u00fcrl\u00fc\u011f\u00fc binas\u0131na g\u00f6t\u00fcr\u00fcld\u00fc.<\/p>\n<p style=\"text-align: justify;\"><strong>Bizden korkuyorlar\u00a0<\/strong><\/p>\n<p style=\"text-align: justify;\">Ayd\u0131nl\u0131k Gazetesi Genel Yay\u0131n Y\u00f6netmeni Serhan Bolluk ise \u201cDikkat! \u0130leri demokrasi arama yap\u0131yor\u201d yaz\u0131l\u0131 pankart\u0131n \u00f6n\u00fcnde a\u00e7\u0131klama yaparak, \u201cOnlar bizden \u00e7ok korkuyorlar. \u00c7\u00fcnk\u00fc, biz vatan\u0131 savunuyoruz. Yap\u0131lanlar\u0131n hepsinin hesab\u0131n\u0131 soraca\u011f\u0131z. Biz bask\u0131lardan korkmay\u0131z. Ayd\u0131nl\u0131k\u2019\u0131n tek sahibi yok, binlerce sahibi var. Ayd\u0131nl\u0131k\u2019\u0131n sahibi halkt\u0131r. Yap\u0131lanlar v\u0131z gelir t\u0131r\u0131s gider. Bizim i\u00e7imiz rahat, yolumuz a\u00e7\u0131kt\u0131r\u201d dedi.<\/p>\n<p style=\"text-align: justify;\"><strong>G\u00f6zalt\u0131lara protesto\u00a0<\/strong><\/p>\n<p style=\"text-align: justify;\">Ayd\u0131nl\u0131k gazetesinin sahibi Sabuncu\u2019nun dairesinde arama yap\u0131l\u0131rken, evin \u00f6n\u00fcne gelen \u0130\u015f\u00e7i Partisi \u00fcyesi bir grup durumu protesto etti. Apartman\u0131n baz\u0131 sakinleri pencerelerine T\u00fcrk bayra\u011f\u0131 ast\u0131. Yakla\u015f\u0131k 100 ki\u015filik topluluk s\u0131k s\u0131k \u201cYa istiklal ya \u00f6l\u00fcm, tam ba\u011f\u0131ms\u0131z T\u00fcrkiye\u201d, \u201cKahrolsun AKP diktat\u00f6rl\u00fc\u011f\u00fc\u201d, \u201cAyd\u0131nl\u0131\u011fa uzanan eller k\u0131r\u0131ls\u0131n\u201d, \u201cAyd\u0131nl\u0131k halk\u0131nd\u0131r susturulamaz\u201d ve \u201cKahrolsun Be\u015fikta\u015f ter\u00f6r \u00f6rg\u00fct\u00fc\u201d sloganlar\u0131 att\u0131.<\/p>\n<p style=\"text-align: justify;\"><strong>\u2018Devrimci Karargah eylem haz\u0131rl\u0131\u011f\u0131nda\u2019\u00a0<\/strong><\/p>\n<p style=\"text-align: justify;\">Devrimci Karargah \u00f6rg\u00fct\u00fcne y\u00f6nelik yap\u0131lan \u00e7al\u0131\u015fmalarda \u00f6rg\u00fct\u00fcn \u015fehir yap\u0131lanmas\u0131nda aktif rol oynad\u0131klar\u0131 ve eylem haz\u0131rl\u0131\u011f\u0131nda oldu\u011fu \u00f6\u011frenilen \u00f6rg\u00fct \u00fcyesi 15 ki\u015fi, sabah saatlerinde yap\u0131lan operasyonlarda g\u00f6zalt\u0131na al\u0131nd\u0131. \u0130stanbul\u2019un 6 farkl\u0131 il\u00e7esinde ve Antalya\u2019da d\u00fczenlenen operasyonlarda \u00f6rg\u00fct \u00fcyesi olduklar\u0131 ileri s\u00fcr\u00fclen 15 ki\u015fi g\u00f6zalt\u0131na al\u0131narak sorgulanmak \u00fczere Ter\u00f6rle M\u00fccadele \u015eube M\u00fcd\u00fcrl\u00fc\u011f\u00fc\u2019ne g\u00f6t\u00fcr\u00fcld\u00fc. Antalya\u2019da g\u00f6zalt\u0131na al\u0131nan \u00fc\u00e7 ki\u015finin PKK\u2019n\u0131n da\u011f kamplar\u0131nda e\u011fitim ald\u0131ktan sonra \u015fehre geldikleri \u00f6ne s\u00fcr\u00fcld\u00fc. Zanl\u0131lar\u0131n sorgular\u0131 devam ediyor.<\/p>\n<p style=\"text-align: justify;\"><a href=\"http:\/\/haber.gazetevatan.com\/ergenekon-ve-devrimci-karargaha-yeni-dalga-operasyonlari\/415992\/1\/Gundem\" target=\"_blank\">Kaynak : VATAN Gazetesi<\/a><\/p>\n","protected":false},"excerpt":{"rendered":"<p style=\"text-align: justify;\">\n<p style=\"text-align: justify;\">Operasyonlarda 15 g\u00f6zalt\u0131&#8230; <\/p>\n<p style=\"text-align: justify;\">Ergenekon soru\u015fturmas\u0131 kapsam\u0131nda Tekirda\u011f ve \u0130stanbul\u2019da yap\u0131lan operasyonlarda, Ayd\u0131nl\u0131k gazetesinin sahibi Mehmet Sabuncu\u2019nun da aralar\u0131nda oldu\u011fu 3 ki\u015fi g\u00f6zalt\u0131na al\u0131nd\u0131. Devrimci Karargah ter\u00f6r \u00f6rg\u00fct\u00fcne y\u00f6nelik operasyonlarda ise 15 ki\u015fi g\u00f6zalt\u0131na al\u0131nd\u0131&#8230; <\/p>\n","protected":false},"author":1,"featured_media":0,"comment_status":"open","ping_status":"open","sticky":false,"template":"","format":"standard","meta":{"footnotes":""},"categories":[105],"tags":[],"class_list":["post-43753","post","type-post","status-publish","format-standard","hentry","category-gundem","odd"],"_links":{"self":[{"href":"http:\/\/www.korhanyilmaz.com\/index.php?rest_route=\/wp\/v2\/posts\/43753","targetHints":{"allow":["GET"]}}],"collection":[{"href":"http:\/\/www.korhanyilmaz.com\/index.php?rest_route=\/wp\/v2\/posts"}],"about":[{"href":"http:\/\/www.korhanyilmaz.com\/index.php?rest_route=\/wp\/v2\/types\/post"}],"author":[{"embeddable":true,"href":"http:\/\/www.korhanyilmaz.com\/index.php?rest_route=\/wp\/v2\/users\/1"}],"replies":[{"embeddable":true,"href":"http:\/\/www.korhanyilmaz.com\/index.php?rest_route=%2Fwp%2Fv2%2Fcomments&post=43753"}],"version-history":[{"count":0,"href":"http:\/\/www.korhanyilmaz.com\/index.php?rest_route=\/wp\/v2\/posts\/43753\/revisions"}],"wp:attachment":[{"href":"http:\/\/www.korhanyilmaz.com\/index.php?rest_route=%2Fwp%2Fv2%2Fmedia&parent=43753"}],"wp:term":[{"taxonomy":"category","embeddable":true,"href":"http:\/\/www.korhanyilmaz.com\/index.php?rest_route=%2Fwp%2Fv2%2Fcategories&post=43753"},{"taxonomy":"post_tag","embeddable":true,"href":"http:\/\/www.korhanyilmaz.com\/index.php?rest_route=%2Fwp%2Fv2%2Ftags&post=43753"}],"curies":[{"name":"wp","href":"https:\/\/api.w.org\/{rel}","templated":true}]}}