{"id":43749,"date":"2011-12-07T09:34:35","date_gmt":"2011-12-07T07:34:35","guid":{"rendered":"http:\/\/www.korhanyilmaz.com\/?p=43749"},"modified":"2011-12-07T11:55:56","modified_gmt":"2011-12-07T09:55:56","slug":"aydinlikin-sahibi-gozaltinda","status":"publish","type":"post","link":"http:\/\/www.korhanyilmaz.com\/?p=43749","title":{"rendered":"Ayd\u0131nl\u0131k\u2019\u0131n sahibi g\u00f6zalt\u0131nda"},"content":{"rendered":"<p style=\"text-align: justify;\"><a href=\"http:\/\/www.korhanyilmaz.com\/wp-content\/uploads\/2011\/12\/7747.jpg\"  class=\"lightview\"><img loading=\"lazy\" decoding=\"async\" class=\"aligncenter size-full wp-image-43750\" title=\"\" src=\"http:\/\/www.korhanyilmaz.com\/wp-content\/uploads\/2011\/12\/7747.jpg\" alt=\"\" width=\"313\" height=\"188\" \/><\/a><\/p>\n<p style=\"text-align: justify;\">Ayd\u0131nl\u0131k Gazetesi Sahibi ve Genel M\u00fcd\u00fcr\u00fc Mehmet Sabuncu, emekli Binba\u015f\u0131 Zafer \u015een ve emekli askeri h\u00e2kim Bahad\u0131r Berk, \u0130\u015f\u00e7i Partisi \u00c7orlu \u0130l\u00e7e Ba\u015fkan\u0131 Ertu\u011frul Orta d\u00fcn Ergenekon soru\u015fturmas\u0131 kapsam\u0131nda g\u00f6zalt\u0131na al\u0131nd\u0131.\u00a0<!--more--><\/p>\n<p style=\"text-align: justify;\">Polis ekipleri d\u00fcn sabah saat 07.00 s\u0131ralar\u0131nda Ayd\u0131nl\u0131k Gazetesi\u2019nin sahibi ve Genel M\u00fcd\u00fcr\u00fc Mehmet Sabuncu\u2019nun \u0130stanbul Ata\u015fehir\u2019deki evine gelerek arama yapmaya ba\u015flad\u0131. Sabuncu\u2019nun evinde arama yap\u0131ld\u0131\u011f\u0131n\u0131 duyan dostlar\u0131 evin \u00f6n\u00fcne gelerek beklemeye ba\u015flad\u0131. Sabuncu\u2019nun evindeki arama \u00f6\u011fle saatlerinde sona erdi. \u0130\u015f\u00e7i Partisi\u2019nin Tekirda\u011f\u2019\u0131n \u00c7orlu \u0130l\u00e7e Ba\u015fkanl\u0131\u011f\u0131 binas\u0131 ile avukatl\u0131k yapan emekli askeri savc\u0131 Yarbay Bahad\u0131r Berk\u2019e ait hukuk b\u00fcrosunda da arama yap\u0131ld\u0131. Soru\u015fturma kapsam\u0131nda emekli binba\u015f\u0131 Zafer \u015een, Bahad\u0131r Berk ve \u0130\u015f\u00e7i Partisi \u00c7orlu \u0130l\u00e7e Ba\u015fkan\u0131 Ertu\u011frul Orta g\u00f6zalt\u0131na al\u0131nd\u0131. 2 saat s\u00fcren arama sonras\u0131 polislerin aras\u0131nda evden \u00e7\u0131kar\u0131lan Orta \u201cRecep Bey\u2019in ileri demokrasisi bu. Amerika \u00e7\u00f6kecek, onlar da \u00e7\u00f6kecek\u201d diye ba\u011f\u0131rd\u0131.<\/p>\n<p style=\"text-align: justify;\">\u0130stanbul 10\u2019uncu A\u011f\u0131r Ceza Mahkemesi h\u00e2kimi Sava\u015f \u00c7elik taraf\u0131ndan verilen arama-el koyma ve inceleme karar\u0131nda gerek\u00e7e olarak, \u201cErgenekon Silahl\u0131 Ter\u00f6r \u00d6rg\u00fct\u00fc \u00e7er\u00e7evesinde faaliyet g\u00f6sterme, \u00fcye olma, \u00f6rg\u00fcte yard\u0131m etme \u015f\u00fcphesi\u201d g\u00f6sterildi ve \u015f\u00f6yle denildi:\u201cSoru\u015fturma kapsam\u0131nda daha \u00f6nce yap\u0131lan aramalarda T\u00fcrkiye Cumhuriyeti Ba\u015fbakan\u0131, soru\u015fturmay\u0131 y\u00fcr\u00fcten Cumhuriyet Savc\u0131s\u0131 ve ulusal bir gazetenin yazar\u0131 aras\u0131nda, y\u00fcr\u00fct\u00fclen soru\u015fturmayla ilgili d\u0131\u015fardan talimat verildi\u011fi izlenimi olu\u015fturacak mail yaz\u0131\u015fmalar\u0131n\u0131n yap\u0131ld\u0131\u011f\u0131na dair, bir k\u0131s\u0131m \u00f6rg\u00fctsel nitelikli d\u00f6k\u00fcmanlar elde edildi\u011fi. Elde edilen bu d\u00f6k\u00fcmanlar\u0131n Ergenekon Ter\u00f6r \u00d6rg\u00fct\u00fc\u2019n\u00fcn daha \u00f6nce ele ge\u00e7irilen \u2018Ergenekon ve Lobi\u2019 adl\u0131 \u00f6rg\u00fctsel d\u00f6k\u00fcmanlarla di\u011fer \u015f\u00fcphelilerden elde edilmi\u015f olan bir\u00e7ok dok\u00fcmanda bahsi ge\u00e7en, \u2018Dezenformasyon-Kara Propaganda\u2019 faaliyetleri kapsam\u0131nda haz\u0131rland\u0131\u011f\u0131na dair kuvvetli \u015f\u00fcphenin bulundu\u011fu.\u201d<\/p>\n<p style=\"text-align: justify;\"><a href=\"http:\/\/www.hurriyet.com.tr\/gundem\/19408028.asp\" target=\"_blank\">Kaynak : H\u00fcrriyet.com.tr<\/a><\/p>\n","protected":false},"excerpt":{"rendered":"<p style=\"text-align: justify;\">\n<p style=\"text-align: justify;\">Ayd\u0131nl\u0131k Gazetesi Sahibi ve Genel M\u00fcd\u00fcr\u00fc Mehmet Sabuncu, emekli Binba\u015f\u0131 Zafer \u015een ve emekli askeri h\u00e2kim Bahad\u0131r Berk, \u0130\u015f\u00e7i Partisi \u00c7orlu \u0130l\u00e7e Ba\u015fkan\u0131 Ertu\u011frul Orta d\u00fcn Ergenekon soru\u015fturmas\u0131 kapsam\u0131nda g\u00f6zalt\u0131na al\u0131nd\u0131. <\/p>\n","protected":false},"author":1,"featured_media":0,"comment_status":"open","ping_status":"open","sticky":false,"template":"","format":"standard","meta":{"footnotes":""},"categories":[105],"tags":[],"class_list":["post-43749","post","type-post","status-publish","format-standard","hentry","category-gundem","odd"],"_links":{"self":[{"href":"http:\/\/www.korhanyilmaz.com\/index.php?rest_route=\/wp\/v2\/posts\/43749","targetHints":{"allow":["GET"]}}],"collection":[{"href":"http:\/\/www.korhanyilmaz.com\/index.php?rest_route=\/wp\/v2\/posts"}],"about":[{"href":"http:\/\/www.korhanyilmaz.com\/index.php?rest_route=\/wp\/v2\/types\/post"}],"author":[{"embeddable":true,"href":"http:\/\/www.korhanyilmaz.com\/index.php?rest_route=\/wp\/v2\/users\/1"}],"replies":[{"embeddable":true,"href":"http:\/\/www.korhanyilmaz.com\/index.php?rest_route=%2Fwp%2Fv2%2Fcomments&post=43749"}],"version-history":[{"count":0,"href":"http:\/\/www.korhanyilmaz.com\/index.php?rest_route=\/wp\/v2\/posts\/43749\/revisions"}],"wp:attachment":[{"href":"http:\/\/www.korhanyilmaz.com\/index.php?rest_route=%2Fwp%2Fv2%2Fmedia&parent=43749"}],"wp:term":[{"taxonomy":"category","embeddable":true,"href":"http:\/\/www.korhanyilmaz.com\/index.php?rest_route=%2Fwp%2Fv2%2Fcategories&post=43749"},{"taxonomy":"post_tag","embeddable":true,"href":"http:\/\/www.korhanyilmaz.com\/index.php?rest_route=%2Fwp%2Fv2%2Ftags&post=43749"}],"curies":[{"name":"wp","href":"https:\/\/api.w.org\/{rel}","templated":true}]}}