{"id":43745,"date":"2011-12-06T13:46:54","date_gmt":"2011-12-06T11:46:54","guid":{"rendered":"http:\/\/www.korhanyilmaz.com\/?p=43745"},"modified":"2011-12-07T09:25:39","modified_gmt":"2011-12-07T07:25:39","slug":"vetolu-yasa-aynen-iade","status":"publish","type":"post","link":"http:\/\/www.korhanyilmaz.com\/?p=43745","title":{"rendered":"Vetolu yasa aynen iade"},"content":{"rendered":"<p style=\"text-align: center;\"><a href=\"http:\/\/www.korhanyilmaz.com\/wp-content\/uploads\/2011\/12\/7746.jpg\"  class=\"lightview\"><img loading=\"lazy\" decoding=\"async\" class=\"aligncenter  wp-image-43746\" src=\"http:\/\/www.korhanyilmaz.com\/wp-content\/uploads\/2011\/12\/7746.jpg\" alt=\"\" width=\"396\" height=\"198\" \/><\/a><\/p>\n<p style=\"text-align: justify;\">AKP, Cumhurba\u015fkan\u0131 Abdullah G\u00fcl&#8217;\u00fcn veto etti\u011fi bir yasay\u0131 ilk kez K\u00f6\u015fk&#8217;e oldu\u011fu gibi iade ediyor..<\/p>\n<p style=\"text-align: justify;\">AK Parti Grup Ba\u015fkanvekili Nurettin Canikli, \u201cBu d\u00fczenlemenin yap\u0131lmas\u0131 gerekti\u011fine inan\u0131yoruz\u201d dedi, \u201cAK Parti ile K\u00f6\u015fk aras\u0131nda \u00e7atlak\u201d yorumlar\u0131n\u0131 ise reddetti: Herkes herkesle ayn\u0131 d\u00fc\u015f\u00fcnmek zorunda de\u011fil.\u00a0<!--more--><\/p>\n<p style=\"text-align: justify;\">Ankara -AK Parti, Cumhurba\u015fkan\u0131 Abdullah G\u00fcl\u2019\u00fcn \u201cki\u015fiye \u00f6zel d\u00fczenleme\u201d yap\u0131ld\u0131\u011f\u0131 konusunda kamuouyunda alg\u0131 olu\u015fturdu\u011fu ve \u015fike cezalar\u0131n\u0131 \u201ccayd\u0131r\u0131c\u0131 olmaktan \u00e7\u0131kard\u0131\u011f\u0131\u201d gerek\u00e7esiyle yeniden g\u00f6r\u00fc\u015f\u00fclmek \u00fczere veto etti\u011fi yasay\u0131 Meclis\u2019ten aynen ge\u00e7irerek K\u00f6\u015fk\u2019e g\u00f6nderme karar\u0131 ald\u0131. A\u00e7\u0131klamay\u0131 AK Parti Grup Ba\u015fkanvekili Nurettin Canikli yapt\u0131. Canikli, gazetecilerin konuyla ilgili sorular\u0131n\u0131 \u015f\u00f6yle yan\u0131tlad\u0131:<\/p>\n<p style=\"text-align: justify;\"><strong>&#8211; Vetolu yasan\u0131n ak\u0131beti ne olacak?\u00a0<\/strong><\/p>\n<p style=\"text-align: justify;\">Biz AK Parti grubu olarak daha \u00f6nce di\u011fer grubu bulunan partilerle de\u011fi\u015fiklik teklifinin alt\u0131na imza atm\u0131\u015ft\u0131k. Daha sonra BDP imzas\u0131n\u0131 geri \u00e7ekerek mutabakattan ayr\u0131ld\u0131. Bu tabii ba\u015flang\u0131\u00e7taki mutabakatla teklifin TBMM\u2019ye sunuldu\u011fu ger\u00e7e\u011fini de\u011fi\u015ftirmiyor. AK Parti olarak \u015fu an itibariyle o anda mutabakata vard\u0131\u011f\u0131m\u0131z \u015fartlar ve hususlar\u0131n i\u00e7eri\u011finde, \u00f6z\u00fcnde herhangi bir de\u011fi\u015fiklik s\u00f6zkonusu de\u011fildir. AK Parti, MHP ve CHP ile birlikte o mutabakat\u0131n\u0131 devam ettirmektedir. Bununla ba\u011flant\u0131l\u0131 olarak kanun teklifinin bir an \u00f6nce ve aynen daha \u00f6nce TBMM\u2019de kabul edildi\u011fi gibi g\u00f6r\u00fc\u015f\u00fcl\u00fcp, kabul edilmesi y\u00f6n\u00fcnde bir kanaatimiz var ve bu kanaatimizi muhafaza ediyoruz.<\/p>\n<p style=\"text-align: justify;\"><strong>&#8211; Herhangi bir geli\u015fme yok diyorsunuz. Cumhurba\u015fkan\u0131\u2019n\u0131n vetosu var, Ba\u015fbakan Yard\u0131mc\u0131s\u0131\u2019n\u0131n Cumhurba\u015fkan\u0131\u2019na hak veren a\u00e7\u0131klamalar\u0131 var&#8230;\u00a0<\/strong><\/p>\n<p style=\"text-align: justify;\">AK Parti grubu olarak bu karar\u0131m\u0131z\u0131 de\u011fi\u015ftirecek bir husus s\u00f6z konusu de\u011fildir. Takdir ku\u015fkusuz Cumhurba\u015fkan\u0131m\u0131z\u0131nd\u0131r. Anayasal yetkisini kullanm\u0131\u015ft\u0131r. AK Parti grubu olarak kanaatimiz budur. Mutabakat\u0131, bu kanaati de\u011fi\u015ftirecek yeniden g\u00f6zden ge\u00e7irilmesine yol a\u00e7acak herhangi bir hususun olmad\u0131\u011f\u0131n\u0131 d\u00fc\u015f\u00fcn\u00fcyoruz.<\/p>\n<p style=\"text-align: justify;\"><strong>&#8211; Cumhurba\u015fkan\u0131\u2019n\u0131n ki\u015fiye \u00f6zg\u00fc ve cayd\u0131r\u0131c\u0131l\u0131ktan uzak ele\u015ftirilerini nas\u0131l de\u011ferlendiriyorsunuz?\u00a0<\/strong><\/p>\n<p style=\"text-align: justify;\">Herkesin kendi kanaatini payla\u015fmas\u0131 do\u011fald\u0131r. Sayg\u0131yla kar\u015f\u0131l\u0131yoruz. B\u00fct\u00fcn bu konularda g\u00f6r\u00fc\u015f belirten herkesin kanaatlerine kat\u0131l\u0131r\u0131z veya kat\u0131lmay\u0131z ama sayg\u0131yla kar\u015f\u0131l\u0131yoruz. Herkes kanaatini kamuoyu ile payla\u015fabilir, konu\u015fabilir ve bu konudaki d\u00fc\u015f\u00fcncelerini payla\u015fmas\u0131nda sak\u0131nca olamaz.<\/p>\n<p style=\"text-align: justify;\"><strong>&#8211; Hen\u00fcz \u00e7\u0131kart\u0131lal\u0131 1 sene olmadan yasa de\u011fi\u015ftiriliyor. Bu konuda \u00f6zele\u015ftiri ihtiyac\u0131 duyuyor musunuz?\u00a0<\/strong><\/p>\n<p style=\"text-align: justify;\">Bu tart\u0131\u015fmalara girmiyoruz. Net \u015fekilde bu d\u00fczenlemelerin, de\u011fi\u015fikliklerin yap\u0131lmas\u0131 gerekti\u011fine inan\u0131yoruz. Bu inanc\u0131m\u0131z nedeniyle o teklifi vermi\u015ftik, 4 siyasi parti olarak. \u015eu an itibariyle ayn\u0131 noktaday\u0131z.<\/p>\n<p style=\"text-align: justify;\"><strong>&#8211; AK Parti ile K\u00f6\u015fk aras\u0131nda \u00e7atlak oldu\u011fu yorumlar\u0131na ne diyorsunuz?\u00a0<\/strong><\/p>\n<p style=\"text-align: justify;\">Kesinlikle do\u011fru bir de\u011ferlendirme de\u011fil. Cumhurba\u015fkan\u0131 Anayasal yetkisini kullanm\u0131\u015ft\u0131r. Herkes ayn\u0131 siyasi parti i\u00e7inde olabilir, farkl\u0131 partilerde olabilir, d\u0131\u015farda olabilir, cumhurba\u015fkan\u0131m\u0131z olabilir, herkesin kendi kanaati vard\u0131r. Herkes herkesle ayn\u0131 d\u00fc\u015f\u00fcnmek zorunda de\u011fil. Demokratik bir anlay\u0131\u015fla sadece bu kanaatlere d\u00fc\u015f\u00fcncelere sayg\u0131 duyulur. Onun \u00f6tesindeki de\u011ferlendirmeler uygun de\u011fil.<\/p>\n<p style=\"text-align: justify;\"><strong>&#8211; Ar\u0131n\u00e7\u2019\u0131n \u2018Kimse cesaret edemez\u2019 a\u00e7\u0131klamas\u0131 var. Bu konuda h\u00fck\u00fcmet ile AK Parti grubu aras\u0131nda g\u00f6r\u00fc\u015f ayr\u0131l\u0131\u011f\u0131 m\u0131 ya\u015fan\u0131yor?\u00a0<\/strong><\/p>\n<p style=\"text-align: justify;\">Hay\u0131r, \u00f6yle bir g\u00f6r\u00fc\u015f ayr\u0131l\u0131\u011f\u0131 yok. Ayn\u0131 siyasi parti i\u00e7inde, teklifin komisyon ve genel kurul g\u00f6r\u00fc\u015fmelerinde alt\u0131nda grup ba\u015fkanvekillerinin imzas\u0131 olan partilerin tamam\u0131nca farkl\u0131 g\u00f6r\u00fc\u015fler de ortaya konmu\u015ftur. Farkl\u0131 g\u00f6r\u00fc\u015fler olabilir ama gruplar\u0131n kanaatinin olu\u015fmas\u0131 farkl\u0131 bir \u015feydir. Bunlar ki\u015fisel kanaatlerdir sonu\u00e7ta. Buradan yola \u00e7\u0131karak b\u00f6yle de\u011ferlendirmeler yapmak do\u011fru de\u011fil.<\/p>\n<p style=\"text-align: justify;\"><strong>&#8211; Aynen kabul edilmesi halinde Cumhurba\u015fkan\u0131\u2019n\u0131n 2. veto hakk\u0131 yok. AYM\u2019ye g\u00f6t\u00fcr\u00fcrebilir mi?\u00a0<\/strong><\/p>\n<p style=\"text-align: justify;\">Olabilecekler bellidir. Anayasam\u0131zda belirtilmi\u015ftir. B\u00f6yle bir durumda onaylan\u0131r ama cumhurba\u015fkan\u0131m\u0131z isterse AYM\u2019ye takdir ederlerse g\u00f6t\u00fcrebilir. Kanaatimiz yasan\u0131n Genel Kurul\u2019dan \u00e7\u0131km\u0131\u015f haliyle tekrar kabul edilmesi, ama takdir Meclis\u2019in.<\/p>\n<p style=\"text-align: justify;\"><strong>Vetolu yasa yar\u0131n komisyonda\u00a0<\/strong><\/p>\n<p style=\"text-align: justify;\">TBMM Adalet Komisyonu, Cumhurba\u015fkan\u0131\u2019n\u0131n veto etti\u011fi \u015fike cezalar\u0131nda indirim yapan yasay\u0131 yar\u0131n g\u00f6r\u00fc\u015fecek. Genel Kurul\u2019da d\u00fcn G\u00fcl\u2019\u00fcn, \u015fike cezalar\u0131n\u0131 indiren yasay\u0131 bir kez daha g\u00f6r\u00fc\u015f\u00fclmek \u00fczere geri g\u00f6nderme gerek\u00e7esi okundu. Adalet Komisyonu Ba\u015fkan\u0131 Ahmet \u0130yimaya, vetolu yasay\u0131 g\u00f6r\u00fc\u015fmek \u00fczere \u00fcyelerine 8 Aral\u0131k saat 18.00 i\u00e7in toplant\u0131 \u00e7a\u011fr\u0131s\u0131 yapt\u0131.<\/p>\n<p style=\"text-align: justify;\"><strong>\u015eikede de yemin krizinde de sinyali vermi\u015fti\u00a0<\/strong><\/p>\n<p style=\"text-align: justify;\">AK Parti, vetolu yasay\u0131 Meclis\u2019ten ayen ge\u00e7irme karar\u0131n\u0131 d\u00fcn resmen ilan ederken, bu konuda ilk sinyal \u00f6nceki g\u00fcn AK Parti Grup Ba\u015fkanvekili Mustafa Elita\u015f\u2019tan gelmi\u015fti. Elita\u015f \u201cR\u00fczgara do\u011fru hareket etmeyin. Herkes imzas\u0131n\u0131n arkas\u0131nda dursun\u201d diyerek, AK Parti\u2019nin d\u00fczenlemeye ili\u015fkin mutabakatta geri ad\u0131m atmayaca\u011f\u0131 ve G\u00fcl\u2019\u00fcn veto etti\u011fi yasay\u0131 Meclis\u2019ten ge\u00e7irece\u011fi mesaj\u0131n\u0131 vermi\u015fti.<\/p>\n<p style=\"text-align: justify;\">Ba\u015fbakan Erdo\u011fan\u2019\u0131n merakla beklenen bedelli askerlik yasas\u0131n\u0131n i\u00e7eri\u011fini nerede ve ne zaman a\u00e7\u0131klayaca\u011f\u0131n\u0131 \u201cSal\u0131 g\u00fcn\u00fc grupta\u201d diyerek kamuoyuna duyuran isim olmas\u0131yla da tan\u0131nan Elita\u015f, CHP\u2019li milletvekillerinin yemin krizi s\u0131ras\u0131nda dile getirdi\u011fi tehdit ile de kamuoyunun g\u00fcndemine oturmu\u015ftu.<\/p>\n<p style=\"text-align: justify;\">Elita\u015f, CHP\u2019li vekillere \u201cSon tarih 15 Temmuz. Yoksa i\u015f i\u015ften ge\u00e7mi\u015f olacak\u201d diye seslenerek, yemin etmeyen vekiller hakk\u0131nda Anayasa ve \u0130\u00e7t\u00fcz\u00fck\u2019teki devams\u0131zl\u0131k yapt\u0131r\u0131mlar\u0131n\u0131n uygulanaca\u011f\u0131 mesaj\u0131n\u0131 vermi\u015fti. Erdo\u011fan\u2019\u0131n, bu tehdit i\u00e7in \u201cGrup Ba\u015fkanvekilimiz s\u00fcr\u00e7\u00fc lisan etti\u201d a\u00e7\u0131klamas\u0131n\u0131 yapmas\u0131na kar\u015f\u0131n, daha sonra AK Parti yetki kurullar\u0131nda CHP ve BDP\u2019liler i\u00e7in devams\u0131zl\u0131k s\u00fcrecinin ba\u015flat\u0131lmas\u0131 konusunun ele al\u0131nd\u0131\u011f\u0131 ortaya \u00e7\u0131km\u0131\u015f, Elita\u015f\u2019\u0131n \u201ctehditkar\u201d a\u00e7\u0131klamas\u0131n\u0131n \u00fczerinden 1 hafta ge\u00e7meden de, AK Parti ile CHP aras\u0131nda TBMM Ba\u015fkan\u0131 Cemil \u00c7i\u00e7ek\u2019in arabuluculu\u011fuyla ger\u00e7ekle\u015ftirilen g\u00f6r\u00fc\u015fmeler sonucu mutabakat imzalanarak, yemin krizi sona erdirilmi\u015fti.<\/p>\n<p style=\"text-align: justify;\"><strong>AK Parti, Cumhurba\u015fkan\u0131\u2019n\u0131n veto gerek\u00e7elerini ilk kez g\u00f6z ard\u0131 ediyor\u00a0<\/strong><\/p>\n<p style=\"text-align: justify;\">Cumhurba\u015fkan\u0131 G\u00fcl g\u00f6reve geldi\u011finden bu yana ge\u00e7en s\u00fcre i\u00e7inde 4 kez veto yetkisini kulland\u0131. Cumhurba\u015fkanl\u0131\u011f\u0131\u2019n\u0131n ilk iki y\u0131l\u0131nda Elektronik Haberle\u015fme, \u201ckiral\u0131k i\u015f\u00e7i\u201d ele\u015ftirilerine konu olan \u00d6zel istihdam B\u00fcrolar\u0131 ve Yeminli Mali M\u00fc\u015favirler ile ilgili yasalar\u0131 yeniden g\u00f6r\u00fc\u015f\u00fclmek \u00fczere TBMM\u2019ye iade eden G\u00fcl, son olarak \u015fike cezalar\u0131nda indirim \u00f6ng\u00f6ren yasa i\u00e7in \u201cveto\u201d karar\u0131 ald\u0131. AK Parti \u00f6nceki 3 vetoda, G\u00fcl\u2019\u00fcn gerek\u00e7elerini dikkate alm\u0131\u015f, Elektronik Haberle\u015fme Kanunu ile Yeminli Mali M\u00fc\u015favirlik Kanunu\u2019nda veto gerek\u00e7eleri do\u011frultusunda de\u011fi\u015fiklik yaparken, \u00f6zel istihdam b\u00fcrolar\u0131yla ilgili d\u00fczenlemede ise G\u00fcl\u2019\u00fcn itiraz etti\u011fi maddeyi yasa metninden t\u00fcm\u00fcyle \u00e7\u0131kartarak K\u00f6\u015fk ile \u201cinatla\u015fma\u201d yoluna gitmemi\u015fti. 26 Haziran 2009\u2019da kabul edilen \u201c\u0130\u015f Kanunu, \u0130\u015fsizlik Sigortas\u0131 Kanunu ve Sosyal Sigortalar ve Genel Sa\u011fl\u0131k Sigortas\u0131 Kanununda De\u011fi\u015fiklik Yap\u0131lmas\u0131na Dair Kanun\u201d, 9 Temmuz 2009\u2019da Cumhurba\u015fkan\u0131\u2019nca veto edilmi\u015f, 11 A\u011fustos 2009\u2019da vetolu yasay\u0131 yeniden g\u00f6r\u00fc\u015fen TBMM Genel Kurulu, vetolu maddeyi yasa metninden tamamen \u00e7\u0131kart\u0131p, kalan maddeleri aynen benimsemi\u015fti.<\/p>\n<p style=\"text-align: justify;\"><a href=\"http:\/\/haber.gazetevatan.com\/vetolu-yasa-aynen-iade\/415869\/9\/Siyaset\" target=\"_blank\">Kaynak : VATAN Gazetesi<\/a><\/p>\n","protected":false},"excerpt":{"rendered":"<p style=\"text-align: center;\">\n<p style=\"text-align: justify;\">AKP, Cumhurba\u015fkan\u0131 Abdullah G\u00fcl&#8217;\u00fcn veto etti\u011fi bir yasay\u0131 ilk kez K\u00f6\u015fk&#8217;e oldu\u011fu gibi iade ediyor..<\/p>\n<p style=\"text-align: justify;\">AK Parti Grup Ba\u015fkanvekili Nurettin Canikli, \u201cBu d\u00fczenlemenin yap\u0131lmas\u0131 gerekti\u011fine inan\u0131yoruz\u201d dedi, \u201cAK Parti ile K\u00f6\u015fk aras\u0131nda \u00e7atlak\u201d yorumlar\u0131n\u0131 ise reddetti: Herkes herkesle ayn\u0131 d\u00fc\u015f\u00fcnmek zorunda de\u011fil. <\/p>\n","protected":false},"author":1,"featured_media":0,"comment_status":"open","ping_status":"open","sticky":false,"template":"","format":"standard","meta":{"footnotes":""},"categories":[105],"tags":[],"class_list":["post-43745","post","type-post","status-publish","format-standard","hentry","category-gundem","odd"],"_links":{"self":[{"href":"http:\/\/www.korhanyilmaz.com\/index.php?rest_route=\/wp\/v2\/posts\/43745","targetHints":{"allow":["GET"]}}],"collection":[{"href":"http:\/\/www.korhanyilmaz.com\/index.php?rest_route=\/wp\/v2\/posts"}],"about":[{"href":"http:\/\/www.korhanyilmaz.com\/index.php?rest_route=\/wp\/v2\/types\/post"}],"author":[{"embeddable":true,"href":"http:\/\/www.korhanyilmaz.com\/index.php?rest_route=\/wp\/v2\/users\/1"}],"replies":[{"embeddable":true,"href":"http:\/\/www.korhanyilmaz.com\/index.php?rest_route=%2Fwp%2Fv2%2Fcomments&post=43745"}],"version-history":[{"count":0,"href":"http:\/\/www.korhanyilmaz.com\/index.php?rest_route=\/wp\/v2\/posts\/43745\/revisions"}],"wp:attachment":[{"href":"http:\/\/www.korhanyilmaz.com\/index.php?rest_route=%2Fwp%2Fv2%2Fmedia&parent=43745"}],"wp:term":[{"taxonomy":"category","embeddable":true,"href":"http:\/\/www.korhanyilmaz.com\/index.php?rest_route=%2Fwp%2Fv2%2Fcategories&post=43745"},{"taxonomy":"post_tag","embeddable":true,"href":"http:\/\/www.korhanyilmaz.com\/index.php?rest_route=%2Fwp%2Fv2%2Ftags&post=43745"}],"curies":[{"name":"wp","href":"https:\/\/api.w.org\/{rel}","templated":true}]}}