{"id":43740,"date":"2011-12-07T00:03:18","date_gmt":"2011-12-06T22:03:18","guid":{"rendered":"http:\/\/www.korhanyilmaz.com\/?p=43740"},"modified":"2011-12-07T08:01:20","modified_gmt":"2011-12-07T06:01:20","slug":"koramiral-sagdic-icimizden-hainler-cikti","status":"publish","type":"post","link":"http:\/\/www.korhanyilmaz.com\/?p=43740","title":{"rendered":"Koramiral Sa\u011fd\u0131\u00e7: &#8220;\u0130\u00e7imizden hainler \u00e7\u0131kt\u0131&#8221;"},"content":{"rendered":"<p style=\"text-align: justify;\"><a href=\"http:\/\/www.korhanyilmaz.com\/wp-content\/uploads\/2011\/12\/7445.jpg\"  class=\"lightview\"><img loading=\"lazy\" decoding=\"async\" class=\"aligncenter size-full wp-image-43741\" title=\"\" src=\"http:\/\/www.korhanyilmaz.com\/wp-content\/uploads\/2011\/12\/7445.jpg\" alt=\"\" width=\"313\" height=\"206\" \/><\/a><\/p>\n<p style=\"text-align: justify;\">&#8220;Balyoz Plan\u0131&#8221; davas\u0131n\u0131n tutuklu san\u0131klar\u0131ndan Koramiral Kadir Sa\u011fd\u0131\u00e7, &#8220;\u0130\u00e7imizden hainler ve i\u015f birlik\u00e7iler \u00e7\u0131kt\u0131&#8221; dedi. Tutuklu san\u0131klar\u0131ndan emekli Orgeneral \u00c7etin Do\u011fan ise, Ba\u015fbakan Erdo\u011fan&#8217;\u0131n tan\u0131k olarak dinlenmesini talep etti.\u00a0<!--more--><\/p>\n<p style=\"text-align: justify;\">\u0130stanbul 10. A\u011f\u0131r Ceza Mahkemesindeki taleplerin al\u0131nd\u0131\u011f\u0131 duru\u015fmada s\u00f6z alan san\u0131k avukatlar\u0131, dosyadaki delillerin sahte, ses kay\u0131tlar\u0131n\u0131n \u00fcretilmi\u015f ve yasa d\u0131\u015f\u0131 elde edildi\u011fini belirttiler.<\/p>\n<p style=\"text-align: justify;\">Mahkeme Heyeti Ba\u015fkan\u0131 \u00d6mer Diken de sonraki a\u015famalarda delil niteli\u011finde olan ses kay\u0131tlar\u0131 ile belgelerin de\u011ferlendirilece\u011fini, san\u0131klar\u0131n &#8220;Evet bana ait&#8221; ya da &#8220;Bana ait de\u011fil&#8221; \u015feklinde a\u00e7\u0131klama yapabileceklerini s\u00f6yledi.<\/p>\n<p style=\"text-align: justify;\">Bir k\u0131s\u0131m san\u0131klar\u0131n avukat\u0131 Kemal Yener Sara\u00e7o\u011flu da darbe plan\u0131n\u0131n yap\u0131ld\u0131\u011f\u0131 iddia edilen 2002-2003 y\u0131llar\u0131nda bu tip eylemlerden haberdar olabilecek mevki ve g\u00f6revlerde bulunan devlet adam\u0131 ve komutanlar\u0131n, haber alma \u00f6rg\u00fctlerinin istihbarat ve kanaatlerinin, maddi ger\u00e7e\u011fin ortaya \u00e7\u0131kart\u0131lmas\u0131nda \u00f6nemli bir kaynak oldu\u011funu belirtti.<\/p>\n<p style=\"text-align: justify;\"><strong>Vecdi G\u00f6n\u00fcl ve komutanlar tan\u0131k olarak dinlensin\u00a0<\/strong><\/p>\n<p style=\"text-align: justify;\">Bu ki\u015filerin s\u00f6zde darbe planlar\u0131ndan haberdar olmamas\u0131, bu y\u00f6nde kendilerine istihbarat birimleri taraf\u0131ndan bilgi verilmemesinin m\u00fcmk\u00fcn olmad\u0131\u011f\u0131n\u0131 ifade eden Sara\u00e7o\u011flu, 2002-2003 y\u0131llar\u0131nda Genelkurmay Ba\u015fkan\u0131 olarak g\u00f6rev yapan emekli Orgeneral Hilmi \u00d6zk\u00f6k, eski Milli Savunma Bakan\u0131 Vecdi G\u00f6n\u00fcl, eski Kara Kuvvetleri Komutan\u0131 emekli Orgeneral Ayta\u00e7 Yalman, eski Deniz Kuvvetleri Komutan\u0131 emekli Oramiral B\u00fclent Alpkaya, eski Hava Kuvvetleri Komutan\u0131 emekli Orgeneral Cumhur Asparuk&#8217;un tan\u0131k olarak dinlenmesini talep etti.<\/p>\n<p style=\"text-align: justify;\">Avukat Nevzat G\u00fcle\u015fen, m\u00fcvekkilleri olan Ahmet Dikmen, Do\u011fan Uysal ve Onur Uluocak&#8217;\u0131n tahliyesini istedi.<\/p>\n<p style=\"text-align: justify;\">Ayn\u0131 zamanda Deniz Kuvvetleri Komutanl\u0131\u011f\u0131ndan Yarbay r\u00fctbesiyle emekliye ayr\u0131lan avukat G\u00fcle\u015fen, kendi d\u00f6neminde gen\u00e7 r\u00fctbedeki subaylar i\u00e7in tutuklu san\u0131klardan emekli Oramiral \u00d6zden \u00d6rnek&#8217;in efsane komutan oldu\u011funu s\u00f6yledi.<\/p>\n<p style=\"text-align: justify;\">G\u00fcle\u015fen, &#8220;Gen\u00e7 subaylar olarak kendisini \u00f6rnek al\u0131rd\u0131k. \u00d6zden \u00d6rnek&#8217;in vizyonu sayesinde Deniz Kuvvetleri Komutanl\u0131\u011f\u0131 bug\u00fcn kendi gemilerini yap\u0131yor, yurt d\u0131\u015f\u0131na ba\u011f\u0131ml\u0131l\u0131\u011f\u0131n\u0131 yitirmi\u015f durumda&#8221; dedi.<\/p>\n<p style=\"text-align: justify;\"><strong>\u00c7ocuklar\u0131na verdi\u011fi isim\u00a0<\/strong><\/p>\n<p style=\"text-align: justify;\">Tutuklu san\u0131klardan ikiz karde\u015f olan emekli tu\u011famiraller Hasan ve H\u00fcseyin Ho\u015fgit ile 1990-1992 y\u0131llar\u0131 aras\u0131nda g\u00f6rev yapt\u0131\u011f\u0131n\u0131 anlatan G\u00fcle\u015fen, &#8220;Hasan ve H\u00fcseyin Ho\u015fgit komutanlar\u0131md\u0131. Ayn\u0131 gemide g\u00f6rev yapt\u0131m. H\u00fcseyin Ho\u015fgit Fatih gemisinde ikinci komutan, Hasan Ho\u015fgit de Yavuz gemisinde hem ikinci komutan hem de komutand\u0131. Onlarla ya\u015fad\u0131\u011f\u0131m y\u0131llar\u0131n an\u0131s\u0131na ikiz \u00e7ocuklar\u0131ma Fatih ve Yavuz ismini verdim. Ci\u011ferlerine kadar tan\u0131d\u0131\u011f\u0131m bu insanlar\u0131n darbe planlar\u0131yla ilgisi olamayaca\u011f\u0131n\u0131 biliyorum. Deniz Kuvvetlerinde g\u00f6revli olan di\u011fer arkada\u015flar\u0131n da<\/p>\n<p style=\"text-align: justify;\">ci\u011ferlerini bildi\u011fim i\u00e7in b\u00f6yle bir su\u00e7la kendilerini ba\u011fda\u015ft\u0131ram\u0131yorum. Hepsinin tahliyesini istiyorum&#8221; diye konu\u015ftu.<\/p>\n<p style=\"text-align: justify;\">Tutuklu san\u0131klardan Koramiral Kadir Sa\u011fd\u0131\u00e7 ise T\u00fcrk Silahl\u0131 Kuvvetlerinde 40 y\u0131l hizmet verdi\u011fini belirterek, &#8220;Ne mutlu bizlere, me\u011fer bu kadar hizmet yetmezmi\u015f. Me\u011fer T\u00fcrk milletine, bizlerin ba\u011fr\u0131ndan geldi\u011fi bu y\u00fcce millete daha \u00f6denecek vatan borcumuz varm\u0131\u015f&#8221; dedi.<\/p>\n<p style=\"text-align: justify;\">Sa\u011fd\u0131\u00e7, bu salonda olanlara ve ad\u0131 bile unutturulmak istenen y\u00fcce T\u00fcrk milletine seslendi\u011fini ifade ederek, \u015f\u00f6yle devam etti: &#8220;Art\u0131k, \u00fczerimize \u00e7\u00f6kertilmek istenen karanl\u0131klar\u0131 yeniden ayd\u0131nl\u0131\u011fa \u00e7\u0131kartacak son virajlar olan Be\u015fikta\u015f ve Silivri&#8217;deki \u00f6zel yetkili hukuksuzlu\u011fu g\u00f6zler \u00f6n\u00fcne sererek d\u00f6n\u00fcyoruz. \u0130yi ki bu iftiralar\u0131 bize atmaya \u00e7al\u0131\u015ft\u0131lar. Yanl\u0131\u015f hedef se\u00e7tiler. Bak\u0131n, bizler gibi iyi yeti\u015fmi\u015f bir avu\u00e7 temiz insan ailelerinin deste\u011finde m\u00fcfterilerin ve onlardan medet umanlar\u0131n foyalar\u0131n\u0131 ortaya d\u00f6kmeye nas\u0131l yetti.<\/p>\n<p style=\"text-align: justify;\">Yaln\u0131z kald\u0131k, g\u0131rtla\u011f\u0131m\u0131z d\u00fc\u011f\u00fcmlendi. Avukatlar\u0131m\u0131z \u00e7aresiz kald\u0131. Komutanlar\u0131m\u0131z ger\u00e7ekte olmayan hukuka g\u00fcvenmeye \u00e7al\u0131\u015ft\u0131lar, hep yan\u0131ld\u0131lar. Sahte ayd\u0131nlar sustu, sahte kahramanlar i\u00e7ti\u011fi and\u0131 unuttu, i\u00e7imizden hainler ve i\u015f birlik\u00e7iler \u00e7\u0131kt\u0131. 21. y\u00fczy\u0131l\u0131n en g\u00fc\u00e7l\u00fc propaganda arac\u0131 olan bas\u0131n yay\u0131n kurulu\u015flar\u0131 iftiraya arac\u0131l\u0131k etti. \u0130\u015f d\u00fcnyas\u0131 kendi kazanc\u0131 i\u00e7in gerekli olan \u00fclke istikrar\u0131n\u0131n garant\u00f6r\u00fc bizlere ve T\u00fcrk ordusuna g\u00fcndelik \u00e7\u0131karlar\u0131 u\u011fruna s\u0131rt\u0131n\u0131 d\u00f6nd\u00fc. Yetmedi, karanl\u0131\u011f\u0131n s\u00fcrmesi ve kal\u0131c\u0131 olmas\u0131 i\u00e7in baz\u0131 organlar\u0131n yap\u0131s\u0131 de\u011fi\u015ftirildi. Siyaset sustu, askerinin masumiyetine sahip \u00e7\u0131kamad\u0131, yaz\u0131klar olsun.&#8221;<\/p>\n<p style=\"text-align: justify;\">Umutlar\u0131n\u0131 hi\u00e7 kaybetmediklerini, \u00e7\u00fcnk\u00fc hep zor \u015fartlar i\u00e7in yeti\u015ftirildiklerini ifade eden Sa\u011fd\u0131\u00e7, masum olduklar\u0131n\u0131, art\u0131k bunun \u00e7ok daha \u00f6tesinde ma\u011fdur olduklar\u0131n\u0131 dile getirdi.<\/p>\n<p style=\"text-align: justify;\">Sa\u011fd\u0131\u00e7, &#8220;Bana dikkatlice bak\u0131n, yan\u0131mdaki s\u0131ralarda oturanlara bir bak\u0131n, arka s\u0131ralardaki ailelere bir bak\u0131n. Bu insanlarda hi\u00e7 su\u00e7lu y\u00fcz\u00fc var m\u0131? Biz buradan t\u00fcm T\u00fcrkiye&#8217;nin ayd\u0131nl\u0131k y\u00fcz\u00fc olmaya devam ediyoruz, daha da \u00f6tesinde biz b\u00f6lge \u00fclkelerinin ve t\u00fcm d\u00fcnyan\u0131n en ayd\u0131nl\u0131k, ger\u00e7ek nur y\u00fczl\u00fc insanlar\u0131y\u0131z&#8221; diye konu\u015ftu.<\/p>\n<p style=\"text-align: justify;\"><strong>&#8220;Ba\u015fbakan&#8217;\u0131n ifadesine ba\u015fvurulmas\u0131 gerekmektedir&#8221;\u00a0<\/strong><\/p>\n<p style=\"text-align: justify;\">Davan\u0131n tutuklu san\u0131klar\u0131ndan emekli Orgeneral \u00c7etin Do\u011fan ise, &#8220;Maddi ger\u00e7e\u011fin, yani sahte belge \u00fcreten \u00e7etenin ortaya \u00e7\u0131kar\u0131lmas\u0131 i\u00e7in say\u0131n Ba\u015fbakan\u0131n ifadesine ba\u015fvurulmas\u0131 gerekmektedir&#8221; dedi.<\/p>\n<p style=\"text-align: justify;\">Do\u011fan, bu davan\u0131n kurguland\u0131\u011f\u0131n\u0131 ve vatana ihanet su\u00e7unun i\u015flendi\u011fini \u00f6ne s\u00fcrerek, 1. Ordu Komutanl\u0131\u011f\u0131n\u0131n ger\u00e7ek planlar\u0131n\u0131n istenmeyen ki\u015filerin eline ge\u00e7ti\u011fini, bas\u0131nda da yer ald\u0131\u011f\u0131n\u0131 s\u00f6yledi.<\/p>\n<p style=\"text-align: justify;\">Do\u011fan, &#8220;Balyoz Plan\u0131&#8221; davalar\u0131ndaki 365 san\u0131\u011f\u0131n 250&#8217;sinin aktif g\u00f6revde oldu\u011funu, 250 san\u0131\u011f\u0131n 51&#8217;inin general ve amirallerden olu\u015ftu\u011funu ifade ederek, en b\u00fcy\u00fck hasar\u0131n Deniz Kuvvetlerinde meydana geldi\u011fini anlatt\u0131.<\/p>\n<p style=\"text-align: justify;\">Konu\u015fmas\u0131nda taleplerini de s\u0131ralayan Do\u011fan, tespit tutanaklar\u0131 ve fezlekeleri haz\u0131rlayan \u0130stanbul Emniyet M\u00fcd\u00fcrl\u00fc\u011f\u00fc Ter\u00f6rle M\u00fccadele \u015eube M\u00fcd\u00fcr\u00fc iken son olarak g\u00f6rev yeri de\u011fi\u015ftirilen Yurt Atay\u00fcn ve ekibinin ifadesinin al\u0131nmas\u0131n\u0131 istedi.<\/p>\n<p style=\"text-align: justify;\">Do\u011fan, Gazeteciler ve Yazarlar Vakf\u0131nca &#8220;Askeri Vesayet ve Demokrasi&#8221; konusunda bir toplant\u0131n\u0131n 2004&#8217;te yap\u0131ld\u0131\u011f\u0131n\u0131 Taraf gazetesine a\u00e7\u0131klayan Alper G\u00f6rm\u00fc\u015f&#8217;\u00fcn de tan\u0131kl\u0131\u011f\u0131na ba\u015fvurulmas\u0131n\u0131 talep etti.<\/p>\n<p style=\"text-align: justify;\">&#8220;Balyoz Plan\u0131&#8221; iddialar\u0131n\u0131n g\u00fcndeme geldi\u011fi d\u00f6nemde kendisinin de kamuoyunu ayd\u0131nlatmak i\u00e7in, 5-7 Mart 2003 tarihlerinde 1. Ordu&#8217;da icra edilen seminerin ger\u00e7ek y\u00fcz\u00fcn\u00fc ulusal medya organlar\u0131nda anlatmaya \u00e7al\u0131\u015ft\u0131\u011f\u0131n\u0131 s\u00f6yledi.<\/p>\n<p style=\"text-align: justify;\">&#8220;Ba\u015fbakan Erdo\u011fan&#8217;\u0131n kand\u0131r\u0131ld\u0131\u011f\u0131n\u0131&#8221; \u00f6ne s\u00fcren Do\u011fan, &#8220;Bu nedenle maddi ger\u00e7e\u011fin, yani sahte belge \u00fcreten \u00e7etenin ortaya \u00e7\u0131kar\u0131lmas\u0131 i\u00e7in say\u0131n Ba\u015fbakan\u0131n ifadesine ba\u015fvurulmas\u0131 gerekmektedir&#8221; dedi.<\/p>\n<p style=\"text-align: justify;\">&#8220;Balyoz Plan\u0131&#8221; soru\u015fturmas\u0131nda g\u00f6rev yapan savc\u0131lar\u0131n delilleri karartt\u0131\u011f\u0131n\u0131 ve saklad\u0131\u011f\u0131n\u0131, ger\u00e7ekleri \u00e7arp\u0131tt\u0131\u011f\u0131n\u0131 iddia eden Do\u011fan, maddi ger\u00e7e\u011fin ortaya \u00e7\u0131kart\u0131lmas\u0131 a\u00e7\u0131s\u0131ndan bu savc\u0131lar\u0131n duru\u015fmaya \u00e7a\u011fr\u0131larak sorulara cevap vermelerinin sa\u011flanmas\u0131n\u0131 talep etti.<\/p>\n<p style=\"text-align: justify;\">Taleplerin ard\u0131ndan g\u00f6r\u00fc\u015f\u00fcn\u00fc a\u00e7\u0131klayan savc\u0131 Sava\u015f K\u0131rba\u015f, savunmalar\u0131 al\u0131nan tutuksuz san\u0131klar\u0131n duru\u015fmalardan vareste tutulmalar\u0131 y\u00f6n\u00fcndeki talebin kabul edilmesini istedi.<\/p>\n<p style=\"text-align: justify;\">Davada dile getirilen tan\u0131klar\u0131n dinlenilmesi y\u00f6n\u00fcndeki taleplerin kabul\u00fcn\u00fc isteyen K\u0131rba\u015f, tahliye taleplerinin ise reddine karar verilmesini talep etti.<\/p>\n<p style=\"text-align: justify;\"><strong>Tahliye taleplerine ret\u00a0<\/strong><\/p>\n<p style=\"text-align: justify;\">Mahkeme heyeti eski 1. Ordu Komutan\u0131 emekli Orgeneral \u00c7etin Do\u011fan, MHP \u0130stanbul milletvekili emekli Korgeneral Engin Alan, emekli Albay Dursun \u00c7i\u00e7ek ve YA\u015e \u00fcyesi Orgeneral Bilgin Balanl\u0131 da aralar\u0131nda bulundu\u011fu 185 tutuklu san\u0131\u011f\u0131n tahliye taleplerini oy birli\u011fiyle reddetti.<\/p>\n<p style=\"text-align: justify;\">Mahkeme ret karar\u0131nda, san\u0131klar\u0131n \u00fczerlerine at\u0131l\u0131 su\u00e7un vas\u0131f ve mahiyeti, dosyadaki mevcut delillere g\u00f6re kuvvetli su\u00e7 \u015f\u00fcphesini g\u00f6steren olgular\u0131n devam etmesi ve delillerin hen\u00fcz tam olarak toplanamam\u0131\u015f olmas\u0131n\u0131 gerek\u00e7e g\u00f6sterdi.<\/p>\n<p style=\"text-align: justify;\">San\u0131k Ergin Saygun hakk\u0131nda verilen yakalama kararlar\u0131n\u0131n devam\u0131na h\u00fckmeden mahkeme heyeti duru\u015fmay\u0131 5 Ocak 2012 saat 09.30&#8217;a erteledi.<\/p>\n<p style=\"text-align: justify;\"><a href=\"http:\/\/www.cnnturk.com\/2011\/turkiye\/12\/06\/koramiral.sagdic.icimizden.hainler.cikti\/639483.0\/index.html\" target=\"_blank\">Kaynak : CNN T\u00dcRK<\/a><\/p>\n","protected":false},"excerpt":{"rendered":"<p style=\"text-align: justify;\">\n<p style=\"text-align: justify;\">&#8220;Balyoz Plan\u0131&#8221; davas\u0131n\u0131n tutuklu san\u0131klar\u0131ndan Koramiral Kadir Sa\u011fd\u0131\u00e7, &#8220;\u0130\u00e7imizden hainler ve i\u015f birlik\u00e7iler \u00e7\u0131kt\u0131&#8221; dedi. Tutuklu san\u0131klar\u0131ndan emekli Orgeneral \u00c7etin Do\u011fan ise, Ba\u015fbakan Erdo\u011fan&#8217;\u0131n tan\u0131k olarak dinlenmesini talep etti. <\/p>\n","protected":false},"author":1,"featured_media":0,"comment_status":"open","ping_status":"open","sticky":false,"template":"","format":"standard","meta":{"footnotes":""},"categories":[105],"tags":[],"class_list":["post-43740","post","type-post","status-publish","format-standard","hentry","category-gundem","odd"],"_links":{"self":[{"href":"http:\/\/www.korhanyilmaz.com\/index.php?rest_route=\/wp\/v2\/posts\/43740","targetHints":{"allow":["GET"]}}],"collection":[{"href":"http:\/\/www.korhanyilmaz.com\/index.php?rest_route=\/wp\/v2\/posts"}],"about":[{"href":"http:\/\/www.korhanyilmaz.com\/index.php?rest_route=\/wp\/v2\/types\/post"}],"author":[{"embeddable":true,"href":"http:\/\/www.korhanyilmaz.com\/index.php?rest_route=\/wp\/v2\/users\/1"}],"replies":[{"embeddable":true,"href":"http:\/\/www.korhanyilmaz.com\/index.php?rest_route=%2Fwp%2Fv2%2Fcomments&post=43740"}],"version-history":[{"count":0,"href":"http:\/\/www.korhanyilmaz.com\/index.php?rest_route=\/wp\/v2\/posts\/43740\/revisions"}],"wp:attachment":[{"href":"http:\/\/www.korhanyilmaz.com\/index.php?rest_route=%2Fwp%2Fv2%2Fmedia&parent=43740"}],"wp:term":[{"taxonomy":"category","embeddable":true,"href":"http:\/\/www.korhanyilmaz.com\/index.php?rest_route=%2Fwp%2Fv2%2Fcategories&post=43740"},{"taxonomy":"post_tag","embeddable":true,"href":"http:\/\/www.korhanyilmaz.com\/index.php?rest_route=%2Fwp%2Fv2%2Ftags&post=43740"}],"curies":[{"name":"wp","href":"https:\/\/api.w.org\/{rel}","templated":true}]}}