{"id":43736,"date":"2011-12-05T08:45:05","date_gmt":"2011-12-05T06:45:05","guid":{"rendered":"http:\/\/www.korhanyilmaz.com\/?p=43736"},"modified":"2012-12-10T12:24:42","modified_gmt":"2012-12-10T10:24:42","slug":"akpde-bir-seyler-oluyor","status":"publish","type":"post","link":"http:\/\/www.korhanyilmaz.com\/?p=43736","title":{"rendered":"AKP&#8217;de bir \u015feyler oluyor.."},"content":{"rendered":"<div id=\"attachment_43737\" style=\"width: 98px\" class=\"wp-caption alignright\"><img loading=\"lazy\" decoding=\"async\" aria-describedby=\"caption-attachment-43737\" class=\" wp-image-43737   \" title=\"Bar\u0131\u015f Yarkada\u015f - Ger\u00e7ek G\u00fcndem\" src=\"http:\/\/www.korhanyilmaz.com\/wp-content\/uploads\/2011\/12\/7444.jpg\" alt=\"\" width=\"88\" height=\"92\" \/><p id=\"caption-attachment-43737\" class=\"wp-caption-text\">Bar\u0131\u015f Yarkada\u015f<\/p><\/div>\n<p style=\"text-align: justify;\">Ba\u015fbakan Recep Tayyip Erdo\u011fan&#8217;\u0131n Marmara \u00dcniversitesi&#8217;ne ba\u011fl\u0131 bir hastanede &#8220;gizlice&#8221; ameliyat olmas\u0131n\u0131n \u00fczerinden tam on g\u00fcn ge\u00e7ti. Bu on g\u00fcnl\u00fck s\u00fcre i\u00e7inde, Erdo\u011fan&#8217;\u0131 sadece bir ka\u00e7 ki\u015fi g\u00f6rebildi. Bu ki\u015filer Cumhurba\u015fkan\u0131 Abdullah G\u00fcl, Meclis Ba\u015fkan\u0131 Cemil \u00c7i\u00e7ek ve ABD Ba\u015fkan Yard\u0131mc\u0131s\u0131 Joe Biden&#8217;di.<\/p>\n<p style=\"text-align: justify;\">Joe Biden&#8217;in Erdo\u011fan&#8217;\u0131 K\u0131s\u0131kl\u0131&#8217;daki evinde ziyaret edece\u011finin a\u00e7\u0131klanmas\u0131na ra\u011fmen, ABD Gizli Servisi&#8217;nin hastane \u00e7evresinde &#8221;ke\u015fif&#8221; yapmas\u0131 dikkatlerden ka\u00e7mad\u0131. Gizli Servis&#8217;in ameliyat\u0131n ger\u00e7ekle\u015fti\u011fi hastane ile \u00e7evresinin foto\u011fraf\u0131n\u0131 \u00e7ekmesi, &#8220;Erdo\u011fan acaba hala hastanede mi?&#8221; ku\u015fkusunu uyand\u0131rd\u0131.\u00a0<!--more--><\/p>\n<p style=\"text-align: justify;\">Bu sorunun cevab\u0131n\u0131 san\u0131r\u0131z sadece ABD ve Erdo\u011fan biliyor&#8230; Kim bilir; belki bir g\u00fcn &#8220;yeni wikileaks&#8221; belgelerinde bu sorular\u0131n cevaplar\u0131n\u0131 bulabiliriz.<\/p>\n<p style=\"text-align: justify;\">Ancak g\u00f6r\u00fcnen o ki; bu soru kadar \u00f6nemli olan bir ba\u015fka ger\u00e7ek daha var: Ba\u015fbakan Erdo\u011fan, pazartesi g\u00fcn\u00fc yap\u0131lmas\u0131 gereken Bakanlar Kurulu&#8217;na yine kat\u0131lam\u0131yor. Erdo\u011fan&#8217;\u0131n \u00e7evresi her ne kadar &#8220;Ba\u015fbakan\u0131m\u0131z turp gibi&#8221; dese de bunun ger\u00e7ek olmad\u0131\u011f\u0131 anla\u015f\u0131l\u0131yor. Medya, korktu\u011fu i\u00e7in Ba\u015fbakan&#8217;\u0131n kamuyu ilgilendiren sa\u011fl\u0131k sorununa ili\u015fkin herhangi bir haber yapam\u0131yor. Bu y\u00fczden, Ba\u015fbakanl\u0131k kaynakl\u0131 haberler &#8220;mutlak do\u011fru&#8221; olarak kabul ediliyor. Oysa; Erdo\u011fan&#8217;\u0131n pazartesi g\u00fcn\u00fc yap\u0131lmas\u0131 gereken Bakanlar Kurulu&#8217;na Y\u0130NE kat\u0131lamamas\u0131 &#8220;i\u015flerin yolunda gitmedi\u011fi&#8221;ni g\u00f6steriyor.<\/p>\n<p style=\"text-align: justify;\">Bu ger\u00e7ek; Cumhurba\u015fkan\u0131 Abdullah G\u00fcl ile Ba\u015fbakan Yard\u0131mc\u0131s\u0131 B\u00fclent Ar\u0131n\u00e7&#8217;\u0131n yapt\u0131\u011f\u0131 \u00e7\u0131k\u0131\u015flarla da g\u00f6r\u00fcl\u00fcyor. Cumhurba\u015fkan\u0131 G\u00fcl, Fethullah G\u00fclen Cemaati&#8217;nin iste\u011fi \u00fczerine, \u015fike yasas\u0131n\u0131 &#8216;veto&#8217; ediyor. Ar\u0131n\u00e7, bizzat Ba\u015fbakan Erdo\u011fan taraf\u0131ndan haz\u0131rlat\u0131lan Yeni \u015eike Yasas\u0131&#8217;na hen\u00fcz tasar\u0131 a\u015famas\u0131ndayken kar\u015f\u0131 \u00e7\u0131k\u0131yor. Ayn\u0131 Ar\u0131n\u00e7, yasa \u00c7ankaya&#8217;dan d\u00f6nd\u00fckten bir g\u00fcn sonra Bursa&#8217;da ilgin\u00e7 bir konu\u015fma yap\u0131yor. Ar\u0131n\u00e7, &#8220;Ben Tayyip Erdo\u011fan&#8217;a bile biat etmedim&#8221; diyor.<\/p>\n<p style=\"text-align: justify;\">Medyam\u0131z, AKP&#8217;ye ili\u015fkin &#8220;i\u00e7 \u00e7at\u0131\u015fma&#8221; haberlerini vermekten korktu\u011fu i\u00e7in bu s\u00f6zler arada kaynay\u0131p gidiyor. Oysa; AKP&#8217;nin i\u00e7ten i\u00e7e kaynad\u0131\u011f\u0131 ve bu kaynaman\u0131n art\u0131k &#8220;ta\u015fma noktas\u0131&#8221;na geldi\u011fi g\u00f6r\u00fcl\u00fcyor. Zira; Ba\u015fbakan Erdo\u011fan&#8217;\u0131n hastal\u0131\u011f\u0131ndan cesaret alanlar, i\u00e7lerinde y\u0131llard\u0131r ta\u015f\u0131d\u0131klar\u0131 kompleksleri d\u0131\u015far\u0131 vurmaya ba\u015fl\u0131yor. Ar\u0131n\u00e7, hep arka planda kald\u0131\u011f\u0131 i\u00e7in, art\u0131k s\u0131ran\u0131n kendisine gelmesi gerekti\u011fini d\u00fc\u015f\u00fcn\u00fcyor. Bu y\u00fczden, &#8220;Ben biat etmedim&#8221; diyor. G\u00fcl ise, Erdo\u011fan&#8217;a en b\u00fcy\u00fck gol\u00fc, s\u0131rt\u0131n\u0131 Fethullah\u00e7\u0131lara yaslayarak at\u0131yor. Fethullah G\u00fclen&#8217;in Ba\u015fbakan Erdo\u011fan&#8217;a hen\u00fcz bir &#8220;ge\u00e7mi\u015f olsun&#8221; mesaj\u0131 yollamam\u0131\u015f olmas\u0131 da dikkatlerden ka\u00e7m\u0131yor.<\/p>\n<p style=\"text-align: justify;\">Bu ba\u011flamda, en ilgin\u00e7 geli\u015fmelerden biri ise ortaya \u00e7\u0131kan bir anket&#8230; Cumhuriyet Gazetesi Ankara Temsilcisi Utku \u00c7ak\u0131r\u00f6zer, ABD&#8217;li bir kurulu\u015fun yapt\u0131\u011f\u0131 anketi yay\u0131mlayarak, &#8220;Erdo\u011fan sonras\u0131 hesaplar&#8221;a bir projeksiyon tutuyor. Ankete g\u00f6re, se\u00e7menler &#8220;Erdo\u011fans\u0131z bir AKP&#8217;ye ilgi g\u00f6stermiyor.&#8221; Se\u00e7menlerin y\u00fczde 48&#8217;i &#8220;Erdo\u011fan olmazsa AKP&#8217;ye oy vermem&#8221; diyor.<\/p>\n<p style=\"text-align: justify;\">Anketin bir &#8211; iki ay \u00f6nce haz\u0131rlanmas\u0131; bu anketin hemen ard\u0131ndan Erdo\u011fan&#8217;\u0131n ameliyat olmas\u0131 ise manidar&#8230; Anket, &#8220;Erdo\u011fan K\u00f6\u015fk&#8217;e \u00e7\u0131karsa kimi tercih edersiniz?&#8221; minvalinde yap\u0131lm\u0131\u015f. Ancak; ortaya \u00e7\u0131kan sonu\u00e7, AKP a\u00e7\u0131s\u0131ndan &#8220;i\u00e7 karart\u0131c\u0131&#8221; olarak g\u00f6r\u00fcn\u00fcyor. Se\u00e7menin, Erdo\u011fans\u0131z bir AKP&#8217;yi tercih etmeyece\u011fi a\u00e7\u0131k\u00e7a g\u00f6r\u00fcl\u00fcyor.<\/p>\n<p style=\"text-align: justify;\">Ba\u015fbakan Recep Tayyip Erdo\u011fan&#8217;\u0131n sa\u011fl\u0131k durumunun hangi a\u015famada oldu\u011funu bilmiyoruz. Bu ba\u011flamda, sadece Ar\u0131n\u00e7 ve G\u00fcl&#8217;\u00fcn yapt\u0131\u011f\u0131 \u00e7\u0131k\u0131\u015flar \u00fczerinden yorum yapabiliyoruz. Ancak g\u00f6r\u00fcnen o ki; AKP t\u00fcz\u00fc\u011f\u00fcne g\u00f6re, bir sonraki d\u00f6nemde vekil olamayacak olan Ar\u0131n\u00e7 da G\u00fcl de Erdo\u011fan&#8217;la sorun ya\u015f\u0131yor. G\u00fcl&#8217;\u00fcn yak\u0131n \u00e7evresine Erdo\u011fan&#8217;\u0131n baz\u0131 uygulamalar\u0131 hakk\u0131nda dert yand\u0131\u011f\u0131 Ankara&#8217;da a\u00e7\u0131k\u00e7a konu\u015fuluyor.<\/p>\n<p style=\"text-align: justify;\">AKP, medyan\u0131n neredeyse tamam\u0131n\u0131 kontrol alt\u0131nda tutu\u011fu i\u00e7in, iktidar partisi i\u00e7indeki &#8221;\u00e7atlak&#8221; su y\u00fcz\u00fcne \u00e7\u0131km\u0131yor. Oysa ki; G\u00fcl&#8217;\u00fcn Ba\u015fbakan Erdo\u011fan&#8217;a ra\u011fmen \u015fike yasas\u0131n\u0131 veto etmesi, \u00e7ok \u00f6nemli bir geli\u015fmedir. Hen\u00fcz alt\u0131 ay \u00f6nce imzalad\u0131\u011f\u0131 bir yasay\u0131, alt\u0131 ay sonra be\u011fenmeyen G\u00fcl&#8217;\u00fcn i\u00e7ine d\u00fc\u015ft\u00fc\u011f\u00fc \u00e7eli\u015fki, basit de\u011fildir. Medya, G\u00fcl&#8217;e bu \u00e7eli\u015fkiyi hat\u0131rlatacak mecalden bile yoksun&#8230; Bu y\u00fczden, toplum geli\u015fmeleri tek tarafl\u0131 g\u00f6r\u00fcyor ve analiz edemiyor. Haf\u0131zalar tazelenmedi\u011fi i\u00e7in, G\u00fcl ile Erdo\u011fan&#8217;\u0131n i\u00e7ine d\u00fc\u015ft\u00fckleri g\u00f6r\u00fc\u015f ayr\u0131l\u0131\u011f\u0131 g\u00f6zlerden ka\u00e7\u0131r\u0131l\u0131yor.<\/p>\n<p style=\"text-align: justify;\">B\u00fct\u00fcn bu olan biten; &#8220;Tek Adam Hakimiyeti&#8221;nin art\u0131k AKP i\u00e7inde de s\u0131k\u0131nt\u0131ya yol a\u00e7t\u0131\u011f\u0131n\u0131 g\u00f6steriyor. Ar\u0131n\u00e7 ve G\u00fcl, Erdo\u011fan&#8217;\u0131n kontrols\u00fcz bir \u015fekilde b\u00fcy\u00fcmesinden ve t\u00fcm g\u00fcc\u00fc kendisinde toplamas\u0131ndan rahats\u0131z&#8230; Erdo\u011fan&#8217;\u0131n yeni anayasada ba\u015fkanl\u0131k modelini istedi\u011fi, bu olmazsa K\u00f6\u015fk&#8217;e \u00e7\u0131kmay\u0131 planlad\u0131\u011f\u0131 biliniyor. \u015eu an i\u00e7in, Erdo\u011fan&#8217;\u0131n \u00f6n\u00fcnde durabilecek bir g\u00fc\u00e7 de g\u00f6r\u00fcnm\u00fcyor. Erdo\u011fan&#8217;\u0131n K\u00f6\u015fk&#8217;e \u00e7\u0131kmas\u0131n\u0131n AKP&#8217;nin g\u00fc\u00e7ten d\u00fc\u015fmesi, G\u00fcl ve Ar\u0131n\u00e7&#8217;\u0131n ise siyasette etkili olamamas\u0131 anlam\u0131na geldi\u011fi biliniyor. Bu y\u00fczden, &#8220;\u015fike yasas\u0131&#8221; G\u00fcl ve Ar\u0131n\u00e7&#8217;\u0131 ittifak haline getiriyor. Erdo\u011fan ise, G\u00fclen Cemaati&#8217;yle aras\u0131na mesafe koyup T\u00fcrk Silahl\u0131 Kuvvetleri&#8217;ne yakla\u015f\u0131yor. &#8220;Demokrasiden uzakla\u015f\u0131rs\u0131n, stat\u00fckoya teslim olursun&#8221; s\u00f6zlerine ise kulak asm\u0131yor, asmamaya da kararl\u0131&#8230;<\/p>\n<p style=\"text-align: justify;\">Anlayaca\u011f\u0131n\u0131z, sadece CHP de\u011fil, AKP kazan\u0131 da kayn\u0131yor. Medya \u015fimdilik olan biteni g\u00f6rmezden gelse de \u00f6n\u00fcm\u00fczdeki g\u00fcnlerde yazmak zorunda kalacak. \u00c7\u00fcnk\u00fc; \u00f6zelikle \u0130MKB&#8217;deki cemaat etkisinin azalt\u0131lmas\u0131 i\u00e7in Ali Babacan&#8217;\u0131n bu operasyonda bizzat Erdo\u011fan taraf\u0131ndan g\u00f6revlendirilmesi, &#8220;AKP \u0130ttifak\u0131&#8221;n\u0131 olu\u015fturan \u00e7evrelerdeki rahats\u0131zl\u0131\u011f\u0131 daha da art\u0131racak. Erdo\u011fan&#8217;\u0131n g\u00fcc\u00fc ve yetkiyi kimseyle payla\u015fmak istemedi\u011fi bilinen bir ger\u00e7ek&#8230; Erdo\u011fan, AKP&#8217;nin y\u00fczde ellilik oyunun yar\u0131s\u0131ndan fazlas\u0131n\u0131 &#8220;tek ba\u015f\u0131na&#8221; ald\u0131\u011f\u0131n\u0131 biliyor. Ve bu g\u00fcc\u00fc kimseyle payla\u015fmaya niyeti de yok&#8230; Bu, Fethullah G\u00fclen, Cumhurba\u015fkan\u0131 Abdullah G\u00fcl ve Ar\u0131n\u00e7 i\u00e7in de ge\u00e7erli bir ger\u00e7ek&#8230;<\/p>\n<p style=\"text-align: justify;\">AKP&#8217;yi izlemeye devam edin&#8230;<\/p>\n<p style=\"text-align: justify;\">\u00d6zellikle de y\u0131llardan bu yana hep geri planda kald\u0131\u011f\u0131n\u0131 ve hakk\u0131n\u0131n yendi\u011fini d\u00fc\u015f\u00fcnen Ar\u0131n\u00e7&#8217;\u0131&#8230;<\/p>\n<p style=\"text-align: justify;\"><a href=\"http:\/\/www.gercekgundem.com\/?c=68093\" target=\"_blank\">Kaynak : Ger\u00e7ek G\u00fcndem<\/a><\/p>\n","protected":false},"excerpt":{"rendered":"<p id=\"caption-attachment-43737\" class=\"wp-caption-text\">Bar\u0131\u015f Yarkada\u015f<\/p>\n<p style=\"text-align: justify;\">Ba\u015fbakan Recep Tayyip Erdo\u011fan&#8217;\u0131n Marmara \u00dcniversitesi&#8217;ne ba\u011fl\u0131 bir hastanede &#8220;gizlice&#8221; ameliyat olmas\u0131n\u0131n \u00fczerinden tam on g\u00fcn ge\u00e7ti. Bu on g\u00fcnl\u00fck s\u00fcre i\u00e7inde, Erdo\u011fan&#8217;\u0131 sadece bir ka\u00e7 ki\u015fi g\u00f6rebildi. Bu ki\u015filer Cumhurba\u015fkan\u0131 Abdullah G\u00fcl, Meclis Ba\u015fkan\u0131 Cemil \u00c7i\u00e7ek ve ABD Ba\u015fkan Yard\u0131mc\u0131s\u0131 Joe Biden&#8217;di.<\/p>\n<p style=\"text-align: justify;\">Joe Biden&#8217;in Erdo\u011fan&#8217;\u0131 K\u0131s\u0131kl\u0131&#8217;daki <\/p>\n","protected":false},"author":1,"featured_media":0,"comment_status":"open","ping_status":"open","sticky":false,"template":"","format":"standard","meta":{"footnotes":""},"categories":[16],"tags":[534],"class_list":["post-43736","post","type-post","status-publish","format-standard","hentry","category-kose-yazilari","tag-baris-yarkadas","odd"],"_links":{"self":[{"href":"http:\/\/www.korhanyilmaz.com\/index.php?rest_route=\/wp\/v2\/posts\/43736","targetHints":{"allow":["GET"]}}],"collection":[{"href":"http:\/\/www.korhanyilmaz.com\/index.php?rest_route=\/wp\/v2\/posts"}],"about":[{"href":"http:\/\/www.korhanyilmaz.com\/index.php?rest_route=\/wp\/v2\/types\/post"}],"author":[{"embeddable":true,"href":"http:\/\/www.korhanyilmaz.com\/index.php?rest_route=\/wp\/v2\/users\/1"}],"replies":[{"embeddable":true,"href":"http:\/\/www.korhanyilmaz.com\/index.php?rest_route=%2Fwp%2Fv2%2Fcomments&post=43736"}],"version-history":[{"count":0,"href":"http:\/\/www.korhanyilmaz.com\/index.php?rest_route=\/wp\/v2\/posts\/43736\/revisions"}],"wp:attachment":[{"href":"http:\/\/www.korhanyilmaz.com\/index.php?rest_route=%2Fwp%2Fv2%2Fmedia&parent=43736"}],"wp:term":[{"taxonomy":"category","embeddable":true,"href":"http:\/\/www.korhanyilmaz.com\/index.php?rest_route=%2Fwp%2Fv2%2Fcategories&post=43736"},{"taxonomy":"post_tag","embeddable":true,"href":"http:\/\/www.korhanyilmaz.com\/index.php?rest_route=%2Fwp%2Fv2%2Ftags&post=43736"}],"curies":[{"name":"wp","href":"https:\/\/api.w.org\/{rel}","templated":true}]}}